{"id":21337,"date":"2019-11-08T07:00:00","date_gmt":"2019-11-08T06:00:00","guid":{"rendered":"https:\/\/www.opinionpublica.tv\/portada\/2019\/11\/08\/lopez-obrador-defiende-eleccion-de-titular-de-la-cndh-no-queremos-achichincles\/"},"modified":"2019-11-08T07:00:00","modified_gmt":"2019-11-08T06:00:00","slug":"lopez-obrador-defiende-eleccion-de-titular-de-la-cndh-no-queremos-achichincles","status":"publish","type":"post","link":"https:\/\/www.opinionpublica.tv\/portada\/lopez-obrador-defiende-eleccion-de-titular-de-la-cndh-no-queremos-achichincles\/","title":{"rendered":"L\u00f3pez Obrador defiende elecci\u00f3n de titular de la CNDH: \u2018no queremos achichincles\u2019"},"content":{"rendered":"<p><img fetchpriority=\"high\" decoding=\"async\" class=\" size-full wp-image-21336\" src=\"https:\/\/www.opinionpublica.tv\/portada\/wp-content\/uploads\/2019\/11\/1d825b6e43723b97adb2de1bada2755d.jpg\" alt=\"\" class=\"caption\" title=\"Andr\u00e9s Manuel L\u00f3pez Obrador, presidente de M\u00e9xico y Rosario Piedra Ibarra.\" width=\"620\" height=\"414\" srcset=\"https:\/\/www.opinionpublica.tv\/portada\/wp-content\/uploads\/2019\/11\/1d825b6e43723b97adb2de1bada2755d.jpg 620w, https:\/\/www.opinionpublica.tv\/portada\/wp-content\/uploads\/2019\/11\/1d825b6e43723b97adb2de1bada2755d-300x200.jpg 300w\" sizes=\"(max-width: 620px) 100vw, 620px\" \/><br \/>\n<!--more--><\/p>\n<p style=\"text-align: justify;\"><em>Ciudad de M\u00e9xico<\/em>.- El presidente de M\u00e9xico, Andr\u00e9s Manuel L\u00f3pez Obrador, se\u00f1al\u00f3 que ve bien la designaci\u00f3n que hizo el Senado de la Rep\u00fablica de Rosario Piedra Ibarra como titular de la Comisi\u00f3n Nacional de Derechos Humanos.<\/p>\n<p style=\"text-align: justify;\">\u201cLo veo bien, es una mujer que padece por la desaparici\u00f3n de su hermano, hija de do\u00f1a Rosario Ibarra de Piedra. Son aut\u00e9nticas defensoras de derechos humanos y abre la posibilidad de que la CNDH deje de ser una pantalla, alcahuete y se profundice en las investigaciones, se termine con la impunidad y le d\u00e9 respuesta a los familiares de esta decisi\u00f3n\u201d, aplaudi\u00f3 el mandatario mexicano.<\/p>\n<p style=\"text-align: justify;\">\u201cQue sean independientes, no queremos achichincles, ni funcionarios serviles\u201c, remat\u00f3.<\/p>\n<p style=\"text-align: justify;\">La designaci\u00f3n de Piedra Ibarra despert\u00f3 pol\u00e9mica, debido a que hay denuncias de los partidos de oposici\u00f3n acerca de \u201cun presunto fraude en las votaciones\u201d.<\/p>\n<p style=\"text-align: justify;\">\u201cEs normal que los conservadores no quieran que esto suceda (la designaci\u00f3n de Rosario Piedra), ellos quisieran tener ah\u00ed a gente disciplinada, a modo, como ha sucedido en el periodo neoliberal. Puro especialista, experto, doctores, graduados en universidades famosas de M\u00e9xico y del extranjero, que se distingu\u00edan por cobrar bastante por su especialidad, profesionalismo, ten\u00edan que recibir muy buenos sueldos, pero al mismo tiempo, siempre guardaban un silencio c\u00f3mplice, encubr\u00edan, nada se sab\u00eda, a nadie se castigaba\u201d, denunci\u00f3 L\u00f3pez Obrador.<\/p>\n<p style=\"text-align: justify;\">Por Agencias\u00a0|\u00a011:45 am\u00a08 noviembre, 2019<\/p>\n<p style=\"text-align: justify;\">El presidente de M\u00e9xico, Andr\u00e9s Manuel L\u00f3pez Obrador, se\u00f1al\u00f3 que ve bien la designaci\u00f3n que hizo el Senado de la Rep\u00fablica de Rosario Piedra Ibarra como titular de la Comisi\u00f3n Nacional de Derechos Humanos, public\u00f3\u00a0<a href=\"https:\/\/www.forbes.com.mx\/con-rosario-piedra-la-cndh-no-sera-alcahuete-ni-achichincle-defiende-amlo\/\">Forbes M\u00e9xico<\/a>.<\/p>\n<p style=\"text-align: justify;\">\u201cLo veo bien, es una mujer que padece por la desaparici\u00f3n de su hermano, hija de do\u00f1a Rosario Ibarra de Piedra. Son aut\u00e9nticas defensoras de derechos humanos y abre la posibilidad de que la CNDH deje de ser una pantalla, alcahuete y se profundice en las investigaciones, se termine con la impunidad y le d\u00e9 respuesta a los familiares de esta decisi\u00f3n\u201d, aplaudi\u00f3 el mandatario mexicano.<\/p>\n<p style=\"text-align: justify;\">\u201cQue sean independientes, no queremos achichincles, ni funcionarios serviles\u201c, remat\u00f3.<\/p>\n<p style=\"text-align: justify;\">La designaci\u00f3n de Piedra Ibarra despert\u00f3 pol\u00e9mica, debido a que hay denuncias de los partidos de oposici\u00f3n acerca de \u201cun presunto fraude en las votaciones\u201d.<\/p>\n<p style=\"text-align: justify;\">\u201cEs normal que los conservadores no quieran que esto suceda (la designaci\u00f3n de Rosario Piedra), ellos quisieran tener ah\u00ed a gente disciplinada, a modo, como ha sucedido en el periodo neoliberal. Puro especialista, experto, doctores, graduados en universidades famosas de M\u00e9xico y del extranjero, que se distingu\u00edan por cobrar bastante por su especialidad, profesionalismo, ten\u00edan que recibir muy buenos sueldos, pero al mismo tiempo, siempre guardaban un silencio c\u00f3mplice, encubr\u00edan, nada se sab\u00eda, a nadie se castigaba\u201d, denunci\u00f3 L\u00f3pez Obrador.<\/p>\n<p style=\"text-align: justify;\">Incluso, el presidente atiz\u00f3 a los anteriores dirigentes de la CNDH, porque \u201cantes se callaban, enviaban una recomendaci\u00f3n y cumpl\u00edan con el tr\u00e1mite\u201d<\/p>\n<p style=\"text-align: justify;\">\u201cCrearon organismo para simular de que no iba a haber opacidad. Por ejemplo, mil millones de pesos cuesta mantener el Instituto de la Transparencia y d\u00edganme de un caso que haya resuelto: se estrenaron con Fox, declarando que no se pod\u00eda dar a conocer los nombres de los beneficiados con las condonaciones de impuestos, luego el caso de Obredecht, llegaron a declarar que era informaci\u00f3n reservada. En el caso de la CNDH, ay\u00fadenme a recordar algo en donde su intervenci\u00f3n haya ayudado a esclarecer algo grave a los derechos humanos\u201d, dijo en AMLO en su conferencia de prensa matutina. (Forbes)<\/p>\n","protected":false},"excerpt":{"rendered":"","protected":false},"author":6,"featured_media":21336,"comment_status":"open","ping_status":"open","sticky":false,"template":"","format":"standard","meta":{"_acf_changed":false,"_monsterinsights_skip_tracking":false,"slim_seo":{"title":"L\u00f3pez Obrador defiende elecci\u00f3n de titular de la CNDH: \u2018no queremos achichincles\u2019 - Opini\u00f3n P\u00fablica","description":"Ciudad de M\u00e9xico .- El presidente de M\u00e9xico, Andr\u00e9s Manuel L\u00f3pez Obrador, se\u00f1al\u00f3 que ve bien la designaci\u00f3n que hizo el Senado de la Rep\u00fablica de Rosario Piedra"},"footnotes":""},"categories":[3],"tags":[],"class_list":["post-21337","post","type-post","status-publish","format-standard","has-post-thumbnail","hentry","category-principal"],"acf":[],"_links":{"self":[{"href":"https:\/\/www.opinionpublica.tv\/portada\/wp-json\/wp\/v2\/posts\/21337","targetHints":{"allow":["GET"]}}],"collection":[{"href":"https:\/\/www.opinionpublica.tv\/portada\/wp-json\/wp\/v2\/posts"}],"about":[{"href":"https:\/\/www.opinionpublica.tv\/portada\/wp-json\/wp\/v2\/types\/post"}],"author":[{"embeddable":true,"href":"https:\/\/www.opinionpublica.tv\/portada\/wp-json\/wp\/v2\/users\/6"}],"replies":[{"embeddable":true,"href":"https:\/\/www.opinionpublica.tv\/portada\/wp-json\/wp\/v2\/comments?post=21337"}],"version-history":[{"count":0,"href":"https:\/\/www.opinionpublica.tv\/portada\/wp-json\/wp\/v2\/posts\/21337\/revisions"}],"wp:featuredmedia":[{"embeddable":true,"href":"https:\/\/www.opinionpublica.tv\/portada\/wp-json\/wp\/v2\/media\/21336"}],"wp:attachment":[{"href":"https:\/\/www.opinionpublica.tv\/portada\/wp-json\/wp\/v2\/media?parent=21337"}],"wp:term":[{"taxonomy":"category","embeddable":true,"href":"https:\/\/www.opinionpublica.tv\/portada\/wp-json\/wp\/v2\/categories?post=21337"},{"taxonomy":"post_tag","embeddable":true,"href":"https:\/\/www.opinionpublica.tv\/portada\/wp-json\/wp\/v2\/tags?post=21337"}],"curies":[{"name":"wp","href":"https:\/\/api.w.org\/{rel}","templated":true}]}}