{"id":21335,"date":"2019-11-08T07:00:00","date_gmt":"2019-11-08T06:00:00","guid":{"rendered":"https:\/\/www.opinionpublica.tv\/portada\/2019\/11\/08\/ademas-de-cancer-fumar-provoca-esquizofrenia-y-depresion\/"},"modified":"2019-11-08T07:00:00","modified_gmt":"2019-11-08T06:00:00","slug":"ademas-de-cancer-fumar-provoca-esquizofrenia-y-depresion","status":"publish","type":"post","link":"https:\/\/www.opinionpublica.tv\/portada\/ademas-de-cancer-fumar-provoca-esquizofrenia-y-depresion\/","title":{"rendered":"Adem\u00e1s de c\u00e1ncer, fumar provoca esquizofrenia y depresi\u00f3n"},"content":{"rendered":"<p><img fetchpriority=\"high\" decoding=\"async\" class=\" size-full wp-image-21334\" src=\"https:\/\/www.opinionpublica.tv\/portada\/wp-content\/uploads\/2019\/11\/5ecdf5628034a6781031c5c99a7b98de.jpg\" alt=\"\" class=\"caption\" title=\"Fumar causa c\u00e1ncer y otros da\u00f1os graves a la salud.\" width=\"975\" height=\"475\" srcset=\"https:\/\/www.opinionpublica.tv\/portada\/wp-content\/uploads\/2019\/11\/5ecdf5628034a6781031c5c99a7b98de.jpg 975w, https:\/\/www.opinionpublica.tv\/portada\/wp-content\/uploads\/2019\/11\/5ecdf5628034a6781031c5c99a7b98de-300x146.jpg 300w, https:\/\/www.opinionpublica.tv\/portada\/wp-content\/uploads\/2019\/11\/5ecdf5628034a6781031c5c99a7b98de-768x374.jpg 768w\" sizes=\"(max-width: 975px) 100vw, 975px\" \/><br \/>\n<!--more--><\/p>\n<p style=\"text-align: justify;\"><em>Londres<\/em>.- Fumar tabaco aumenta el riesgo de desarrollar enfermedades mentales, como la esquizofrenia y la depresi\u00f3n, seg\u00fan revel\u00f3 un estudio realizado por un grupo de cient\u00edficos de la Universidad de Bristol (Reino Unido).<\/p>\n<p style=\"text-align: justify;\">Los investigadores brit\u00e1nicos analizaron los datos del Biobanco del Reino Unido de casi medio mill\u00f3n de individuos de entre 40 y 69 a\u00f1os y\u00a0descubrieron que los fumadores se vuelven esquizofr\u00e9nicos y sufren depresi\u00f3n\u00a0m\u00e1s a menudo que los que no fuman.<\/p>\n<p style=\"text-align: justify;\">Los\u00a0resultados fueron consistentes\u00a0tanto en casos de tabaquismo de larga duraci\u00f3n como en los de nuevos fumadores, seg\u00fan el estudio publicado en la revista Psychological Medicine.<\/p>\n<p style=\"text-align: justify;\">Los investigadores encontraron tambi\u00e9n evidencias de que la predisposici\u00f3n gen\u00e9tica a la depresi\u00f3n aumenta a su vez el tabaquismo, pero su trabajo se enfoca principalmente en los efectos perjudiciales que provoca el h\u00e1bito de fumar en la salud mental.<\/p>\n<p style=\"text-align: justify;\">Seg\u00fan la investigaci\u00f3n,\u00a0fumar es el mayor factor individual que contribuye a una reducci\u00f3n de entre 10 y 20 a\u00f1os de la expectativa de vida\u00a0entre las personas con trastornos mentales.<\/p>\n<p style=\"text-align: justify;\">Los autores del estudio alertaron que la nicotina obstaculiza los receptores de dopamina y serotonina en el cerebro. La dopamina es un qu\u00edmico natural que regula las emociones, mientras que la serotonina, conocida como la hormona de la felicidad, contribuye al sentido de bienestar.<\/p>\n<p style=\"text-align: justify;\">Una falla en este sistema puede causar el desarrollo de trastornos mentales.<\/p>\n<p style=\"text-align: justify;\">El estudio pone de relieve la necesidad de reducir la prevalencia del tabaquismo no solo para prevenir enfermedades f\u00edsicas, sino tambi\u00e9n para reducir las mentales. (Exc\u00e9lsior)<\/p>\n","protected":false},"excerpt":{"rendered":"","protected":false},"author":6,"featured_media":21334,"comment_status":"open","ping_status":"open","sticky":false,"template":"","format":"standard","meta":{"_acf_changed":false,"_monsterinsights_skip_tracking":false,"slim_seo":{"title":"Adem\u00e1s de c\u00e1ncer, fumar provoca esquizofrenia y depresi\u00f3n - Opini\u00f3n P\u00fablica","description":"Londres .- Fumar tabaco aumenta el riesgo de desarrollar enfermedades mentales, como la esquizofrenia y la depresi\u00f3n, seg\u00fan revel\u00f3 un estudio realizado por un g"},"footnotes":""},"categories":[28],"tags":[],"class_list":["post-21335","post","type-post","status-publish","format-standard","has-post-thumbnail","hentry","category-bienestar-salud"],"acf":[],"_links":{"self":[{"href":"https:\/\/www.opinionpublica.tv\/portada\/wp-json\/wp\/v2\/posts\/21335","targetHints":{"allow":["GET"]}}],"collection":[{"href":"https:\/\/www.opinionpublica.tv\/portada\/wp-json\/wp\/v2\/posts"}],"about":[{"href":"https:\/\/www.opinionpublica.tv\/portada\/wp-json\/wp\/v2\/types\/post"}],"author":[{"embeddable":true,"href":"https:\/\/www.opinionpublica.tv\/portada\/wp-json\/wp\/v2\/users\/6"}],"replies":[{"embeddable":true,"href":"https:\/\/www.opinionpublica.tv\/portada\/wp-json\/wp\/v2\/comments?post=21335"}],"version-history":[{"count":0,"href":"https:\/\/www.opinionpublica.tv\/portada\/wp-json\/wp\/v2\/posts\/21335\/revisions"}],"wp:featuredmedia":[{"embeddable":true,"href":"https:\/\/www.opinionpublica.tv\/portada\/wp-json\/wp\/v2\/media\/21334"}],"wp:attachment":[{"href":"https:\/\/www.opinionpublica.tv\/portada\/wp-json\/wp\/v2\/media?parent=21335"}],"wp:term":[{"taxonomy":"category","embeddable":true,"href":"https:\/\/www.opinionpublica.tv\/portada\/wp-json\/wp\/v2\/categories?post=21335"},{"taxonomy":"post_tag","embeddable":true,"href":"https:\/\/www.opinionpublica.tv\/portada\/wp-json\/wp\/v2\/tags?post=21335"}],"curies":[{"name":"wp","href":"https:\/\/api.w.org\/{rel}","templated":true}]}}