{"id":21327,"date":"2019-11-07T07:00:00","date_gmt":"2019-11-07T06:00:00","guid":{"rendered":"https:\/\/www.opinionpublica.tv\/portada\/2019\/11\/07\/el-golpe-blando\/"},"modified":"2019-11-07T07:00:00","modified_gmt":"2019-11-07T06:00:00","slug":"el-golpe-blando","status":"publish","type":"post","link":"https:\/\/www.opinionpublica.tv\/portada\/el-golpe-blando\/","title":{"rendered":"El golpe blando"},"content":{"rendered":"<img fetchpriority=\"high\" decoding=\"async\" class=\" size-full wp-image-21326\" src=\"https:\/\/www.opinionpublica.tv\/portada\/wp-content\/uploads\/2019\/11\/e9ce5fa3d28535e7e8c53eb07008b729.jpg\" alt=\"\" class=\"caption\" title=\"Ra\u00fal Ruiz G\u00f3mez.\" width=\"245\" height=\"262\" \/>\n<p style=\"text-align: justify;\">Ya no es una teor\u00eda de conspiraci\u00f3n. Es una estrategia muy cantada por la extrema derecha de nuestro pa\u00eds.<\/p>\n<p><!--more--><\/p>\n<p style=\"text-align: justify;\">Ya en otras ocasiones escrib\u00ed sobre la avalancha de descalificaciones incongruentes de la extrema derecha contra el presidente L\u00f3pez Obrador, quien apenas con cinco minutos en el poder ya era cuestionado por su \u00abineptitud\u00bb y su mal gobierno.<\/p>\n<p style=\"text-align: justify;\">Ayer que platicaba con mi anacoreta de cabecera, coincid\u00edamos en que as\u00ed como va corriendo el tren, si no se amarran bien los furgones y se cuidan los rieles, capaz y los enemigos de la m\u00e1quina MORENA, descarrilan la 4T.<\/p>\n<p style=\"text-align: justify;\">Es cosa de observar como camina el animal, y apoyarse un poco en lecturas que definen con precisi\u00f3n los movimientos pol\u00edtico-sociales.<\/p>\n<p style=\"text-align: justify;\">Como lo escrito por Gene Sharp, fil\u00f3sofo, pol\u00edtico, profesor, polit\u00f3logo y escritor estadounidense, conocido por su extensa obra en defensa de la no violencia como lucha contra el poder. Quien a trav\u00e9s de sus investigaciones, hace una especie de manual para destripar desde los intestinos, a gobiernos totalitarios a trav\u00e9s de lo que \u00e9l llama, GOLPE BLANDO. En vez de &#8216;golpe de estado&#8217;.<\/p>\n<p style=\"text-align: justify;\">Recomendable leer: \u2018De la dictadura a la democracia\u2019, un libro de apenas 100 p\u00e1ginas escrito en 1983, analiza buena parte de las revoluciones democr\u00e1ticas de las \u00faltimas d\u00e9cadas, incluyendo la Primavera \u00c1rabe, la Revoluci\u00f3n Naranja de\u00a0Ucrania\u00a0y, en cierta media, los movimientos\u00a015-M\u00a0y\u00a0Occuppy Wall Street.<\/p>\n<p style=\"text-align: justify;\">Sobre el tema del GOLPE BLANDO, tiene una visi\u00f3n muy precisa que hoy se aplica en M\u00e9xico.<\/p>\n<p style=\"text-align: justify;\">Y as\u00ed, en el &#8216;ping-pong&#8217; dominical, con mi querido cenobita del valle del Tangamanga, \u00abagarra y que me dice\u00bb:<\/p>\n<p style=\"text-align: justify;\">\u00abEste es un asunto serio. El \u00abgolpe suave\u00bb lo han aplicado en Am\u00e9rica latina en repetidas ocasiones; Brasil, Ecuador, Venezuela, Bolivia, Argentina&#8230; adem\u00e1s de otros pa\u00edses, Serbia, Egipto, Siria etc. Los pasos son simples de observar, son evidentes. El manual es el mismo (Sharp) en M\u00e9xico los pasos que se siguen son los mismos.<\/p>\n<p style=\"text-align: justify;\">Los incr\u00e9dulos lo satirizan, hacen mofa del asunto, los medios progresistas lo dudan, el reba\u00f1o ni se entera, pero el asunto es preocupante.\u00bb<\/p>\n<p style=\"text-align: justify;\">Gene Sharp\u00a0se defini\u00f3 como fil\u00f3sofo, aunque la etiqueta de\u00a0\u201cagitador pol\u00edtico\u201d\u00a0encaja mejor con su perfil.<\/p>\n<p style=\"text-align: justify;\">Los libros de Sharp giran en torno a la acci\u00f3n no violenta como m\u00e9todo para derrocar reg\u00edmenes dictatoriales.<\/p>\n<p style=\"text-align: justify;\">Sus\u00a0198 m\u00e9todos de acci\u00f3n directa no violenta\u00a0han sido ampliamente difundidos en movimientos de protesta de todo el mundo, desde Birmania hasta Cuba, pasando por la\u00a0Puerta del Sol.<\/p>\n<p style=\"text-align: justify;\">Entre las acciones recomendadas en la lista est\u00e1n las asambleas de protesta (48), la \u201chuida\u201d de trabajadores (67) o la \u201chuelga de sexo\u201d de mujeres, al estilo Lis\u00edstrata (57).<\/p>\n<p style=\"text-align: justify;\">Los libros de Sharp giran en torno a la acci\u00f3n no violenta como m\u00e9todo para derrocar reg\u00edmenes dictatoriales.<\/p>\n<p style=\"text-align: justify;\">Y han sido traducidos a 31 idiomas. Por cierto, est\u00e1n disponibles gratuitamente en Internet, por si les gustar\u00eda echarles un ojo.<\/p>\n<p style=\"text-align: justify;\">En Palacio, ya tienen clara la amenaza.<\/p>\n<p style=\"text-align: justify;\">El presidente Andr\u00e9s Manuel L\u00f3pez Obrador ha dicho que la transformaci\u00f3n que encabeza, cuenta con el respaldo de una mayor\u00eda libre, consciente, justa y amante de la legalidad que no permitir\u00e1 ning\u00fan golpe de Estado.<\/p>\n<p style=\"text-align: justify;\">Sin embargo, los que estamos atentos al movimiento diario del ornitorrinco, estamos ciertos que la extrema derecha fragua \u201cgolpe de Estado suave\u201d contra AMLO.<\/p>\n<p style=\"text-align: justify;\">\u00bfComo es esto?<\/p>\n<p style=\"text-align: justify;\">Mediante la difusi\u00f3n de campa\u00f1as y mensajes en los medios de comunicaci\u00f3n y las redes sociales, la organizaci\u00f3n de grupos opositores y la promoci\u00f3n de movilizaciones de protesta; la provocaci\u00f3n a la autoridad, la propagaci\u00f3n de noticias falsas y rumores.<\/p>\n<p style=\"text-align: justify;\">De este modo, entre otras maniobras, se pretender\u00eda deslegitimar primero y derrocar despu\u00e9s al gobierno de la 4T en una acci\u00f3n similar a lo que ha sucedido en la \u00faltima d\u00e9cada en otros pa\u00edses latinoamericanos, como Honduras, Argentina o Brasil.<\/p>\n<p style=\"text-align: justify;\">Gene Sharp, sostuvo hasta su reciente muerte, que los golpes de Estado mediante la fuerza y las armas son obsoletos y que hoy se combate con \u201carmas sicol\u00f3gicas, sociales, econ\u00f3micas y pol\u00edticas\u201d.<\/p>\n<p style=\"text-align: justify;\">Si ustedes leen su ensayo\u00a0&#8216;De la dictadura a la democracia&#8217;, expone una receta para quitar presidentes con la receta de los cinco pasos.<\/p>\n<p style=\"text-align: justify;\">Se comienza con una fase de ablandamiento, en la que hay medios que intentan crear malestar y desesperanza social.<\/p>\n<p style=\"text-align: justify;\">Sigue la deslegitimaci\u00f3n y la difusi\u00f3n de comentarios adversos al gobierno, mofas y noticias falsas.<\/p>\n<p style=\"text-align: justify;\">Despu\u00e9s viene el calentamiento de las calles, con la promoci\u00f3n de constantes movilizaciones de protesta.<\/p>\n<p style=\"text-align: justify;\">El siguiente ingrediente es la combinaci\u00f3n de todas las formas de lucha: corren rumores, se crea una falsa carest\u00eda, se acusa al gobierno de incompetente y se inician causas judiciales injustas contra gobernantes.<\/p>\n<p style=\"text-align: justify;\">La \u00faltima etapa es la fractura institucional, en la que, seg\u00fan Sharp, las causas judiciales prosperan, los medios apoyan el golpe y los gobiernos caen.<\/p>\n<p style=\"text-align: justify;\">En M\u00e9xico, todo apunta a que se est\u00e1 preparando un &#8216;golpe suave&#8217; en el tablero del poder.<\/p>\n<p style=\"text-align: justify;\">Uno se pregunta.<\/p>\n<p style=\"text-align: justify;\">-Si est\u00e1 en marcha un golpe como \u00e9ste, \u00bfen qu\u00e9 etapa est\u00e1?<\/p>\n<p style=\"text-align: justify;\">-Si se sigue el m\u00e9todo de Sharp, est\u00e1 en la primera o la segunda.<\/p>\n<p style=\"text-align: justify;\">Desde el primer d\u00eda se ha buscado desestabilizar al gobierno de L\u00f3pez Obrador.<\/p>\n<p style=\"text-align: justify;\">Recordemos los mensajes del PAN el d\u00eda de la toma de posesi\u00f3n en los que dec\u00eda: \u201cSe equivocaron al votar por L\u00f3pez Obrador\u201d.<\/p>\n<p style=\"text-align: justify;\">Era el primer minuto y ya estaban golpeando a los ri\u00f1ones.<\/p>\n<p style=\"text-align: justify;\">Frases como estas surgen desde el inicio de su mandato:<\/p>\n<p style=\"text-align: justify;\">\u201cNo vamos a permitir que (L\u00f3pez Obrador) siga con su autoritarismo, es usted un dictador\u201d.<\/p>\n<p style=\"text-align: justify;\">Los investigadores m\u00e1s severos aseguran que los \u00abdescarriladores\u00bb, pudieran tener entre sus patrocinadores a la USAID (Agencia de los Estados Unidos para el Desarrollo Internacional) que -seg\u00fan el director del Canal 6 de julio, Carlos Mendoza- auspicia golpes suaves en Am\u00e9rica Latina.<\/p>\n<p style=\"text-align: justify;\">Al parecer, la USAID, asiste a grupos extremistas y opositores en Venezuela y otros pa\u00edses de la regi\u00f3n, as\u00ed como a fundaciones y sociedades que argumentan defender la libertad.<\/p>\n<p style=\"text-align: justify;\">Otros auspiciantes de estos grupos son las estadunidenses Red ATLAS, Fundaci\u00f3n Nacional para la Democracia (NED, por sus siglas en ingl\u00e9s), y el Instituto CATO, que a su vez recibe fondos de las Industrias Koch, el segundo conglomerado industrial de Estados Unidos.<\/p>\n<p style=\"text-align: justify;\">Todas tienen filiales en M\u00e9xico o patrocinan organizaciones en el pa\u00eds.<\/p>\n<p style=\"text-align: justify;\">Una de ellas es \u201cStudents for liberty\u201d, que recluta estudiantes en universidades p\u00fablicas y que, por medio de una de sus ramas, busca registrar un partido pol\u00edtico ante el Instituto Nacional Electoral, explica Carlos Mendoza, en su investigaci\u00f3n.<\/p>\n<p style=\"text-align: justify;\">Su principal directivo es Alexander McCobin, que proviene del CATO, y una de sus aliadas m\u00e1s visibles es la conferencista guatemalteca Gloria \u00c1lvarez, coautora del libro\u00a0El enga\u00f1o populista, proyecto para el cual tuvo el apoyo de Enrique Krauze y Mario Vargas Llosa, tambi\u00e9n relacionado con el CATO.<\/p>\n<p style=\"text-align: justify;\">En la investigaci\u00f3n se se\u00f1alan v\u00ednculos entre el CATO y la llamada \u201cOperaci\u00f3n Berl\u00edn\u201d, con la que grupos empresariales financiaron una campa\u00f1a sucia contra L\u00f3pez Obrador en la contienda presidencial pasada, y en la que se ha se\u00f1alado la participaci\u00f3n de Krauze, quien obviamente lo ha negado.<\/p>\n<p style=\"text-align: justify;\">Tambi\u00e9n se mencionan campa\u00f1as robotizadas en las redes sociales que se mezclaron con las cr\u00edticas a L\u00f3pez Obrador en momentos como la cancelaci\u00f3n del Nuevo Aeropuerto Internacional de M\u00e9xico (NAIM), la muerte en un accidente a\u00e9reo de la gobernadora de Puebla, Martha \u00c9rika Alonso y su esposo, o durante las semanas en las que hubo desabasto de gasolina en varias ciudades del pa\u00eds.<\/p>\n<p style=\"text-align: justify;\">Un golpe contra un gobierno que no es radical.<\/p>\n<p style=\"text-align: justify;\">El gobierno de L\u00f3pez Obrador es descrito como de centro izquierda, no radical, cuya apuesta antineoliberal lo enfrenta contra la oligarqu\u00eda nacional e internacional.<\/p>\n<p style=\"text-align: justify;\">-\u00bfSi no es un gobierno radical, por qu\u00e9 habr\u00eda la intenci\u00f3n de derrocarlo?- se le pregunta a Carlos Mendoza.<\/p>\n<p style=\"text-align: justify;\">-Porque estamos hablando de una derecha y un capitalismo que no toleran ninguna intervenci\u00f3n frente al mercado.<\/p>\n<p style=\"text-align: justify;\">No toleran que nadie se salga del modelo, ni siquiera lo poco o no tan poco que lo est\u00e1 haciendo L\u00f3pez Obrador. Responde Mendoza.<\/p>\n<p style=\"text-align: justify;\">\u201cLa estrategia del golpe suave ha dado resultados\u201d, se explica en un amplio documental que \u00e9l est\u00e1 produciendo. Y asegura:<\/p>\n<p style=\"text-align: justify;\">\u00abPor ejemplo, en 2009, Manuel Zelaya fue destituido de la presidencia de Honduras con el apoyo de Washington; en 2015 la oposici\u00f3n argentina intent\u00f3 que el asesinato de un fiscal le fuera imputado a la entonces presidenta Cristina Fern\u00e1ndez; en 2016 la (entonces) presidenta de Brasil, Dilma Rousseff fue destituida por presuntamente haber violado una ley presupuestaria, y ese mismo a\u00f1o el ex presidente Luiz In\u00e1cio Lula da Silva fue encarcelado acusado de corrupci\u00f3n sin pruebas\u201d.<\/p>\n<p style=\"text-align: justify;\">Hay mucho por analizar todav\u00eda, pero este texto se va alargando.<\/p>\n<p style=\"text-align: justify;\">Lo que yo pienso es que en este esgrima, el presidente tiene varios chalecos de protecci\u00f3n.<\/p>\n<p style=\"text-align: justify;\">Uno es, la perrada que lo apoya hasta la muerte.<\/p>\n<p style=\"text-align: justify;\">Y otro, la fuerza en el Congreso.<\/p>\n<p style=\"text-align: justify;\">Por eso es imperativo ganar las elecciones intermedias, para afianzar su arquetipo de la transformaci\u00f3n de M\u00e9xico, y diluir a su m\u00ednima expresi\u00f3n a los enjambres neoliberales que se resisten a perder sus canonj\u00edas.<\/p>\n<p style=\"text-align: justify;\">Necesitar\u00e1 un s\u00faper equipo de intelectuales org\u00e1nicos que defiendan la causa en todos los medios.<\/p>\n<p style=\"text-align: justify;\">Pero esa, como dir\u00eda la Nana Goya&#8230; Es otra historia.<\/p>\n","protected":false},"excerpt":{"rendered":"<p>Ya no es una teor\u00eda de conspiraci\u00f3n. Es una estrategia muy cantada por la extrema derecha de nuestro pa\u00eds.<\/p>\n","protected":false},"author":6,"featured_media":21326,"comment_status":"open","ping_status":"open","sticky":false,"template":"","format":"standard","meta":{"_acf_changed":false,"_monsterinsights_skip_tracking":false,"slim_seo":{"title":"El golpe blando - Opini\u00f3n P\u00fablica","description":"Ya no es una teor\u00eda de conspiraci\u00f3n. Es una estrategia muy cantada por la extrema derecha de nuestro pa\u00eds. Ya en otras ocasiones escrib\u00ed sobre la avalancha de d"},"footnotes":""},"categories":[21],"tags":[],"class_list":["post-21327","post","type-post","status-publish","format-standard","has-post-thumbnail","hentry","category-cartapacio"],"acf":[],"_links":{"self":[{"href":"https:\/\/www.opinionpublica.tv\/portada\/wp-json\/wp\/v2\/posts\/21327","targetHints":{"allow":["GET"]}}],"collection":[{"href":"https:\/\/www.opinionpublica.tv\/portada\/wp-json\/wp\/v2\/posts"}],"about":[{"href":"https:\/\/www.opinionpublica.tv\/portada\/wp-json\/wp\/v2\/types\/post"}],"author":[{"embeddable":true,"href":"https:\/\/www.opinionpublica.tv\/portada\/wp-json\/wp\/v2\/users\/6"}],"replies":[{"embeddable":true,"href":"https:\/\/www.opinionpublica.tv\/portada\/wp-json\/wp\/v2\/comments?post=21327"}],"version-history":[{"count":0,"href":"https:\/\/www.opinionpublica.tv\/portada\/wp-json\/wp\/v2\/posts\/21327\/revisions"}],"wp:featuredmedia":[{"embeddable":true,"href":"https:\/\/www.opinionpublica.tv\/portada\/wp-json\/wp\/v2\/media\/21326"}],"wp:attachment":[{"href":"https:\/\/www.opinionpublica.tv\/portada\/wp-json\/wp\/v2\/media?parent=21327"}],"wp:term":[{"taxonomy":"category","embeddable":true,"href":"https:\/\/www.opinionpublica.tv\/portada\/wp-json\/wp\/v2\/categories?post=21327"},{"taxonomy":"post_tag","embeddable":true,"href":"https:\/\/www.opinionpublica.tv\/portada\/wp-json\/wp\/v2\/tags?post=21327"}],"curies":[{"name":"wp","href":"https:\/\/api.w.org\/{rel}","templated":true}]}}