{"id":21283,"date":"2019-10-31T07:00:00","date_gmt":"2019-10-31T06:00:00","guid":{"rendered":"https:\/\/www.opinionpublica.tv\/portada\/2019\/10\/31\/aprueba-camara-de-representantes-de-eu-investigacion-de-juicio-politico-contra-trump\/"},"modified":"2019-10-31T07:00:00","modified_gmt":"2019-10-31T06:00:00","slug":"aprueba-camara-de-representantes-de-eu-investigacion-de-juicio-politico-contra-trump","status":"publish","type":"post","link":"https:\/\/www.opinionpublica.tv\/portada\/aprueba-camara-de-representantes-de-eu-investigacion-de-juicio-politico-contra-trump\/","title":{"rendered":"Aprueba C\u00e1mara de Representantes de EU investigaci\u00f3n de juicio pol\u00edtico contra Trump"},"content":{"rendered":"<p><img fetchpriority=\"high\" decoding=\"async\" class=\" size-full wp-image-21282\" src=\"https:\/\/www.opinionpublica.tv\/portada\/wp-content\/uploads\/2019\/10\/acbddad10f5de7b197e1a90c1035333e.jpg\" alt=\"\" class=\"caption\" title=\"Donald Trump, presidente de Estados Unidos.\" width=\"443\" height=\"266\" srcset=\"https:\/\/www.opinionpublica.tv\/portada\/wp-content\/uploads\/2019\/10\/acbddad10f5de7b197e1a90c1035333e.jpg 443w, https:\/\/www.opinionpublica.tv\/portada\/wp-content\/uploads\/2019\/10\/acbddad10f5de7b197e1a90c1035333e-300x180.jpg 300w\" sizes=\"(max-width: 443px) 100vw, 443px\" \/><br \/>\n<!--more--><\/p>\n<p style=\"text-align: justify;\"><em>Washington, EU<\/em>.- La C\u00e1mara Baja aprob\u00f3 este jueves la resoluci\u00f3n que formaliza la investigaci\u00f3n de juicio pol\u00edtico sobre el presidente Donald Trump.<\/p>\n<p style=\"text-align: justify;\">Adem\u00e1s los congresistas votaron a favor de hacer los procedimientos y audiencias p\u00fablicas. Se aprob\u00f3 con un voto de 232-196.<\/p>\n<p style=\"text-align: justify;\">Esta votaci\u00f3n permite que la investigaci\u00f3n de juicio pol\u00edtico prosiga seg\u00fan los protocolos descritos en la resoluci\u00f3n votada y que las audiencias que hasta ahora eran a puerta cerrada, sean p\u00fablicas.<\/p>\n<p style=\"text-align: justify;\">Las audiencias televisadas ante el Comit\u00e9 de Inteligencia podr\u00edan comenzar tan pronto como la segunda semana de noviembre, indic\u00f3 CNN.<\/p>\n<p style=\"text-align: justify;\">De los votos, solo dos dem\u00f3cratas, Colin Peterson (Minnesota) y Jeff Van Drew (Nueva Jersey), fueron en contra de la resoluci\u00f3n. Todos los republicanos de la C\u00e1mara se opusieron a la medida.<\/p>\n<p style=\"text-align: justify;\">El legislador independiente Justin Amash, quien dej\u00f3 de ser republicano meses atr\u00e1s por estar en desacuerdo con la direcci\u00f3n que el partido est\u00e1 tomando bajo la influencia de Trump, se uni\u00f3 a la aplastante mayor\u00eda de los dem\u00f3cratas para apoyar el proceso.<\/p>\n<p style=\"text-align: justify;\">El presidente de la C\u00e1mara de Inteligencia,\u00a0Adam Schiff, dijo el jueves que las transcripciones de las entrevistas a puerta cerrada de la investigaci\u00f3n de juicio pol\u00edtico podr\u00edan comenzar a publicarse tan pronto como la pr\u00f3xima semana.<\/p>\n<p style=\"text-align: justify;\">Schiff le dijo a CNN que las\u00a0acusaciones de los republicanos de que el partido minoritario no est\u00e1 obteniendo suficiente tiempo para hacer preguntas\u00a0en las declaraciones a puerta cerrada son falsas.<\/p>\n<p style=\"text-align: justify;\">\u00abEsos argumentos que ha escuchado son casi completamente falsos, con solo una excepci\u00f3n\u00bb, dijo Schiff. \u00bb\u00a0Y cuando veas las transcripciones, y esperamos comenzar a publicarlas tan pronto como la pr\u00f3xima semana, ver\u00e1s que los republicanos tienen tanto tiempo para hacer preguntas\u00bb.<\/p>\n<p style=\"text-align: justify;\">La publicaci\u00f3n de las transcripciones marcar\u00eda un paso significativo para que el p\u00fablico conozca lo que se ha dicho en las declaraciones de la investigaci\u00f3n de juicio pol\u00edtico hasta el momento. Todas las entrevistas han sido a puerta cerrada, y lo que se sabe de ellas proviene de la publicaci\u00f3n de declaraciones de apertura de los testigos a los medios y las filtraciones de los que est\u00e1n dentro de la sala. (Univision)<\/p>\n","protected":false},"excerpt":{"rendered":"","protected":false},"author":6,"featured_media":21282,"comment_status":"open","ping_status":"open","sticky":false,"template":"","format":"standard","meta":{"_acf_changed":false,"_monsterinsights_skip_tracking":false,"slim_seo":{"title":"Aprueba C\u00e1mara de Representantes de EU investigaci\u00f3n de juicio pol\u00edtico contra Trump - Opini\u00f3n P\u00fablica","description":"Washington, EU .- La C\u00e1mara Baja aprob\u00f3 este jueves la resoluci\u00f3n que formaliza la investigaci\u00f3n de juicio pol\u00edtico sobre el presidente Donald Trump. Adem\u00e1s los"},"footnotes":""},"categories":[3],"tags":[],"class_list":["post-21283","post","type-post","status-publish","format-standard","has-post-thumbnail","hentry","category-principal"],"acf":[],"_links":{"self":[{"href":"https:\/\/www.opinionpublica.tv\/portada\/wp-json\/wp\/v2\/posts\/21283","targetHints":{"allow":["GET"]}}],"collection":[{"href":"https:\/\/www.opinionpublica.tv\/portada\/wp-json\/wp\/v2\/posts"}],"about":[{"href":"https:\/\/www.opinionpublica.tv\/portada\/wp-json\/wp\/v2\/types\/post"}],"author":[{"embeddable":true,"href":"https:\/\/www.opinionpublica.tv\/portada\/wp-json\/wp\/v2\/users\/6"}],"replies":[{"embeddable":true,"href":"https:\/\/www.opinionpublica.tv\/portada\/wp-json\/wp\/v2\/comments?post=21283"}],"version-history":[{"count":0,"href":"https:\/\/www.opinionpublica.tv\/portada\/wp-json\/wp\/v2\/posts\/21283\/revisions"}],"wp:featuredmedia":[{"embeddable":true,"href":"https:\/\/www.opinionpublica.tv\/portada\/wp-json\/wp\/v2\/media\/21282"}],"wp:attachment":[{"href":"https:\/\/www.opinionpublica.tv\/portada\/wp-json\/wp\/v2\/media?parent=21283"}],"wp:term":[{"taxonomy":"category","embeddable":true,"href":"https:\/\/www.opinionpublica.tv\/portada\/wp-json\/wp\/v2\/categories?post=21283"},{"taxonomy":"post_tag","embeddable":true,"href":"https:\/\/www.opinionpublica.tv\/portada\/wp-json\/wp\/v2\/tags?post=21283"}],"curies":[{"name":"wp","href":"https:\/\/api.w.org\/{rel}","templated":true}]}}