{"id":21281,"date":"2019-10-31T07:00:00","date_gmt":"2019-10-31T06:00:00","guid":{"rendered":"https:\/\/www.opinionpublica.tv\/portada\/2019\/10\/31\/descarta-lopez-obrador-supuesta-conspiracion-entre-militares-respeta-divergencias\/"},"modified":"2019-10-31T07:00:00","modified_gmt":"2019-10-31T06:00:00","slug":"descarta-lopez-obrador-supuesta-conspiracion-entre-militares-respeta-divergencias","status":"publish","type":"post","link":"https:\/\/www.opinionpublica.tv\/portada\/descarta-lopez-obrador-supuesta-conspiracion-entre-militares-respeta-divergencias\/","title":{"rendered":"Descarta AMLO supuesta \u00abconspiraci\u00f3n\u00bb entre militares; respeta divergencias"},"content":{"rendered":"<p><img fetchpriority=\"high\" decoding=\"async\" class=\" size-full wp-image-21280\" src=\"https:\/\/www.opinionpublica.tv\/portada\/wp-content\/uploads\/2019\/10\/5cf44470d8954a55e958729f8e72665f.jpg\" alt=\"\" class=\"caption\" title=\"Andr\u00e9s Manuel L\u00f3pez Obrador, presidente de M\u00e9xico.\" width=\"745\" height=\"514\" srcset=\"https:\/\/www.opinionpublica.tv\/portada\/wp-content\/uploads\/2019\/10\/5cf44470d8954a55e958729f8e72665f.jpg 745w, https:\/\/www.opinionpublica.tv\/portada\/wp-content\/uploads\/2019\/10\/5cf44470d8954a55e958729f8e72665f-300x207.jpg 300w\" sizes=\"(max-width: 745px) 100vw, 745px\" \/><br \/>\n<!--more--><\/p>\n<p style=\"text-align: justify;\"><em>Ciudad de M\u00e9xico<\/em>.- El presidente, Andr\u00e9s Manuel L\u00f3pez Obrador sostuvo que en la operaci\u00f3n de las fuerzas militares y el operativo de Culiac\u00e1n las autoridades han trabajado en armon\u00eda y coordinaci\u00f3n y descart\u00f3 \u201cintentos de conspiraci\u00f3n\u201d.<\/p>\n<p style=\"text-align: justify;\">En la conferencia matutina de este jueves, el mandatario desestim\u00f3 que se hayan producido actuaciones de mala fe,\u00a0\u00abni mucho menos intentos de conspiraci\u00f3n\u00bb. Hay un plan, un equipo de la Secretaria de la Defensa Nacional que est\u00e1 plenamente acreditado, subray\u00f3.\u00a0\u00abNo hay nada fuera de lo institucional\u00bb.<\/p>\n<p style=\"text-align: justify;\">L\u00f3pez Obrador se refiri\u00f3 despu\u00e9s a las\u00a0<a href=\"https:\/\/www.jornada.com.mx\/2019\/10\/30\/politica\/003n1pol\"><strong>cr\u00edticas del general Carlos Gayt\u00e1n Ochoa\u00a0<\/strong><\/a>a la conducci\u00f3n gubernamental y las estrategias de seguridad, rese\u00f1adas por\u00a0<em>La Jornada<\/em>\u00a0en la v\u00edspera, \u00abdando a entender que\u00a0existen discrepancias por la actitud del gobierno\u00bb.<\/p>\n<p style=\"text-align: justify;\">Es \u00abalgo que respetamos\u00bb, agreg\u00f3 el mandatario. \u00abEn la democracia tiene que haber divergencias. La dictadura,\u00a0 ya lo hemos dicho, es pensamiento \u00fanico.<\/p>\n<p style=\"text-align: justify;\">Adem\u00e1s, la declaraci\u00f3n es \u00abentendible, porque este general fue creo que subsecretario de la Defensa con Felipe Calder\u00f3n. Entonces, pues no puede estar de acuerdo con la nueva estrategia que se est\u00e1 aplicando, por razones obvias, pero tiene todo su derecho a expresarse, a manifestarse, como\u00a0<em>La Jornada\u00a0<\/em>tiene tambien su derecho de desplegar su entrevista en ocho columnas. Esto es de libertades\u00bb.<\/p>\n<p style=\"text-align: justify;\"><strong>Hay libertad y r\u00e9plica<\/strong><\/p>\n<p style=\"text-align: justify;\">-\u00bfNo le parece delicado el cambio de c\u00f3digos en el ej\u00e9rcito? -se le pregunt\u00f3.<\/p>\n<p style=\"text-align: justify;\">-No, tiene que ver con los nuevos tiempos. Se ve, por ejemplo, con el caso de los ex presidentes. Antes terminaban su mandato y se retiraban, no hablaban. Ahora hablan todos los d\u00edas, un d\u00eda s\u00ed, y otro tambi\u00e9n. No nos preocupa eso. Lo m\u00e1s importante es que ahora no dominan la c\u00fapula de poder, ahora manda el pueblo, los ciudadanos.<\/p>\n<p style=\"text-align: justify;\">\u00abAntes las ocho columnas de un peri\u00f3dico a algunos les daba calentura, a los afectados o cuestionados\u00bb, a\u00f1adi\u00f3 el presidente. \u00abAhora hay tanta libertad, pero tambi\u00e9n hay r\u00e9plica, porque el que se excede&#8230;se exhibe. Ayer lo dije, muestra el cobre, todos tenemos que auto limitarnos\u00bb.<\/p>\n<p style=\"text-align: justify;\">Dijo que \u00ablos tiempos en que se manipulaba y se creaban escenarios a trav\u00e9s de los columnistas, ya pas\u00f3, ahora las redes sociales ayudan mucho, a\u00fan con sus excesos\u00bb.<\/p>\n<p style=\"text-align: justify;\">L\u00f3pez Obrador subray\u00f3 que \u00abse trabaja en armonia\u00bb,\u00a0 aunque \u00ablos conservadores que quieren preservar el r\u00e9gimen de privilegios, que no quieren el cambio, quieren seguir el mismo r\u00e9gimen de corrupci\u00f3n, expresen nuestras fallas, critiquen, es hasta leg\u00edtimo.\u00bb<\/p>\n<p style=\"text-align: justify;\"><strong>Nueva estrategia<\/strong><\/p>\n<p style=\"text-align: justify;\">Al abundar sobre las secuelas del operativo en Culiac\u00e1n, se\u00f1al\u00f3 que la estrategia gubernamental ya no se basa en la fuerza, sino tiene que ver con la inteligencia.\u00a0 \u00abYa no existe el CISEN (el desaparecido Centro de Investigaci\u00f3n y Seguridad Nacional), ya\u00a0no hay ese af\u00e1n fascistoide de querer acabar con todos, se terminaron los afanes autoritarios de querer exterminar\u00bb.<\/p>\n<p style=\"text-align: justify;\">M\u00e1s adelante, el presidente destac\u00f3 la importancia de las reformas legales e institucionales para crear la Guardia Nacional, para hacer frente a operativos como el de Culiac\u00e1n.<\/p>\n<p style=\"text-align: justify;\">Ser\u00eda inimaginable que la Polic\u00eda Federal hubiera podido haber enfrentado esta operaci\u00f3n, pero antes la Marina y el Ej\u00e9rcito no pod\u00edan intervenir, se\u00f1al\u00f3.<\/p>\n<p style=\"text-align: justify;\">El mandatario record\u00f3 que no hab\u00eda marco legal que permitiera la movilizaci\u00f3n militar, por eso \u00abde manera franca y abierta\u00bb se pidi\u00f3 la reforma constitucional.<\/p>\n<p style=\"text-align: justify;\">Dijo que antes s\u00f3lo se actuaba mediante operativos y no hab\u00eda una estrategia concreta de seguridad p\u00fablica, de protecci\u00f3n a los ciudadanos. Era \u00abhasta escenogr\u00e1fico, todo era teatral, se quer\u00eda mostrar que se deten\u00edan delincuentes famosos sin atender a los ciudadanos\u00bb. (La Jornada)<\/p>\n","protected":false},"excerpt":{"rendered":"","protected":false},"author":6,"featured_media":21280,"comment_status":"open","ping_status":"open","sticky":false,"template":"","format":"standard","meta":{"_acf_changed":false,"_monsterinsights_skip_tracking":false,"slim_seo":{"title":"Descarta AMLO supuesta \"conspiraci\u00f3n\" entre militares; respeta divergencias - Opini\u00f3n P\u00fablica","description":"Ciudad de M\u00e9xico .- El presidente, Andr\u00e9s Manuel L\u00f3pez Obrador sostuvo que en la operaci\u00f3n de las fuerzas militares y el operativo de Culiac\u00e1n las autoridades h"},"footnotes":""},"categories":[3],"tags":[],"class_list":["post-21281","post","type-post","status-publish","format-standard","has-post-thumbnail","hentry","category-principal"],"acf":[],"_links":{"self":[{"href":"https:\/\/www.opinionpublica.tv\/portada\/wp-json\/wp\/v2\/posts\/21281","targetHints":{"allow":["GET"]}}],"collection":[{"href":"https:\/\/www.opinionpublica.tv\/portada\/wp-json\/wp\/v2\/posts"}],"about":[{"href":"https:\/\/www.opinionpublica.tv\/portada\/wp-json\/wp\/v2\/types\/post"}],"author":[{"embeddable":true,"href":"https:\/\/www.opinionpublica.tv\/portada\/wp-json\/wp\/v2\/users\/6"}],"replies":[{"embeddable":true,"href":"https:\/\/www.opinionpublica.tv\/portada\/wp-json\/wp\/v2\/comments?post=21281"}],"version-history":[{"count":0,"href":"https:\/\/www.opinionpublica.tv\/portada\/wp-json\/wp\/v2\/posts\/21281\/revisions"}],"wp:featuredmedia":[{"embeddable":true,"href":"https:\/\/www.opinionpublica.tv\/portada\/wp-json\/wp\/v2\/media\/21280"}],"wp:attachment":[{"href":"https:\/\/www.opinionpublica.tv\/portada\/wp-json\/wp\/v2\/media?parent=21281"}],"wp:term":[{"taxonomy":"category","embeddable":true,"href":"https:\/\/www.opinionpublica.tv\/portada\/wp-json\/wp\/v2\/categories?post=21281"},{"taxonomy":"post_tag","embeddable":true,"href":"https:\/\/www.opinionpublica.tv\/portada\/wp-json\/wp\/v2\/tags?post=21281"}],"curies":[{"name":"wp","href":"https:\/\/api.w.org\/{rel}","templated":true}]}}