{"id":21277,"date":"2019-10-31T07:00:00","date_gmt":"2019-10-31T06:00:00","guid":{"rendered":"https:\/\/www.opinionpublica.tv\/portada\/2019\/10\/31\/dicen-las-encuestas\/"},"modified":"2019-10-31T07:00:00","modified_gmt":"2019-10-31T06:00:00","slug":"dicen-las-encuestas","status":"publish","type":"post","link":"https:\/\/www.opinionpublica.tv\/portada\/dicen-las-encuestas\/","title":{"rendered":"Dicen las encuestas"},"content":{"rendered":"<img fetchpriority=\"high\" decoding=\"async\" class=\" size-full wp-image-21276\" src=\"https:\/\/www.opinionpublica.tv\/portada\/wp-content\/uploads\/2019\/10\/537be38b31daecb10104f49f49187d0a.jpg\" alt=\"\" class=\"caption\" title=\"Ra\u00fal Ruiz G\u00f3mez.\" width=\"245\" height=\"262\" \/>\n<p style=\"text-align: justify;\">Seg\u00fan la \u00faltima encuesta realizada por Massive Caller, ac\u00e1 por Chihuahua, los aspirantes a la primera magistratura del estado se reflejan as\u00ed en porcentajes.<\/p>\n<p><!--more--><\/p>\n<p style=\"text-align: justify;\">En MORENA<\/p>\n<p style=\"text-align: justify;\">Cruz P\u00e9rez Cu\u00e9llar 24.6<\/p>\n<p style=\"text-align: justify;\">Juan Carlos Loera 14.7<\/p>\n<p style=\"text-align: justify;\">A\u00fan no decide 42.1<\/p>\n<p style=\"text-align: justify;\">EN EL PAN<\/p>\n<p style=\"text-align: justify;\">Mar\u00eda Eugenia Campos 42.0<\/p>\n<p style=\"text-align: justify;\">Gustavo Madero 25.5<\/p>\n<p style=\"text-align: justify;\">A\u00fan no decide 20.4<\/p>\n<p style=\"text-align: justify;\">EN EL PRI<\/p>\n<p style=\"text-align: justify;\">Graciela Ortiz 28.1<\/p>\n<p style=\"text-align: justify;\">Lilia Merodio 17.7<\/p>\n<p style=\"text-align: justify;\">Hay otros, pero no pintan. El encuestador los pone s\u00f3lo como relleno.<\/p>\n<p style=\"text-align: justify;\">LOS INDEPENDIENTES<\/p>\n<p style=\"text-align: justify;\">Jorge Alfredo Lozoya 39.4<\/p>\n<p style=\"text-align: justify;\">Armando Cabada 22.0<\/p>\n<p style=\"text-align: justify;\">Sin embargo, yo tengo otros datos&#8230; Quiero decir, tengo una opini\u00f3n diferente.<\/p>\n<p style=\"text-align: justify;\">De entrada, los que aparecen, no son todos los que aspiran y juegan sus posibilidades. El encuestador pone s\u00f3lo a los que quiere que est\u00e9n.<\/p>\n<p style=\"text-align: justify;\">Por ejemplo, en MORENA, hay dos tiradores m\u00e1s. Que apenas entran en la contienda interna y juegan sus cartas con mucha tranquilidad.<\/p>\n<p style=\"text-align: justify;\">Una es Mar\u00eda Luisa Alcalde, hija de Bertha Luj\u00e1n, quien funge como Secretaria del trabajo, y espera paciente la bendici\u00f3n presidencial para trepar a la contienda estatal.<\/p>\n<p style=\"text-align: justify;\">Y otro, es el empresario, Alejandro D\u00edaz Villalobos, cuyo capital pol\u00edtico es nulo, pero su capital econ\u00f3mico es amplio. Y tiene todas las conexiones con la oligarqu\u00eda, chihuahuense.<\/p>\n<p style=\"text-align: justify;\">Apuesta a que con esas canicas y su conexi\u00f3n con la Casa Blanca lograr\u00e1 la candidatura.<\/p>\n<p style=\"text-align: justify;\">En trat\u00e1ndose del duelo entre Cruz P\u00e9rez Cu\u00e9llar y el superdelegado Loera de la Rosa, esta semana pudo cambiar la tendencia.<\/p>\n<p style=\"text-align: justify;\">El informe de Cruz P\u00e9rez Cu\u00e9llar, echa por la borda todo el trabajo de meses atr\u00e1s.<\/p>\n<p style=\"text-align: justify;\">Le peg\u00f3 el s\u00edndrome \u00abMachinena\u00bb, (pol\u00edtico potosino) que ya encampa\u00f1ado anticipadamente siente que ya es gobernador.<\/p>\n<p style=\"text-align: justify;\">Abusar de su \u00abcapacidad de convocatoria\u00bb; juntar el agua con el aceite, la acetona y salsa de soya en un solo evento, lo enfrenta con las bases morenas que abominan el arribismo de los prianistas.<\/p>\n<p style=\"text-align: justify;\">Por lo tanto, avanza la imagen de Loera y se retrae la de Cruz.<\/p>\n<p style=\"text-align: justify;\">Los n\u00fameros en el PAN, me parecen m\u00e1s acercados a la realidad. No abundar\u00e9 en el an\u00e1lisis azul, porque ya lo hice en un trabajo anterior. Salvo la resbalada de Maru Campos encabezando a varios alcaldes en un reclamo nimio.<\/p>\n<p style=\"text-align: justify;\">No as\u00ed en el PRI, pues como dije, hay unos que no pintan; ni vale la pena considerarlos, y dejan fuera a uno que puede comerse a todos, Teto Murgu\u00eda.<\/p>\n<p style=\"text-align: justify;\">En el territorio \u00abindependiente\u00bb, yo no estar\u00eda tan seguro que podr\u00edan participar bajo ese esquema en una contienda para la gubernatura.<\/p>\n<p style=\"text-align: justify;\">La experiencia que tuvo, Chacho Barraza,<\/p>\n<p style=\"text-align: justify;\">en la elecci\u00f3n anterior, dej\u00f3 en claro que, no porque traigas billete logras el triunfo electoral.<\/p>\n<p style=\"text-align: justify;\">A menos claro que utilices el dinero para comprar votos, autoridades electorales, jueces y magistrados, que te ayuden a robar la elecci\u00f3n. Como fue el caso Cabada en Ciudad Ju\u00e1rez.<\/p>\n<p style=\"text-align: justify;\">As\u00ed las cosas, todo parece indicar que conforme se vayan acercando las fechas para enderezar la intenci\u00f3n y ponerla en los rieles adecuados, los independientes buscar\u00e1n una franquicia que los apadrine.<\/p>\n<p style=\"text-align: justify;\">El Verde y MC, pueden rentar los colores.<\/p>\n<p style=\"text-align: justify;\">Mientras tanto, los n\u00fameros de Massive Caller, me parece, son conservadores. Veinte puntos arriba del caballo sobre Cabada, se me hacen pocos.<\/p>\n<p style=\"text-align: justify;\">Yo no veo a Cabada con presencia en el interior de la entidad, salvo los supuestos \u00abamarres\u00bb que haya podido lograr para \u00e9l, V\u00edctor Valencia de los Santos.<\/p>\n<p style=\"text-align: justify;\">Ligazones sin mucho compromiso, pues hoy por hoy los pactos son muy endebles. Menos todav\u00eda, cuando le den la noticia a V\u00edctor que el apoyo desde palacio municipal ser\u00e1 para el g\u00fcerito Mart\u00ednez, y no para \u00e9l.<\/p>\n<p style=\"text-align: justify;\">Mientras tanto, el Caballo, galopa a trote firme, y se mueve entre pastizales, veredas, escarpas y desiertos, con discursos atractivos y propuestas l\u00f3gicas.<\/p>\n<p style=\"text-align: justify;\">El reconocimiento del CONEVAL por el apoyo emergente a las estancias infantiles, y la propuesta de ganar el premio nacional de los derechos humanos, hablan de un trabajo sistem\u00e1tico, creciente.<\/p>\n<p style=\"text-align: justify;\">Y no de un trote donde la grilla sea el instrumento para la competencia electoral.<\/p>\n","protected":false},"excerpt":{"rendered":"<p>Seg\u00fan la \u00faltima encuesta realizada por Massive Caller, ac\u00e1 por Chihuahua, los aspirantes a la primera magistratura del estado se reflejan as\u00ed en porcentajes.<\/p>\n","protected":false},"author":6,"featured_media":21276,"comment_status":"open","ping_status":"open","sticky":false,"template":"","format":"standard","meta":{"_acf_changed":false,"_monsterinsights_skip_tracking":false,"slim_seo":{"title":"Dicen las encuestas - Opini\u00f3n P\u00fablica","description":"Seg\u00fan la \u00faltima encuesta realizada por Massive Caller, ac\u00e1 por Chihuahua, los aspirantes a la primera magistratura del estado se reflejan as\u00ed en porcentajes. En"},"footnotes":""},"categories":[21],"tags":[],"class_list":["post-21277","post","type-post","status-publish","format-standard","has-post-thumbnail","hentry","category-cartapacio"],"acf":[],"_links":{"self":[{"href":"https:\/\/www.opinionpublica.tv\/portada\/wp-json\/wp\/v2\/posts\/21277","targetHints":{"allow":["GET"]}}],"collection":[{"href":"https:\/\/www.opinionpublica.tv\/portada\/wp-json\/wp\/v2\/posts"}],"about":[{"href":"https:\/\/www.opinionpublica.tv\/portada\/wp-json\/wp\/v2\/types\/post"}],"author":[{"embeddable":true,"href":"https:\/\/www.opinionpublica.tv\/portada\/wp-json\/wp\/v2\/users\/6"}],"replies":[{"embeddable":true,"href":"https:\/\/www.opinionpublica.tv\/portada\/wp-json\/wp\/v2\/comments?post=21277"}],"version-history":[{"count":0,"href":"https:\/\/www.opinionpublica.tv\/portada\/wp-json\/wp\/v2\/posts\/21277\/revisions"}],"wp:featuredmedia":[{"embeddable":true,"href":"https:\/\/www.opinionpublica.tv\/portada\/wp-json\/wp\/v2\/media\/21276"}],"wp:attachment":[{"href":"https:\/\/www.opinionpublica.tv\/portada\/wp-json\/wp\/v2\/media?parent=21277"}],"wp:term":[{"taxonomy":"category","embeddable":true,"href":"https:\/\/www.opinionpublica.tv\/portada\/wp-json\/wp\/v2\/categories?post=21277"},{"taxonomy":"post_tag","embeddable":true,"href":"https:\/\/www.opinionpublica.tv\/portada\/wp-json\/wp\/v2\/tags?post=21277"}],"curies":[{"name":"wp","href":"https:\/\/api.w.org\/{rel}","templated":true}]}}