{"id":21275,"date":"2019-10-31T07:00:00","date_gmt":"2019-10-31T06:00:00","guid":{"rendered":"https:\/\/www.opinionpublica.tv\/portada\/2019\/10\/31\/efemerides-31-de-octubre-4\/"},"modified":"2019-10-31T07:00:00","modified_gmt":"2019-10-31T06:00:00","slug":"efemerides-31-de-octubre-4","status":"publish","type":"post","link":"https:\/\/www.opinionpublica.tv\/portada\/efemerides-31-de-octubre-4\/","title":{"rendered":"Efem\u00e9rides 31 de octubre"},"content":{"rendered":"<img fetchpriority=\"high\" decoding=\"async\" class=\" size-full wp-image-21274\" src=\"https:\/\/www.opinionpublica.tv\/portada\/wp-content\/uploads\/2019\/10\/1096372e1fde5d97f5db64357ecdb08d.jpg\" alt=\"\" class=\"caption\" title=\"Martin Lutero, fundador del protestantismo en Alemania.\" width=\"1800\" height=\"1075\" srcset=\"https:\/\/www.opinionpublica.tv\/portada\/wp-content\/uploads\/2019\/10\/1096372e1fde5d97f5db64357ecdb08d.jpg 1800w, https:\/\/www.opinionpublica.tv\/portada\/wp-content\/uploads\/2019\/10\/1096372e1fde5d97f5db64357ecdb08d-300x179.jpg 300w, https:\/\/www.opinionpublica.tv\/portada\/wp-content\/uploads\/2019\/10\/1096372e1fde5d97f5db64357ecdb08d-1024x612.jpg 1024w, https:\/\/www.opinionpublica.tv\/portada\/wp-content\/uploads\/2019\/10\/1096372e1fde5d97f5db64357ecdb08d-768x459.jpg 768w, https:\/\/www.opinionpublica.tv\/portada\/wp-content\/uploads\/2019\/10\/1096372e1fde5d97f5db64357ecdb08d-1536x917.jpg 1536w\" sizes=\"(max-width: 1800px) 100vw, 1800px\" \/>\n<p style=\"text-align: justify;\">Un d\u00eda 31 de octubre como hoy, pero de 1517, el te\u00f3logo Mart\u00edn Lutero clava en la puerta de la iglesia del Palacio de Wittenberg (Alemania) sus 95 tesis, que cuestionan abiertamente a la Iglesia Cat\u00f3lica y dan inicio a la Reforma Protestante.<\/p>\n<p><!--more--><\/p>\n<p style=\"text-align: justify;\"><strong>Otras efem\u00e9rides<\/strong><\/p>\n<p style=\"text-align: justify;\">1714.- Coronaci\u00f3n de Jorge I de Inglaterra como rey de Gran Breta\u00f1a y de Irlanda, primer monarca de la Casa de Hannover que rein\u00f3 en estos pa\u00edses.<\/p>\n<p style=\"text-align: justify;\">1790.- Aparece el \u00abPapel Peri\u00f3dico de la Havana\u00bb, primer peri\u00f3dico literario-econ\u00f3mico publicado en la capital cubana.<\/p>\n<p style=\"text-align: justify;\">1794.- El f\u00edsico brit\u00e1nico John Dalton descubre la enfermedad de la vista llamada discromatopsia o ceguera de los colores, conocida popularmente como daltonismo.<\/p>\n<p style=\"text-align: justify;\">1795.- Nace John Keats, poeta ingl\u00e9s.<\/p>\n<p style=\"text-align: justify;\">1833.- Nace Alexander Borodin, compositor ruso.<\/p>\n<p style=\"text-align: justify;\">1873.- Apresamiento en aguas de Santiago de Cuba del vapor estadounidense \u00abVirginius\u00bb con un cargamento de armas para los insurrectos de la isla caribe\u00f1a, lo que estuvo a punto de provocar una guerra entre Espa\u00f1a y EEUU.<\/p>\n<p style=\"text-align: justify;\">1905.- Publicaci\u00f3n de la primera Constituci\u00f3n pol\u00edtica de Montenegro.<\/p>\n<p style=\"text-align: justify;\">1918.- Primera Guerra Mundial (1914-1918). Turqu\u00eda capitula y los ingleses entran en Mosul (hoy en Irak).<\/p>\n<p style=\"text-align: justify;\">1918.- Huida de Carlos I, emperador de Austria y rey de Hungr\u00eda, tras producirse la revoluci\u00f3n austro-h\u00fangara.<\/p>\n<p style=\"text-align: justify;\">1922.- Nace Norodom Sihanuk, rey de Camboya.<\/p>\n<p style=\"text-align: justify;\">1937.- Nace Michael Landon, actor estadounidense.<\/p>\n<p style=\"text-align: justify;\">1945.- Muere Ignacio Zuloaga, pintor espa\u00f1ol.<\/p>\n<p style=\"text-align: justify;\">1956.- P\u00edo Baroja, escritor espa\u00f1ol de la llamada Generaci\u00f3n del 98, es enterrado en Madrid. El escritor y periodista estadounidense Ernest Hemingway fue uno de los que llev\u00f3 el f\u00e9retro a hombros.<\/p>\n<p style=\"text-align: justify;\">1956.- Crisis de Suez: fuerzas a\u00e9reas brit\u00e1nicas y francesas bombardean los aer\u00f3dromos egipcios.<\/p>\n<p style=\"text-align: justify;\">1964.- El Congreso argentino deroga las leyes que prohib\u00edan las actividades peronistas y comunistas.<\/p>\n<p style=\"text-align: justify;\">1969.- Fallece Lola Membrives, actriz espa\u00f1ola nacida en Argentina.<\/p>\n<p style=\"text-align: justify;\">1978.- Aprobada la nueva Constituci\u00f3n espa\u00f1ola por las Cortes, en sendas sesiones de Congreso y Senado. La Carta Magna ser\u00eda refrendada el 6 de diciembre siguiente por el pueblo espa\u00f1ol.<\/p>\n<p style=\"text-align: justify;\">1984.- La primera ministra india, Indira Gandhi, es asesinada.<\/p>\n<p style=\"text-align: justify;\">1988.- La C\u00e1mara Federal de Buenos Aires confirma la condena a doce a\u00f1os de c\u00e1rcel a los tres militares que dirigieron la guerra de las Malvinas: Galtieri, Anaya y Lami.<\/p>\n<p style=\"text-align: justify;\">1989.- Turgut Ozal es elegido presidente de Turqu\u00eda en tercera votaci\u00f3n, por la negativa de la oposici\u00f3n a participar en las votaciones.<\/p>\n<p style=\"text-align: justify;\">1991.- Los cancilleres de Argentina, Bolivia, Brasil, Paraguay y Uruguay inauguran en Asunci\u00f3n (Paraguay) la XIX reuni\u00f3n de Cancilleres de la Cuenca del Plata.<\/p>\n<p style=\"text-align: justify;\">1992.- El Papa Juan Pablo II reconoce solemnemente que la condena de Galileo fue injusta, 350 a\u00f1os despu\u00e9s de la muerte del astr\u00f3nomo italiano.<\/p>\n<p style=\"text-align: justify;\">1993.- Los peruanos aprueban en refer\u00e9ndum la nueva Constituci\u00f3n propuesta por Fujimori.<\/p>\n<p style=\"text-align: justify;\">1993.- Muere Federico Fellini, cineasta italiano.<\/p>\n<p style=\"text-align: justify;\">1993.- Fallece River Phoenix, actor.<\/p>\n<p style=\"text-align: justify;\">1994.- El Gobierno de Angola y la guerrilla de UNITA alcanzan en Lusaka un acuerdo de paz.<\/p>\n<p style=\"text-align: justify;\">1995.- Dimite el primer ministro de Quebec, el separatista Jacques Parizeau, tras la derrota de los independentistas en el refer\u00e9ndum celebrado el d\u00eda anterior.<\/p>\n<p style=\"text-align: justify;\">1997.- El general \u00c1lvaro L\u00f3pez Miera, hijo y nieto de militares espa\u00f1oles, es nombrado jefe del Estado Mayor del Ej\u00e9rcito de Cuba.<\/p>\n<p style=\"text-align: justify;\">1998.- Tras azotar Centroam\u00e9rica durante una semana, el hurac\u00e1n \u00abMitch\u00bb provoc\u00f3 m\u00e1s de 10.000 muertos, 12.000 desaparecidos, unos 3 millones de damnificados y enormes da\u00f1os materiales. Honduras y Nicaragua fueron los pa\u00edses m\u00e1s afectados.<\/p>\n<p style=\"text-align: justify;\">1999.- Cat\u00f3licos y protestantes firman en Alemania la \u00abDeclaraci\u00f3n com\u00fan sobre la gracia\u00bb, en la que la Iglesia de Roma acepta por primera vez que el hombre se salva por la fe y el amor a Dios y no por sus obras. El Vaticano levanta la excomuni\u00f3n a Martin Lutero.<\/p>\n<p style=\"text-align: justify;\">2002.- Muere Raf Vallone, actor italiano.<\/p>\n<p style=\"text-align: justify;\">2004.- Fallece Marco Augusto Quiroa, pintor y escritor guatemalteco.<\/p>\n<p style=\"text-align: justify;\">2006.- Corea del Norte acepta reanudar las negociaciones sobre el desmantelamiento de su programa nuclear.<\/p>\n<p style=\"text-align: justify;\">2006.- Muere Pieter Willem Botha, expresidente sudafricano.<\/p>\n<p style=\"text-align: justify;\">2007.- La tormenta tropical \u00abNoel\u00bb causa en Rep\u00fablica Dominicana y Hait\u00ed 73 muertos y 43 desaparecidos, adem\u00e1s de 65.000 evacuados.<\/p>\n<p style=\"text-align: justify;\">2008.- Se clausura la XVIII Cumbre Iberoamericana tras la firma de la Declaraci\u00f3n de San Salvador.<\/p>\n<p style=\"text-align: justify;\">2009.- Fallece Cluade Gustave L\u00e9vi-Strauss, antrop\u00f3logo franc\u00e9s.<\/p>\n<p style=\"text-align: justify;\">2010.- Dilma Rousseff, del Partido de los Trabajadores, se convierte en la primera mujer jefa de Estado de Brasil.<\/p>\n<p style=\"text-align: justify;\">2011.- La UNESCO reconoce a Palestina como Estado miembro de pleno derecho.<\/p>\n<p style=\"text-align: justify;\">2011.- El planeta alcanza los 7,000 millones de habitantes.<\/p>\n","protected":false},"excerpt":{"rendered":"<p>Un d\u00eda 31 de octubre como hoy, pero de 1517, el te\u00f3logo Mart\u00edn Lutero clava en la puerta de la iglesia del Palacio de Wittenberg (Alemania) sus 95 tesis, que cuestionan abiertamente a la Iglesia Cat\u00f3lica y dan inicio a la Reforma Protestante.<\/p>\n","protected":false},"author":6,"featured_media":21274,"comment_status":"open","ping_status":"open","sticky":false,"template":"","format":"standard","meta":{"_acf_changed":false,"_monsterinsights_skip_tracking":false,"slim_seo":{"title":"Efem\u00e9rides 31 de octubre - Opini\u00f3n P\u00fablica","description":"Un d\u00eda 31 de octubre como hoy, pero de 1517, el te\u00f3logo Mart\u00edn Lutero clava en la puerta de la iglesia del Palacio de Wittenberg (Alemania) sus 95 tesis, que cu"},"footnotes":""},"categories":[27],"tags":[],"class_list":["post-21275","post","type-post","status-publish","format-standard","has-post-thumbnail","hentry","category-un-dia-como-hoy"],"acf":[],"_links":{"self":[{"href":"https:\/\/www.opinionpublica.tv\/portada\/wp-json\/wp\/v2\/posts\/21275","targetHints":{"allow":["GET"]}}],"collection":[{"href":"https:\/\/www.opinionpublica.tv\/portada\/wp-json\/wp\/v2\/posts"}],"about":[{"href":"https:\/\/www.opinionpublica.tv\/portada\/wp-json\/wp\/v2\/types\/post"}],"author":[{"embeddable":true,"href":"https:\/\/www.opinionpublica.tv\/portada\/wp-json\/wp\/v2\/users\/6"}],"replies":[{"embeddable":true,"href":"https:\/\/www.opinionpublica.tv\/portada\/wp-json\/wp\/v2\/comments?post=21275"}],"version-history":[{"count":0,"href":"https:\/\/www.opinionpublica.tv\/portada\/wp-json\/wp\/v2\/posts\/21275\/revisions"}],"wp:featuredmedia":[{"embeddable":true,"href":"https:\/\/www.opinionpublica.tv\/portada\/wp-json\/wp\/v2\/media\/21274"}],"wp:attachment":[{"href":"https:\/\/www.opinionpublica.tv\/portada\/wp-json\/wp\/v2\/media?parent=21275"}],"wp:term":[{"taxonomy":"category","embeddable":true,"href":"https:\/\/www.opinionpublica.tv\/portada\/wp-json\/wp\/v2\/categories?post=21275"},{"taxonomy":"post_tag","embeddable":true,"href":"https:\/\/www.opinionpublica.tv\/portada\/wp-json\/wp\/v2\/tags?post=21275"}],"curies":[{"name":"wp","href":"https:\/\/api.w.org\/{rel}","templated":true}]}}