{"id":21213,"date":"2019-10-24T06:00:00","date_gmt":"2019-10-24T04:00:00","guid":{"rendered":"https:\/\/www.opinionpublica.tv\/portada\/2019\/10\/24\/culiacan-y-la-raza-negra\/"},"modified":"2019-10-24T06:00:00","modified_gmt":"2019-10-24T04:00:00","slug":"culiacan-y-la-raza-negra","status":"publish","type":"post","link":"https:\/\/www.opinionpublica.tv\/portada\/culiacan-y-la-raza-negra\/","title":{"rendered":"Culiac\u00e1n y la raza negra"},"content":{"rendered":"<img fetchpriority=\"high\" decoding=\"async\" class=\" size-full wp-image-21212\" src=\"https:\/\/www.opinionpublica.tv\/portada\/wp-content\/uploads\/2019\/10\/90b959031919de23b0aad4ea7b531025.jpg\" alt=\"\" class=\"caption\" title=\"Jorge G. Casta\u00f1eda.\" width=\"225\" height=\"225\" srcset=\"https:\/\/www.opinionpublica.tv\/portada\/wp-content\/uploads\/2019\/10\/90b959031919de23b0aad4ea7b531025.jpg 225w, https:\/\/www.opinionpublica.tv\/portada\/wp-content\/uploads\/2019\/10\/90b959031919de23b0aad4ea7b531025-150x150.jpg 150w\" sizes=\"(max-width: 225px) 100vw, 225px\" \/>\n<p style=\"text-align: justify;\">Hay de declaraciones aberrantes a declaraciones aberrantes. Pero Francisco Gardu\u00f1o, el Comisionado del INAMI, se llev\u00f3 la vaca. \u201cEso es un aviso para toda la migraci\u00f3n transcontinental: de que as\u00ed sean de Marte los vamos a mandar, hasta la India, hasta Camer\u00fan, hasta el \u00c1frica\u2026<\/p>\n<p><!--more--><\/p>\n<p style=\"text-align: justify;\">El costo es muy alto, pero el costo pol\u00edtico y el costo de tenerlos en nuestro pa\u00eds con el problema con Estados Unidos y el problema de la migraci\u00f3n en el sur\u2026no es posible mantenerlos aqu\u00ed\u2026 No es posible ver compa\u00f1eros o humanos de la raza negra con esa conducta en contra de los agentes migratorios, de los agentes de la Guardia Nacional, de los agentes que trabajan en migraci\u00f3n, lanz\u00e1ndoles botellas, siendo reh\u00e9n en nuestro propio pa\u00eds de ese tipo de migraci\u00f3n\u201d (<em>Reforma<\/em>, 22 de octubre, p 2).<\/p>\n<p style=\"text-align: justify;\">En cualquier pa\u00eds normal, un comentario tan descaradamente racista implicar\u00eda un cese fulminante, ni siquiera la renuncia.<\/p>\n<p style=\"text-align: justify;\">En un pa\u00eds expulsor de migrantes, como ha sido M\u00e9xico desde el siglo 19, y que lo sigue siendo, debiera recibir adem\u00e1s del despido, una sanci\u00f3n. Pero en un pa\u00eds donde la concentraci\u00f3n de fuerzas dedicadas a cazar migrantes \u2014autorizados o no \u00bfde cu\u00e1ndo ac\u00e1 aceptamos la distinci\u00f3n norteamericana para los nuestros?\u2014 impide ganar la batalla de Culiac\u00e1n, es absolutamente incre\u00edble.<\/p>\n<p style=\"text-align: justify;\">Cuando la semana pasada plantee aqu\u00ed la posibilidad de que el despliegue de tropas al servicio de la guerra de Trump contra la migraci\u00f3n centroamericana podr\u00eda desembocar en mayor violencia en M\u00e9xico, parec\u00eda una hip\u00f3tesis descabellada.<\/p>\n<p style=\"text-align: justify;\">Esto afirm\u00f3 Azam Ahmed, el corresponsal de\u00a0<em>The New York Times<\/em>, a prop\u00f3sito de la batalla de Culiac\u00e1n este fin de semana, sobre la Guardia Nacional: \u201cEn meses recientes, la nueva fuerza se ha adentrado inc\u00f3modamente y de manera inesperada en otra misi\u00f3n: responder a la presi\u00f3n de Donald Trump. Su tarea consiste sobre todo en patrullar las fronteras y capturar a migrantes en tr\u00e1nsito por M\u00e9xico hacia Estados Unidos.<\/p>\n<p style=\"text-align: justify;\">Esta tarea ha desviado a esas fuerzas hacia otros objetivos, adem\u00e1s de la seguridad p\u00fablica, lo cual ha dejado a algunas regiones con menores recursos.\u201d Entonces el gobierno de L\u00f3pez Obrador monta operativos catastr\u00f3ficos,\u00a0sin fuerza viva, que se dedica a otros menesteres, pero ese gobierno s\u00ed deporta a todos los que se presenten, \u201caunque vinieran de Marte\u201d, porque los de \u201craza negra\u201d se portan mal. Chido.<\/p>\n","protected":false},"excerpt":{"rendered":"<p>Hay de declaraciones aberrantes a declaraciones aberrantes. Pero Francisco Gardu\u00f1o, el Comisionado del INAMI, se llev\u00f3 la vaca. \u201cEso es un aviso para toda la migraci\u00f3n transcontinental: de que as\u00ed sean de Marte los vamos a mandar, hasta la India, hasta Camer\u00fan, hasta el \u00c1frica\u2026<\/p>\n","protected":false},"author":6,"featured_media":21212,"comment_status":"open","ping_status":"open","sticky":false,"template":"","format":"standard","meta":{"_acf_changed":false,"_monsterinsights_skip_tracking":false,"slim_seo":{"title":"Culiac\u00e1n y la raza negra - Opini\u00f3n P\u00fablica","description":"Hay de declaraciones aberrantes a declaraciones aberrantes. Pero Francisco Gardu\u00f1o, el Comisionado del INAMI, se llev\u00f3 la vaca. \u201cEso es un aviso para toda la mi"},"footnotes":""},"categories":[18],"tags":[],"class_list":["post-21213","post","type-post","status-publish","format-standard","has-post-thumbnail","hentry","category-castaneda-opina"],"acf":[],"_links":{"self":[{"href":"https:\/\/www.opinionpublica.tv\/portada\/wp-json\/wp\/v2\/posts\/21213","targetHints":{"allow":["GET"]}}],"collection":[{"href":"https:\/\/www.opinionpublica.tv\/portada\/wp-json\/wp\/v2\/posts"}],"about":[{"href":"https:\/\/www.opinionpublica.tv\/portada\/wp-json\/wp\/v2\/types\/post"}],"author":[{"embeddable":true,"href":"https:\/\/www.opinionpublica.tv\/portada\/wp-json\/wp\/v2\/users\/6"}],"replies":[{"embeddable":true,"href":"https:\/\/www.opinionpublica.tv\/portada\/wp-json\/wp\/v2\/comments?post=21213"}],"version-history":[{"count":0,"href":"https:\/\/www.opinionpublica.tv\/portada\/wp-json\/wp\/v2\/posts\/21213\/revisions"}],"wp:featuredmedia":[{"embeddable":true,"href":"https:\/\/www.opinionpublica.tv\/portada\/wp-json\/wp\/v2\/media\/21212"}],"wp:attachment":[{"href":"https:\/\/www.opinionpublica.tv\/portada\/wp-json\/wp\/v2\/media?parent=21213"}],"wp:term":[{"taxonomy":"category","embeddable":true,"href":"https:\/\/www.opinionpublica.tv\/portada\/wp-json\/wp\/v2\/categories?post=21213"},{"taxonomy":"post_tag","embeddable":true,"href":"https:\/\/www.opinionpublica.tv\/portada\/wp-json\/wp\/v2\/tags?post=21213"}],"curies":[{"name":"wp","href":"https:\/\/api.w.org\/{rel}","templated":true}]}}