{"id":21211,"date":"2019-10-24T06:00:00","date_gmt":"2019-10-24T04:00:00","guid":{"rendered":"https:\/\/www.opinionpublica.tv\/portada\/2019\/10\/24\/video-culiacan-la-gente-regresa-a-las-calles-tras-operacion-fallida-contra-el-hijo-de-el-chapo-guzman\/"},"modified":"2019-10-24T06:00:00","modified_gmt":"2019-10-24T04:00:00","slug":"video-culiacan-la-gente-regresa-a-las-calles-tras-operacion-fallida-contra-el-hijo-de-el-chapo-guzman","status":"publish","type":"post","link":"https:\/\/www.opinionpublica.tv\/portada\/video-culiacan-la-gente-regresa-a-las-calles-tras-operacion-fallida-contra-el-hijo-de-el-chapo-guzman\/","title":{"rendered":"Video: Culiac\u00e1n: la gente regresa a las calles tras operaci\u00f3n fallida contra el hijo de &#8216;El Chapo&#8217; Guzm\u00e1n"},"content":{"rendered":"<p><img fetchpriority=\"high\" decoding=\"async\" class=\" size-full wp-image-21210\" src=\"https:\/\/www.opinionpublica.tv\/portada\/wp-content\/uploads\/2019\/10\/44a461849d5579ed9f6fdae29ab5a6ab.jpg\" alt=\"\" width=\"823\" height=\"478\" srcset=\"https:\/\/www.opinionpublica.tv\/portada\/wp-content\/uploads\/2019\/10\/44a461849d5579ed9f6fdae29ab5a6ab.jpg 823w, https:\/\/www.opinionpublica.tv\/portada\/wp-content\/uploads\/2019\/10\/44a461849d5579ed9f6fdae29ab5a6ab-300x174.jpg 300w, https:\/\/www.opinionpublica.tv\/portada\/wp-content\/uploads\/2019\/10\/44a461849d5579ed9f6fdae29ab5a6ab-768x446.jpg 768w\" sizes=\"(max-width: 823px) 100vw, 823px\" \/><br \/>\n<!--more--><\/p>\n<p style=\"text-align: justify;\">A trav\u00e9s de\u00a0su\u00a0secci\u00f3n\u00a0<a class=\"profileLink\" href=\"https:\/\/www.facebook.com\/hashtag\/yoquevoyasaber\" data-hovercard=\"\/ajax\/hovercard\/hovercard.php?id=531957660183812\" data-hovercard-prefer-more-content-show=\"1\">#YoQueVoyAsaber<\/a>\u00a0de C\u00f3digo Magenta, la editora de este medio digital, Carolina Hern\u00e1ndez, expone con gran agudeza y objetividad la otra realidad sobre lo que se vivi\u00f3 en la ciudad de Culiac\u00e1n, Sinaloa, el pasado jueves 17 de octubre, cuando el gobierno federal intent\u00f3 detener\u00a0a Iv\u00e1n Archivaldo y Ovidio Guzm\u00e1n, hijos del narcotraficante Joaqu\u00edn &#8216;El Chapo&#8217; Guzm\u00e1n.<\/p>\n<p style=\"text-align: justify;\">\u00abEn todo el pa\u00eds podr\u00e1n criticar la estrategia del gobierno federal en\u00a0<a class=\"profileLink\" href=\"https:\/\/www.facebook.com\/hashtag\/culiac%C3%A1n\" data-hovercard=\"\/ajax\/hovercard\/hovercard.php?id=528929447151658\" data-hovercard-prefer-more-content-show=\"1\">#Culiac\u00e1n<\/a>. Podr\u00e1n hablar sobre la falta de huevos del presidente por soltar al hijo del Chapo. Podr\u00e1n llamarle cobarde y decir que fracas\u00f3\u2026 Podr\u00e1n decir lo que quieran, porque es muy f\u00e1cil pedir sangre cuando los muertos no los pone tu familia\u00bb, afirma\u00a0la periodista.<\/p>\n<div class=\"k2_video\">[iframe src=\u00bbhttps:\/\/www.facebook.com\/plugins\/video.php?href=https%3A%2F%2Fwww.facebook.com%2Fcodigomagenta.com.mx%2Fvideos%2F1562997173840864%2F&#038;show_text=0&#038;width=560&#8243; width=\u00bb560&#8243; height=\u00bb315&#8243; style=\u00bbborder:none;overflow:hidden\u00bb scrolling=\u00bbno\u00bb frameborder=\u00bb0&#8243; allowTransparency=\u00bbtrue\u00bb allowFullScreen=\u00bbtrue\u00bb ]<\/div>\n","protected":false},"excerpt":{"rendered":"","protected":false},"author":6,"featured_media":21210,"comment_status":"open","ping_status":"open","sticky":false,"template":"","format":"standard","meta":{"_acf_changed":false,"_monsterinsights_skip_tracking":false,"slim_seo":{"title":"Video: Culiac\u00e1n: la gente regresa a las calles tras operaci\u00f3n fallida contra el hijo de 'El Chapo' Guzm\u00e1n - Opini\u00f3n P\u00fablica","description":"A trav\u00e9s de\u00a0su\u00a0secci\u00f3n\u00a0 #YoQueVoyAsaber \u00a0de C\u00f3digo Magenta, la editora de este medio digital, Carolina Hern\u00e1ndez, expone con gran agudeza y objetividad la otra"},"footnotes":""},"categories":[8],"tags":[],"class_list":["post-21211","post","type-post","status-publish","format-standard","has-post-thumbnail","hentry","category-videos"],"acf":[],"_links":{"self":[{"href":"https:\/\/www.opinionpublica.tv\/portada\/wp-json\/wp\/v2\/posts\/21211","targetHints":{"allow":["GET"]}}],"collection":[{"href":"https:\/\/www.opinionpublica.tv\/portada\/wp-json\/wp\/v2\/posts"}],"about":[{"href":"https:\/\/www.opinionpublica.tv\/portada\/wp-json\/wp\/v2\/types\/post"}],"author":[{"embeddable":true,"href":"https:\/\/www.opinionpublica.tv\/portada\/wp-json\/wp\/v2\/users\/6"}],"replies":[{"embeddable":true,"href":"https:\/\/www.opinionpublica.tv\/portada\/wp-json\/wp\/v2\/comments?post=21211"}],"version-history":[{"count":0,"href":"https:\/\/www.opinionpublica.tv\/portada\/wp-json\/wp\/v2\/posts\/21211\/revisions"}],"wp:featuredmedia":[{"embeddable":true,"href":"https:\/\/www.opinionpublica.tv\/portada\/wp-json\/wp\/v2\/media\/21210"}],"wp:attachment":[{"href":"https:\/\/www.opinionpublica.tv\/portada\/wp-json\/wp\/v2\/media?parent=21211"}],"wp:term":[{"taxonomy":"category","embeddable":true,"href":"https:\/\/www.opinionpublica.tv\/portada\/wp-json\/wp\/v2\/categories?post=21211"},{"taxonomy":"post_tag","embeddable":true,"href":"https:\/\/www.opinionpublica.tv\/portada\/wp-json\/wp\/v2\/tags?post=21211"}],"curies":[{"name":"wp","href":"https:\/\/api.w.org\/{rel}","templated":true}]}}