{"id":21203,"date":"2019-10-24T06:00:00","date_gmt":"2019-10-24T04:00:00","guid":{"rendered":"https:\/\/www.opinionpublica.tv\/portada\/2019\/10\/24\/admite-corte-tramite-de-impugnaciones-contra-ley-bonilla\/"},"modified":"2019-10-24T06:00:00","modified_gmt":"2019-10-24T04:00:00","slug":"admite-corte-tramite-de-impugnaciones-contra-ley-bonilla","status":"publish","type":"post","link":"https:\/\/www.opinionpublica.tv\/portada\/admite-corte-tramite-de-impugnaciones-contra-ley-bonilla\/","title":{"rendered":"Admite SCJN impugnaciones contra \u2018Ley Bonilla\u2019 en BCN"},"content":{"rendered":"<p><img fetchpriority=\"high\" decoding=\"async\" class=\" size-full wp-image-21202\" src=\"https:\/\/www.opinionpublica.tv\/portada\/wp-content\/uploads\/2019\/10\/394d8469589703c9de3d235cbb507797.jpg\" alt=\"\" class=\"caption\" title=\"La llamada 'Ley Bonilla' busca aumentar a cinco a\u00f1os mandato de Jaime Bonilla.\" width=\"400\" height=\"250\" srcset=\"https:\/\/www.opinionpublica.tv\/portada\/wp-content\/uploads\/2019\/10\/394d8469589703c9de3d235cbb507797.jpg 400w, https:\/\/www.opinionpublica.tv\/portada\/wp-content\/uploads\/2019\/10\/394d8469589703c9de3d235cbb507797-300x188.jpg 300w\" sizes=\"(max-width: 400px) 100vw, 400px\" \/><br \/>\n<!--more--><\/p>\n<p style=\"text-align: justify;\"><em>Ciudad de M\u00e9xico<\/em>.- El ministro de la Suprema Corte de Justicia de la Naci\u00f3n (SCJN), Jos\u00e9 Fernando Franco Gonz\u00e1lez Salas, admiti\u00f3 a tr\u00e1mite cuatro acciones de inconstitucionalidad promovidas por Partido Acci\u00f3n Nacional (PAN), Partido Revolucionario Institucional (PRI), Partido de la Revoluci\u00f3n Democr\u00e1tica (PRD) y Movimiento Ciudadano contra la llamada \u201cLey Bonilla\u201d.<\/p>\n<p style=\"text-align: justify;\">\u201cSe tiene por presentados a los promoventes y se admiten a tr\u00e1mite las acciones de inconstitucionalidad que hacen valer, sin perjuicio de los motivos de improcedencia que se puedan advertir de manera fehaciente al momento de dictar sentencia\u201d, se lee en el documento presentado por la Corte.<\/p>\n<p style=\"text-align: justify;\">Sin embargo, el ministro neg\u00f3 la suspensi\u00f3n de aplicaci\u00f3n a la \u201cLey Bonilla\u201d al considerar que pese a que el gobernador entrante de Baja California, Jaime Bonilla entre en funciones el pr\u00f3ximo 1 de noviembre, no significa que el hecho est\u00e9 consumado.<\/p>\n<p style=\"text-align: justify;\">La admisi\u00f3n del presente medio de control constitucional no dar\u00e1 lugar a la suspensi\u00f3n de la norma cuestionada; adem\u00e1s el hecho de que el Gobernador entre en funciones el pr\u00f3ximo primero de noviembre del presente a\u00f1o, no signica que se hayan consumado los efectos de la norma, dado que su aplicabilidad es de tracto sucesivo, por lo que la vigencia de la misma no impide que esta Suprema Corte de Justicia de la Naci\u00f3n realice el estudio oportuno de la validez de las normas combatidas\u201d.<\/p>\n<p style=\"text-align: justify;\"><strong>Gobierno de BC tambi\u00e9n impugn\u00f3 \u2018Ley Bonilla\u2019<\/strong><\/p>\n<p style=\"text-align: justify;\">Tras ser aprobada por el\u00a0Congreso de Baja California, el gobierno de la entidad, interpuso ante la\u00a0Suprema Corte de Justicia de la Naci\u00f3n (SCJN),\u00a0una controversia constitucional contra la\u00a0\u201cLey Bonilla\u201d,\u00a0que ampl\u00eda el mandato de la pr\u00f3xima administraci\u00f3n estatal de dos a cinco a\u00f1os.<\/p>\n<p style=\"text-align: justify;\">Francisco Rueda G\u00f3mez, secretario General de Gobierno, inform\u00f3 que el mandatario estatal,\u00a0Francisco Vega de Lamadrid, present\u00f3 el pasado lunes el recurso legal, junto con un equipo de asesores, contra la citada ley que prolonga la administraci\u00f3n del\u00a0morenista Jaime Bonilla Valdez\u00a0hasta el 2024. (Exc\u00e9lsior)<\/p>\n","protected":false},"excerpt":{"rendered":"","protected":false},"author":6,"featured_media":21202,"comment_status":"open","ping_status":"open","sticky":false,"template":"","format":"standard","meta":{"_acf_changed":false,"_monsterinsights_skip_tracking":false,"slim_seo":{"title":"Admite SCJN impugnaciones contra \u2018Ley Bonilla\u2019 en BCN - Opini\u00f3n P\u00fablica","description":"Ciudad de M\u00e9xico .- El ministro de la Suprema Corte de Justicia de la Naci\u00f3n (SCJN), Jos\u00e9 Fernando Franco Gonz\u00e1lez Salas, admiti\u00f3 a tr\u00e1mite cuatro acciones de i"},"footnotes":""},"categories":[9],"tags":[],"class_list":["post-21203","post","type-post","status-publish","format-standard","has-post-thumbnail","hentry","category-nacional"],"acf":[],"_links":{"self":[{"href":"https:\/\/www.opinionpublica.tv\/portada\/wp-json\/wp\/v2\/posts\/21203","targetHints":{"allow":["GET"]}}],"collection":[{"href":"https:\/\/www.opinionpublica.tv\/portada\/wp-json\/wp\/v2\/posts"}],"about":[{"href":"https:\/\/www.opinionpublica.tv\/portada\/wp-json\/wp\/v2\/types\/post"}],"author":[{"embeddable":true,"href":"https:\/\/www.opinionpublica.tv\/portada\/wp-json\/wp\/v2\/users\/6"}],"replies":[{"embeddable":true,"href":"https:\/\/www.opinionpublica.tv\/portada\/wp-json\/wp\/v2\/comments?post=21203"}],"version-history":[{"count":0,"href":"https:\/\/www.opinionpublica.tv\/portada\/wp-json\/wp\/v2\/posts\/21203\/revisions"}],"wp:featuredmedia":[{"embeddable":true,"href":"https:\/\/www.opinionpublica.tv\/portada\/wp-json\/wp\/v2\/media\/21202"}],"wp:attachment":[{"href":"https:\/\/www.opinionpublica.tv\/portada\/wp-json\/wp\/v2\/media?parent=21203"}],"wp:term":[{"taxonomy":"category","embeddable":true,"href":"https:\/\/www.opinionpublica.tv\/portada\/wp-json\/wp\/v2\/categories?post=21203"},{"taxonomy":"post_tag","embeddable":true,"href":"https:\/\/www.opinionpublica.tv\/portada\/wp-json\/wp\/v2\/tags?post=21203"}],"curies":[{"name":"wp","href":"https:\/\/api.w.org\/{rel}","templated":true}]}}