{"id":21199,"date":"2019-10-24T06:00:00","date_gmt":"2019-10-24T04:00:00","guid":{"rendered":"https:\/\/www.opinionpublica.tv\/portada\/2019\/10\/24\/jueves-negro-historia-del-dia-que-se-derrumbo-wall-street-y-comenzo-la-gran-depresion-en-eu\/"},"modified":"2019-10-24T06:00:00","modified_gmt":"2019-10-24T04:00:00","slug":"jueves-negro-historia-del-dia-que-se-derrumbo-wall-street-y-comenzo-la-gran-depresion-en-eu","status":"publish","type":"post","link":"https:\/\/www.opinionpublica.tv\/portada\/jueves-negro-historia-del-dia-que-se-derrumbo-wall-street-y-comenzo-la-gran-depresion-en-eu\/","title":{"rendered":"Jueves Negro; historia del d\u00eda que se derrumb\u00f3 Wall Street y comenz\u00f3 la \u2018Gran Depresi\u00f3n\u2019 en EU"},"content":{"rendered":"<p><img fetchpriority=\"high\" decoding=\"async\" class=\" size-full wp-image-21197\" src=\"https:\/\/www.opinionpublica.tv\/portada\/wp-content\/uploads\/2019\/10\/e36f47bb6f00a3e1f4ed1b90e52448cb.jpg\" alt=\"\" class=\"caption\" title=\"La Gran Depresi\u00f3n provoc\u00f3 cientos de suicidios y miles de desempleados en Estados Unidos.\" width=\"990\" height=\"757\" srcset=\"https:\/\/www.opinionpublica.tv\/portada\/wp-content\/uploads\/2019\/10\/e36f47bb6f00a3e1f4ed1b90e52448cb.jpg 990w, https:\/\/www.opinionpublica.tv\/portada\/wp-content\/uploads\/2019\/10\/e36f47bb6f00a3e1f4ed1b90e52448cb-300x229.jpg 300w, https:\/\/www.opinionpublica.tv\/portada\/wp-content\/uploads\/2019\/10\/e36f47bb6f00a3e1f4ed1b90e52448cb-768x587.jpg 768w\" sizes=\"(max-width: 990px) 100vw, 990px\" \/><br \/>\n<!--more--><\/p>\n<p style=\"text-align: justify;\"><em>24 de octubre de 1929, Nueva York<\/em>.- La crisis financiera que devastar\u00eda los cimientos de la econom\u00eda americana y har\u00eda tambalear la estabilidad de muchos mercados a nivel mundial comenzaba a proyectar su temible sombra sobre los felices a\u00f1os 20. Y sobre los rostros de los trabajadores de la bolsa de Nueva York que ve\u00edan estallar aquella etapa de prosperidad frente a sus ojos como un inmenso globo.<\/p>\n<p style=\"text-align: justify;\">Adem\u00e1s de la\u00a0ca\u00edda del valor de los t\u00edtulos\u00a0y la constante\u00a0liquidaci\u00f3n de los avales, el volumen de pr\u00e9stamos burs\u00e1tiles descendi\u00f3 de manera dr\u00e1stica -se estima que su descenso cifrarse en casi un mill\u00f3n-.\u00a0Wall Street, Chicago y Buffalo hab\u00edan echado el cierre: la situaci\u00f3n se tornaba cada vez m\u00e1s ingobernable.<\/p>\n<p style=\"text-align: justify;\">\u201cEl jueves 24 de octubre, seg\u00fan los historiadores, fue el primer d\u00eda de p\u00e1nico. Ese d\u00eda se transfirieron 12 894 650 participaciones, muchas de ellas a precios que destrozaron los sue\u00f1os y esperanzas de quienes las hab\u00edan pose\u00eddo\u201d, afirm\u00f3\u00a0John Kenneth Galbraith\u00a0en su c\u00e9lebre<em>\u00a0El Crack del 29<\/em>, uno de los libros paradigm\u00e1ticos para el estudio de este per\u00edodo.<\/p>\n<p style=\"text-align: justify;\">P\u00e1nico que no termin\u00f3 tras aquellas veinticuatro horas de angustia, incredulidad y miedo profundos. La imparable fiebre especulativa y la ilusi\u00f3n del dinero r\u00e1pido y f\u00e1cil hab\u00edan tocado a su fin. Pero una etapa de pobreza, carest\u00eda y recesi\u00f3n se encontraba a las puertas de esta nueva Am\u00e9rica.\u00a0La Am\u00e9rica que recog\u00eda los despojos de la euforia.<\/p>\n<p style=\"text-align: justify;\"><img decoding=\"async\" class=\" size-full wp-image-21198\" src=\"https:\/\/www.opinionpublica.tv\/portada\/wp-content\/uploads\/2019\/10\/crack_2.jpg\" width=\"657\" height=\"507\" srcset=\"https:\/\/www.opinionpublica.tv\/portada\/wp-content\/uploads\/2019\/10\/crack_2.jpg 657w, https:\/\/www.opinionpublica.tv\/portada\/wp-content\/uploads\/2019\/10\/crack_2-300x232.jpg 300w\" sizes=\"(max-width: 657px) 100vw, 657px\" \/><\/p>\n<p style=\"text-align: justify;\">Las luces de alarma se hab\u00edan encendido y la org\u00eda especulativa que describe Galbraith hab\u00eda dejado un rastro de decadencia y descontrol f\u00e1cilmente distinguible.\u00a0Sus consecuencias no s\u00f3lo afectaron al terreno econ\u00f3mico\u00a0sino que dejaron tambi\u00e9n su impronta en las formas de vida de aquella sociedad moderna que hab\u00eda conocido una etapa de desarrollo y pronto conocer\u00eda otra de enorme precariedad.<\/p>\n<p style=\"text-align: justify;\">El martes\u00a029 de octubre, el llamado\u00a0martes negro, confirmar\u00eda estas sospechas cada vez menos infundadas. El derrumbe total era una realidad inminente. Millones de inversores se vieron de un d\u00eda para otro en la ruina econ\u00f3mica:\u00a0la Bolsa de Nueva York, el mercado de valores m\u00e1s importante del mundo, hab\u00eda ca\u00eddo.<\/p>\n<p style=\"text-align: justify;\"><strong>De la bonanza y la euforia a la carest\u00eda y la decepci\u00f3n<\/strong><\/p>\n<p style=\"text-align: justify;\">En palabras de Galbraith \u00abel rasgo m\u00e1s singular de la cat\u00e1strofe de 1929 fue que\u00a0lo peor empeoraba continuamente. Lo que un d\u00eda parec\u00eda el final de la crisis, se demostraba al siguiente que solo hab\u00eda sido el comienzo\u00bb. Efectivamente la situaci\u00f3n no mostraba s\u00edntoma alguno de mejora: lo peor estaba por llegar. Y lleg\u00f3.<\/p>\n<p style=\"text-align: justify;\">La\u00a0Gran Depresi\u00f3n\u00a0dominar\u00eda el escenario econ\u00f3mico durante casi diez a\u00f1os. El presidente americano, Herbert Clark\u00a0Hoover, adopt\u00f3 unas medidas econ\u00f3micas muy cuestionadas que no lograron revertir la situaci\u00f3n y en las siguientes elecciones perdi\u00f3 la presidencia. Franklin D.\u00a0Roosevelt\u00a0ocup\u00f3 la presidencia americana en 1933.<\/p>\n<p style=\"text-align: justify;\">En materia econ\u00f3mica opt\u00f3 por impulsar\u00a0New Deal (1933-1937), caracterizado principalmente por la intervenci\u00f3n estatal en la econom\u00eda, que pasar\u00eda a ser una\u00a0econom\u00eda mixta.<\/p>\n<p style=\"text-align: justify;\">Entre las medidas que contemplaba el plan estaban el proteccionismo arancelario, grandes ayudas econ\u00f3micas a los bancos, el impulso de la producci\u00f3n industrial, la construcci\u00f3n de obras p\u00fablicas&#8230;\u00a0La pol\u00edtica tard\u00f3 en dar sus frutos\u00a0y no fue hasta 1938 cuando comenz\u00f3 a ser palpable una mejor\u00eda en la econom\u00eda americana.<\/p>\n","protected":false},"excerpt":{"rendered":"","protected":false},"author":6,"featured_media":21197,"comment_status":"open","ping_status":"open","sticky":false,"template":"","format":"standard","meta":{"_acf_changed":false,"_monsterinsights_skip_tracking":false,"slim_seo":{"title":"Jueves Negro; historia del d\u00eda que se derrumb\u00f3 Wall Street y comenz\u00f3 la \u2018Gran Depresi\u00f3n\u2019 en EU - Opini\u00f3n P\u00fablica","description":"24 de octubre de 1929, Nueva York .- La crisis financiera que devastar\u00eda los cimientos de la econom\u00eda americana y har\u00eda tambalear la estabilidad de muchos merca"},"footnotes":""},"categories":[14],"tags":[],"class_list":["post-21199","post","type-post","status-publish","format-standard","has-post-thumbnail","hentry","category-historias"],"acf":[],"_links":{"self":[{"href":"https:\/\/www.opinionpublica.tv\/portada\/wp-json\/wp\/v2\/posts\/21199","targetHints":{"allow":["GET"]}}],"collection":[{"href":"https:\/\/www.opinionpublica.tv\/portada\/wp-json\/wp\/v2\/posts"}],"about":[{"href":"https:\/\/www.opinionpublica.tv\/portada\/wp-json\/wp\/v2\/types\/post"}],"author":[{"embeddable":true,"href":"https:\/\/www.opinionpublica.tv\/portada\/wp-json\/wp\/v2\/users\/6"}],"replies":[{"embeddable":true,"href":"https:\/\/www.opinionpublica.tv\/portada\/wp-json\/wp\/v2\/comments?post=21199"}],"version-history":[{"count":0,"href":"https:\/\/www.opinionpublica.tv\/portada\/wp-json\/wp\/v2\/posts\/21199\/revisions"}],"wp:featuredmedia":[{"embeddable":true,"href":"https:\/\/www.opinionpublica.tv\/portada\/wp-json\/wp\/v2\/media\/21197"}],"wp:attachment":[{"href":"https:\/\/www.opinionpublica.tv\/portada\/wp-json\/wp\/v2\/media?parent=21199"}],"wp:term":[{"taxonomy":"category","embeddable":true,"href":"https:\/\/www.opinionpublica.tv\/portada\/wp-json\/wp\/v2\/categories?post=21199"},{"taxonomy":"post_tag","embeddable":true,"href":"https:\/\/www.opinionpublica.tv\/portada\/wp-json\/wp\/v2\/tags?post=21199"}],"curies":[{"name":"wp","href":"https:\/\/api.w.org\/{rel}","templated":true}]}}