{"id":21196,"date":"2019-10-24T06:00:00","date_gmt":"2019-10-24T04:00:00","guid":{"rendered":"https:\/\/www.opinionpublica.tv\/portada\/2019\/10\/24\/efemerides-24-de-octubre-4\/"},"modified":"2019-10-24T06:00:00","modified_gmt":"2019-10-24T04:00:00","slug":"efemerides-24-de-octubre-4","status":"publish","type":"post","link":"https:\/\/www.opinionpublica.tv\/portada\/efemerides-24-de-octubre-4\/","title":{"rendered":"Efem\u00e9rides 24 de octubre"},"content":{"rendered":"<img fetchpriority=\"high\" decoding=\"async\" class=\" size-full wp-image-21195\" src=\"https:\/\/www.opinionpublica.tv\/portada\/wp-content\/uploads\/2019\/10\/7418ed7799fa2ae466a00adefbef5112.jpg\" alt=\"\" class=\"caption\" title=\"El crack de la Bolsa de Valores de Nueva York hundi\u00f3 a Estados Unidos en su peor depresi\u00f3n.\" width=\"1000\" height=\"858\" srcset=\"https:\/\/www.opinionpublica.tv\/portada\/wp-content\/uploads\/2019\/10\/7418ed7799fa2ae466a00adefbef5112.jpg 1000w, https:\/\/www.opinionpublica.tv\/portada\/wp-content\/uploads\/2019\/10\/7418ed7799fa2ae466a00adefbef5112-300x257.jpg 300w, https:\/\/www.opinionpublica.tv\/portada\/wp-content\/uploads\/2019\/10\/7418ed7799fa2ae466a00adefbef5112-768x659.jpg 768w\" sizes=\"(max-width: 1000px) 100vw, 1000px\" \/>\n<p style=\"text-align: justify;\">Un d\u00eda 24 de octubre como hoy, pero de 1929, se registra el llamado \u201cCrack\u00bb en la Bolsa de Nueva York. En este d\u00eda, que pas\u00f3 a la historia como \u00abJueves Negro\u00bb, comenz\u00f3 la depresi\u00f3n econ\u00f3mica de Estados Unidos que continu\u00f3 en los a\u00f1os treinta.<\/p>\n<p><!--more--><\/p>\n<p style=\"text-align: justify;\"><strong>Otras efem\u00e9rides<\/strong><\/p>\n<p style=\"text-align: justify;\">1648.- Se firma la paz de Westfalia despu\u00e9s de tres a\u00f1os de discusiones entre los delegados de las distintas potencias europeas.<\/p>\n<p style=\"text-align: justify;\">Con ella se pone fin a la Guerra de los Treinta a\u00f1os.<\/p>\n<p style=\"text-align: justify;\">1808.- Aparece la \u00abGaceta de Caracas\u00bb, primer peri\u00f3dico de Venezuela.<\/p>\n<p style=\"text-align: justify;\">1830.- El general Jos\u00e9 Fructuoso Rivera, presidente del partido \u00abcolorado\u00bb, elegido primer presidente constitucional uruguayo.<\/p>\n<p style=\"text-align: justify;\">1871.- Inauguraci\u00f3n en C\u00f3rdoba del Observatorio Astron\u00f3mico argentino.<\/p>\n<p style=\"text-align: justify;\">1842.- Muere Bernardo O&#8217;Higgins, h\u00e9roe de la independencia chilena.<\/p>\n<p style=\"text-align: justify;\">1886.- Nace Delmira Agustini, poetisa uruguaya.<\/p>\n<p style=\"text-align: justify;\">1919.- Nace Eduardo Barreiros Rodr\u00edguez, fundador de la empresa de automoci\u00f3n Barreiros.<\/p>\n<p style=\"text-align: justify;\">1906.- El espa\u00f1ol Santiago Ram\u00f3n y Cajal y el italiano Camilo Golgi, galardonados con el Premio Nobel de Medicina.<\/p>\n<p style=\"text-align: justify;\">1917.- Primer d\u00eda de la revoluci\u00f3n rusa.<\/p>\n<p style=\"text-align: justify;\">1931.- El g\u00e1ngster Al Capone, condenado en EEUU a once a\u00f1os de prisi\u00f3n y 50,000 d\u00f3lares de multa por fraude fiscal.<\/p>\n<p style=\"text-align: justify;\">1942.- II Guerra Mundial: Ofensiva inglesa en Libia, dirigida por el general Montgomery.<\/p>\n<p style=\"text-align: justify;\">1945, entra en vigor la Carta fundacional de la Organizaci\u00f3n de las Naciones Unidas.<\/p>\n<p style=\"text-align: justify;\">1945.- Alexander Fleming, Premio Nobel de Medicina.<\/p>\n<p style=\"text-align: justify;\">1948.- Nace Kevin Kline, actor estadounidense.<\/p>\n<p style=\"text-align: justify;\">1956.- Alzamiento popular en Hungr\u00eda contra la presencia sovi\u00e9tica. Imre Nagy es nombrado jefe del Gobierno h\u00fangaro. Es decretado el estado de emergencia por la continuaci\u00f3n de la revuelta popular.<\/p>\n<p style=\"text-align: justify;\">1961.- El Reino Unido concede la autonom\u00eda a la isla de Malta.<\/p>\n<p style=\"text-align: justify;\">1964.- Rodesia del norte obtiene su independencia con el nombre de Zambia, pa\u00eds que se convierte en el 37 Estado independiente de \u00c1frica.<\/p>\n<p style=\"text-align: justify;\">1966.- Gandhi, Nasser y Tito presiden en Nueva Delhi la Conferencia de los No Alineados.<\/p>\n<p style=\"text-align: justify;\">1970.- Salvador Allende, confirmado presidente constitucional de Chile por el Congreso, tras el triunfo de la Unidad Popular en las elecciones del 4 de septiembre.<\/p>\n<p style=\"text-align: justify;\">1986.- El Gobierno brit\u00e1nico rompe relaciones diplom\u00e1ticas con Siria, pa\u00eds al que acusa de implicaci\u00f3n en actos terroristas.<\/p>\n<p style=\"text-align: justify;\">1989.- El Gobierno peruano de Alan Garc\u00eda declara, por segunda vez en seis meses, el estado de excepci\u00f3n por las acciones terroristas de Sendero Luminoso.<\/p>\n<p style=\"text-align: justify;\">1991.- Las dos Coreas llegan a un principio de acuerdo para poner fin a m\u00e1s de cuatro d\u00e9cadas de hostilidades e incrementar los intercambios comerciales.<\/p>\n<p style=\"text-align: justify;\">1992.- Muere Luis Rosales, escritor y acad\u00e9mico espa\u00f1ol.<\/p>\n<p style=\"text-align: justify;\">1994.- Muere Ra\u00fal Juli\u00e1, actor puertorrique\u00f1o.<\/p>\n<p style=\"text-align: justify;\">1996.- Entra en vigor la Convenci\u00f3n de Seguridad Nuclear, despu\u00e9s de haber sido ratificada por 27 Estados. Ser\u00e1 el primer instrumento de derecho internacional que trata sobre seguridad at\u00f3mica.<\/p>\n<p style=\"text-align: justify;\">1999.- Fernando de la R\u00faa, candidato del centro izquierda, gana las elecciones a la presidencia de Argentina.<\/p>\n<p style=\"text-align: justify;\">2003.- Se clausura en Madrid la Conferencia de Donantes que recauda 13,000 millones de d\u00f3lares para la reconstrucci\u00f3n de Irak, adem\u00e1s de 20,000 millones de EEUU.<\/p>\n<p style=\"text-align: justify;\">2003.- La Corte Suprema de Justicia de Nicaragua paraliza sus actividades por la falta de consenso entre sus quince jueces para elegir a su presidente y vicepresidente.<\/p>\n<p style=\"text-align: justify;\">2005.- El hurac\u00e1n \u00abWilma\u00bb causa grandes inundaciones en La Habana.<\/p>\n<p style=\"text-align: justify;\">2005.- Muere Rosa Parks, la mujer negra que protagoniz\u00f3 un acto de desobediencia civil que desencaden\u00f3 el fin de las leyes de segregaci\u00f3n racial en EEUU. El 5 de diciembre de 1955, Parks se neg\u00f3 a ceder su asiento a un blanco en un autob\u00fas de Montgomery, una acci\u00f3n entonces ilegal, que le cost\u00f3 su detenci\u00f3n y una multa.<\/p>\n<p style=\"text-align: justify;\">2007.- El fuego que arrasa el sur de California se extiende sin control por cuarto d\u00eda y obliga a evacuar a un mill\u00f3n de personas.<\/p>\n<p style=\"text-align: justify;\">2008.- La OPEP decide en Viena reducir su cuota de producci\u00f3n de crudo en 1.5 millones de barriles diarios a partir del 1 de noviembre, hasta los 27.3 millones de barriles diarios (mbd).<\/p>\n<p style=\"text-align: justify;\">2013.- Fallece el cantante espa\u00f1ol Manolo Escobar.<\/p>\n","protected":false},"excerpt":{"rendered":"<p>Un d\u00eda 24 de octubre como hoy, pero de 1929, se registra el llamado \u201cCrack\u00bb en la Bolsa de Nueva York. En este d\u00eda, que pas\u00f3 a la historia como \u00abJueves Negro\u00bb, comenz\u00f3 la depresi\u00f3n econ\u00f3mica de Estados Unidos que continu\u00f3 en los a\u00f1os treinta.<\/p>\n","protected":false},"author":6,"featured_media":21195,"comment_status":"open","ping_status":"open","sticky":false,"template":"","format":"standard","meta":{"_acf_changed":false,"_monsterinsights_skip_tracking":false,"slim_seo":{"title":"Efem\u00e9rides 24 de octubre - Opini\u00f3n P\u00fablica","description":"Un d\u00eda 24 de octubre como hoy, pero de 1929, se registra el llamado \u201cCrack\" en la Bolsa de Nueva York. En este d\u00eda, que pas\u00f3 a la historia como \"Jueves Negro\","},"footnotes":""},"categories":[27],"tags":[],"class_list":["post-21196","post","type-post","status-publish","format-standard","has-post-thumbnail","hentry","category-un-dia-como-hoy"],"acf":[],"_links":{"self":[{"href":"https:\/\/www.opinionpublica.tv\/portada\/wp-json\/wp\/v2\/posts\/21196","targetHints":{"allow":["GET"]}}],"collection":[{"href":"https:\/\/www.opinionpublica.tv\/portada\/wp-json\/wp\/v2\/posts"}],"about":[{"href":"https:\/\/www.opinionpublica.tv\/portada\/wp-json\/wp\/v2\/types\/post"}],"author":[{"embeddable":true,"href":"https:\/\/www.opinionpublica.tv\/portada\/wp-json\/wp\/v2\/users\/6"}],"replies":[{"embeddable":true,"href":"https:\/\/www.opinionpublica.tv\/portada\/wp-json\/wp\/v2\/comments?post=21196"}],"version-history":[{"count":0,"href":"https:\/\/www.opinionpublica.tv\/portada\/wp-json\/wp\/v2\/posts\/21196\/revisions"}],"wp:featuredmedia":[{"embeddable":true,"href":"https:\/\/www.opinionpublica.tv\/portada\/wp-json\/wp\/v2\/media\/21195"}],"wp:attachment":[{"href":"https:\/\/www.opinionpublica.tv\/portada\/wp-json\/wp\/v2\/media?parent=21196"}],"wp:term":[{"taxonomy":"category","embeddable":true,"href":"https:\/\/www.opinionpublica.tv\/portada\/wp-json\/wp\/v2\/categories?post=21196"},{"taxonomy":"post_tag","embeddable":true,"href":"https:\/\/www.opinionpublica.tv\/portada\/wp-json\/wp\/v2\/tags?post=21196"}],"curies":[{"name":"wp","href":"https:\/\/api.w.org\/{rel}","templated":true}]}}