{"id":21194,"date":"2019-10-24T06:00:00","date_gmt":"2019-10-24T04:00:00","guid":{"rendered":"https:\/\/www.opinionpublica.tv\/portada\/2019\/10\/24\/trastornos-mentales-y-la-4t\/"},"modified":"2019-10-24T06:00:00","modified_gmt":"2019-10-24T04:00:00","slug":"trastornos-mentales-y-la-4t","status":"publish","type":"post","link":"https:\/\/www.opinionpublica.tv\/portada\/trastornos-mentales-y-la-4t\/","title":{"rendered":"Trastornos mentales y la 4T"},"content":{"rendered":"<img fetchpriority=\"high\" decoding=\"async\" class=\" size-full wp-image-21193\" src=\"https:\/\/www.opinionpublica.tv\/portada\/wp-content\/uploads\/2019\/10\/6d58363d65a2f0058e0ca6157cc957e9.jpg\" alt=\"\" class=\"caption\" title=\"Ra\u00fal Ruiz G\u00f3mez.\" width=\"245\" height=\"262\" \/>\n<p style=\"text-align: justify;\">Ya en otras ocasiones hemos tratado el tema de los trastornos mentales que sufren los conductores sociales y pol\u00edticos de nuestra sociedad.<\/p>\n<p><!--more--><\/p>\n<p style=\"text-align: justify;\">Una gran coincidencia entre los estudiosos de la psicolog\u00eda social, que define los padecimientos mentales de los funcionarios y los contrasta con la inclinaci\u00f3n del hombre p\u00fablico, hacia los rasgos de corrupci\u00f3n.<\/p>\n<p style=\"text-align: justify;\">En el cambio de r\u00e9gimen al que conocemos hoy como la 4T, o como la acu\u00f1ara recientemente Jaime Garc\u00eda Ch\u00e1vez, como la \u00abcuatrot\u00e9\u00bb, uno de los principales trastornos mentales que sufren los nuevos funcionarios es el de personalidad narcisista.<\/p>\n<p style=\"text-align: justify;\">Trastorno en el que una persona tiene un sentido exagerado de egocentrismo. Que empata casi siempre con el complejo de inferioridad. Y desencadena una actitud de soberbia incontrolable.<\/p>\n<p style=\"text-align: justify;\">Mi abuela sabia dec\u00eda, \u00abel que nada tiene y llega a tener, loco se quiere volver\u00bb.<\/p>\n<p style=\"text-align: justify;\">Dicen los expertos, que el trastorno de personalidad narcisista es m\u00e1s frecuente en los hombres. Pero en Chihuahua, respetamos tanto lo de la equidad de g\u00e9nero, que hay igual n\u00famero de mujeres que hombres con este trastorno, en la funci\u00f3n p\u00fablica.<\/p>\n<p style=\"text-align: justify;\">La causa no se conoce con exactitud, pero puede implicar una combinaci\u00f3n de factores gen\u00e9ticos y ambientales.<\/p>\n<p style=\"text-align: justify;\">El trastorno de personalidad narcisista, uno de varios tipos de trastornos de la personalidad, es un trastorno mental en el cual las personas tienen un sentido desmesurado de su propia importancia, una necesidad profunda de atenci\u00f3n excesiva y admiraci\u00f3n, relaciones conflictivas y una carencia de empat\u00eda por los dem\u00e1s.<\/p>\n<p style=\"text-align: justify;\">Sin embargo, detr\u00e1s de esta m\u00e1scara de seguridad extrema, hay una autoestima fr\u00e1gil que es vulnerable a la cr\u00edtica m\u00e1s leve.<\/p>\n<p style=\"text-align: justify;\">Ya hab\u00edamos comentado la personalidad de la administradora de la Aduana Fronteriza de Ciudad Ju\u00e1rez, Norma Baz\u00e1n Mayagoitia, una maestra a la que le cay\u00f3 el hueso tan pesado que se trastorn\u00f3 de tal forma que hasta su propio c\u00e1rtel organiz\u00f3.<\/p>\n<p style=\"text-align: justify;\">Hoy traigo ante sus ojos otra joyita.<\/p>\n<p style=\"text-align: justify;\">Se trata de Flor Pilar C\u00e1zares Holgu\u00edn.<\/p>\n<p style=\"text-align: justify;\">Quien fuera juez en Ciudad Cuauht\u00e9moc, y por casualidad, de puritito rebote, le cae la suplencia de la senadur\u00eda que ostenta Bertha Caraveo Camarena.<\/p>\n<p style=\"text-align: justify;\">Ambas fichitas tienen un com\u00fan denominador que las coloca como sus piezas pol\u00edticas&#8230; Juan Carlos Loera de la Rosa, el superdelegado en Chihuahua. (Hablo de la administradora de la aduana y de Flor Pilar), no de la senadora.<\/p>\n<p style=\"text-align: justify;\">Quiz\u00e1s si su trabajo fuera medianamente bueno, no habr\u00eda motivo de cr\u00edtica, pero su egocentrismo y ansia de reconocimiento p\u00fablico, hace evidente su trastorno mental y descubre tambi\u00e9n su ileg\u00edtima funci\u00f3n.<\/p>\n<p style=\"text-align: justify;\">Me explico:<\/p>\n<p style=\"text-align: justify;\">La se\u00f1ora Flor Pilar C\u00e1zares Holgu\u00edn, ostenta un nombramiento inexistente en el organigrama del RAN.<\/p>\n<p style=\"text-align: justify;\">Contratada por una agencia externa, como Comisionada del Registro Agrario Nacional en Chihuahua. Se pavonea con malos tratos a los usuarios, todos ellos campesinos.<\/p>\n<p style=\"text-align: justify;\">Los ningunea sin recato alguno.<\/p>\n<p style=\"text-align: justify;\">Su cargo no existe en el organigrama del RAN NACIONAL, NI EN LA DELEGACI\u00d3N. Deber\u00eda de ser&#8230; DELEGADA.<\/p>\n<p style=\"text-align: justify;\">La agencia que la acredita, es el Instituto Interamericano de Cooperaci\u00f3n para la Agricultura.<\/p>\n<p style=\"text-align: justify;\">Y bajo ese contrato, la colocan como titular, de la delegaci\u00f3n del RAN en Chihuahua como COMISIONADA; un burdo resbal\u00f3n del superdelegado.<\/p>\n<p style=\"text-align: justify;\">M\u00e1s todav\u00eda, porque la se\u00f1ora Flor, en su desvar\u00edo, despidi\u00f3 a todo el personal que laboraba en esta delegaci\u00f3n.<\/p>\n<p style=\"text-align: justify;\">Solamente dej\u00f3 al subdelegado, qui\u00e9n es el que firma todos los despachos oficiales de esta dependencia.<\/p>\n<p style=\"text-align: justify;\">Pues ella est\u00e1 impedida a hacerlo porque no tiene nombramiento de delegada.<\/p>\n<p style=\"text-align: justify;\">El esc\u00e1ndalo por nepotismo, amiguismo y compadrazgo del que se le acusa al superdelegado, Loera, cobra fuerza con esta exhibida a otro de sus cuadros femeninos.<\/p>\n<p style=\"text-align: justify;\">Hoy el RAN pr\u00e1cticamente se encuentra inoperante por la falta de personal. Entre el recorte masivo y los funcionarios nuevos sin el perfil adecuado, el rezago agrario se va acumulando.<\/p>\n<p style=\"text-align: justify;\">Sin duda, vale m\u00e1s padrino que capacidad.<\/p>\n<p style=\"text-align: justify;\">Hay m\u00e1s todav\u00eda en este tema, pero como dir\u00eda la nana Goya&#8230; \u00abEsa, es otra historia\u00bb.<\/p>\n","protected":false},"excerpt":{"rendered":"<p>Ya en otras ocasiones hemos tratado el tema de los trastornos mentales que sufren los conductores sociales y pol\u00edticos de nuestra sociedad.<\/p>\n","protected":false},"author":6,"featured_media":21193,"comment_status":"open","ping_status":"open","sticky":false,"template":"","format":"standard","meta":{"_acf_changed":false,"_monsterinsights_skip_tracking":false,"slim_seo":{"title":"Trastornos mentales y la 4T - Opini\u00f3n P\u00fablica","description":"Ya en otras ocasiones hemos tratado el tema de los trastornos mentales que sufren los conductores sociales y pol\u00edticos de nuestra sociedad. Una gran coincidenci"},"footnotes":""},"categories":[21],"tags":[],"class_list":["post-21194","post","type-post","status-publish","format-standard","has-post-thumbnail","hentry","category-cartapacio"],"acf":[],"_links":{"self":[{"href":"https:\/\/www.opinionpublica.tv\/portada\/wp-json\/wp\/v2\/posts\/21194","targetHints":{"allow":["GET"]}}],"collection":[{"href":"https:\/\/www.opinionpublica.tv\/portada\/wp-json\/wp\/v2\/posts"}],"about":[{"href":"https:\/\/www.opinionpublica.tv\/portada\/wp-json\/wp\/v2\/types\/post"}],"author":[{"embeddable":true,"href":"https:\/\/www.opinionpublica.tv\/portada\/wp-json\/wp\/v2\/users\/6"}],"replies":[{"embeddable":true,"href":"https:\/\/www.opinionpublica.tv\/portada\/wp-json\/wp\/v2\/comments?post=21194"}],"version-history":[{"count":0,"href":"https:\/\/www.opinionpublica.tv\/portada\/wp-json\/wp\/v2\/posts\/21194\/revisions"}],"wp:featuredmedia":[{"embeddable":true,"href":"https:\/\/www.opinionpublica.tv\/portada\/wp-json\/wp\/v2\/media\/21193"}],"wp:attachment":[{"href":"https:\/\/www.opinionpublica.tv\/portada\/wp-json\/wp\/v2\/media?parent=21194"}],"wp:term":[{"taxonomy":"category","embeddable":true,"href":"https:\/\/www.opinionpublica.tv\/portada\/wp-json\/wp\/v2\/categories?post=21194"},{"taxonomy":"post_tag","embeddable":true,"href":"https:\/\/www.opinionpublica.tv\/portada\/wp-json\/wp\/v2\/tags?post=21194"}],"curies":[{"name":"wp","href":"https:\/\/api.w.org\/{rel}","templated":true}]}}