{"id":21179,"date":"2019-10-22T06:00:00","date_gmt":"2019-10-22T04:00:00","guid":{"rendered":"https:\/\/www.opinionpublica.tv\/portada\/2019\/10\/22\/ratifican-prision-preventiva-a-rosario-robles-por-estafa-maestra\/"},"modified":"2019-10-22T06:00:00","modified_gmt":"2019-10-22T04:00:00","slug":"ratifican-prision-preventiva-a-rosario-robles-por-estafa-maestra","status":"publish","type":"post","link":"https:\/\/www.opinionpublica.tv\/portada\/ratifican-prision-preventiva-a-rosario-robles-por-estafa-maestra\/","title":{"rendered":"Seguir\u00e1 en prisi\u00f3n Rosario Robles por la \u2018Estafa Maestra\u2019"},"content":{"rendered":"<p><img fetchpriority=\"high\" decoding=\"async\" class=\" size-full wp-image-21178\" src=\"https:\/\/www.opinionpublica.tv\/portada\/wp-content\/uploads\/2019\/10\/8bb67b27921e1e3fabfcd081843556e2.jpg\" alt=\"\" class=\"caption\" title=\"La ex titular de Sedesol y Sedatu, Rosario Robles y el ex presidente Enrique Pe\u00f1a Nieto.\" width=\"980\" height=\"555\" srcset=\"https:\/\/www.opinionpublica.tv\/portada\/wp-content\/uploads\/2019\/10\/8bb67b27921e1e3fabfcd081843556e2.jpg 980w, https:\/\/www.opinionpublica.tv\/portada\/wp-content\/uploads\/2019\/10\/8bb67b27921e1e3fabfcd081843556e2-300x170.jpg 300w, https:\/\/www.opinionpublica.tv\/portada\/wp-content\/uploads\/2019\/10\/8bb67b27921e1e3fabfcd081843556e2-768x435.jpg 768w\" sizes=\"(max-width: 980px) 100vw, 980px\" \/><br \/>\n<!--more--><\/p>\n<p style=\"text-align: justify;\"><em>Ciudad de M\u00e9xico<\/em>.- Por decisi\u00f3n del juez de control Felipe de Jes\u00fas Delgadillo Padierna, la ex secretaria de Desarrollo Social,\u00a0Rosario Robles\u00a0se mantendr\u00e1 en prisi\u00f3n preventiva justificada en el penal femenil de Santa Martha Acatitla, mientras enfrenta su proceso penal por ejercicio il\u00edcito del servicio p\u00fablico.<\/p>\n<p style=\"text-align: justify;\">Tras calificar como mentirosos a los abogados de Robles Berlanga, durante una audiencia celebrada en el Reclusorio Sur, el juzgador argument\u00f3 que existe riesgo de fuga por lo cual no hay otra medida cautelar que sea id\u00f3nea para evitar la sustracci\u00f3n de la ex funcionaria federal.<\/p>\n<p style=\"text-align: justify;\">\u201cEl peligro de sustracci\u00f3n de Mar\u00eda del Rosario es elevado. Hubo falsedad reiterada por parte de la defensa y de manera falaz perjudicaron a su representada. El sistema penal acusatorio tiene dientes, s\u00f3lo hay que saber activarlos y ustedes con su comportamiento falaz activaron esos dientes\u00bb, resalt\u00f3 el juez.<\/p>\n<p style=\"text-align: justify;\">A su vez,\u00a0Rosario Robles\u00a0asegur\u00f3 ante el juzgador que no ha mentido sobre su domicilio y lo acus\u00f3 de falta de \u00e9tica por no informar sobre sus relaciones familiares.<\/p>\n<p style=\"text-align: justify;\">\u201cEsto se trata de una venganza pol\u00edtica y no de justicia, hemos enfrentado con dignidad est\u00e1 injusticia, se viola mi presunci\u00f3n de inocencia\u00bb, extern\u00f3 Robles. (Exc\u00e9lsior)<\/p>\n","protected":false},"excerpt":{"rendered":"","protected":false},"author":6,"featured_media":21178,"comment_status":"open","ping_status":"open","sticky":false,"template":"","format":"standard","meta":{"_acf_changed":false,"_monsterinsights_skip_tracking":false,"slim_seo":{"title":"Seguir\u00e1 en prisi\u00f3n Rosario Robles por la \u2018Estafa Maestra\u2019 - Opini\u00f3n P\u00fablica","description":"Ciudad de M\u00e9xico .- Por decisi\u00f3n del juez de control Felipe de Jes\u00fas Delgadillo Padierna, la ex secretaria de Desarrollo Social,\u00a0Rosario Robles\u00a0se mantendr\u00e1 en"},"footnotes":""},"categories":[9],"tags":[],"class_list":["post-21179","post","type-post","status-publish","format-standard","has-post-thumbnail","hentry","category-nacional"],"acf":[],"_links":{"self":[{"href":"https:\/\/www.opinionpublica.tv\/portada\/wp-json\/wp\/v2\/posts\/21179","targetHints":{"allow":["GET"]}}],"collection":[{"href":"https:\/\/www.opinionpublica.tv\/portada\/wp-json\/wp\/v2\/posts"}],"about":[{"href":"https:\/\/www.opinionpublica.tv\/portada\/wp-json\/wp\/v2\/types\/post"}],"author":[{"embeddable":true,"href":"https:\/\/www.opinionpublica.tv\/portada\/wp-json\/wp\/v2\/users\/6"}],"replies":[{"embeddable":true,"href":"https:\/\/www.opinionpublica.tv\/portada\/wp-json\/wp\/v2\/comments?post=21179"}],"version-history":[{"count":0,"href":"https:\/\/www.opinionpublica.tv\/portada\/wp-json\/wp\/v2\/posts\/21179\/revisions"}],"wp:featuredmedia":[{"embeddable":true,"href":"https:\/\/www.opinionpublica.tv\/portada\/wp-json\/wp\/v2\/media\/21178"}],"wp:attachment":[{"href":"https:\/\/www.opinionpublica.tv\/portada\/wp-json\/wp\/v2\/media?parent=21179"}],"wp:term":[{"taxonomy":"category","embeddable":true,"href":"https:\/\/www.opinionpublica.tv\/portada\/wp-json\/wp\/v2\/categories?post=21179"},{"taxonomy":"post_tag","embeddable":true,"href":"https:\/\/www.opinionpublica.tv\/portada\/wp-json\/wp\/v2\/tags?post=21179"}],"curies":[{"name":"wp","href":"https:\/\/api.w.org\/{rel}","templated":true}]}}