{"id":21174,"date":"2019-10-22T06:00:00","date_gmt":"2019-10-22T04:00:00","guid":{"rendered":"https:\/\/www.opinionpublica.tv\/portada\/2019\/10\/22\/justin-trudeau-gana-elecciones-de-canada-va-por-segundo-mandato\/"},"modified":"2019-10-22T06:00:00","modified_gmt":"2019-10-22T04:00:00","slug":"justin-trudeau-gana-elecciones-de-canada-va-por-segundo-mandato","status":"publish","type":"post","link":"https:\/\/www.opinionpublica.tv\/portada\/justin-trudeau-gana-elecciones-de-canada-va-por-segundo-mandato\/","title":{"rendered":"Justin Trudeau gana las elecciones de Canad\u00e1 y va por segundo mandato"},"content":{"rendered":"<p><img fetchpriority=\"high\" decoding=\"async\" class=\" size-full wp-image-21172\" src=\"https:\/\/www.opinionpublica.tv\/portada\/wp-content\/uploads\/2019\/10\/f8766643b510a370d06f272c69fc116e.jpg\" alt=\"\" class=\"caption\" title=\"Justin Trudeau tendr\u00e1 un segundo mandato como primer ministro de Canad\u00e1.\" width=\"700\" height=\"394\" srcset=\"https:\/\/www.opinionpublica.tv\/portada\/wp-content\/uploads\/2019\/10\/f8766643b510a370d06f272c69fc116e.jpg 700w, https:\/\/www.opinionpublica.tv\/portada\/wp-content\/uploads\/2019\/10\/f8766643b510a370d06f272c69fc116e-300x169.jpg 300w\" sizes=\"(max-width: 700px) 100vw, 700px\" \/><br \/>\n<!--more--><\/p>\n<p style=\"text-align: justify;\"><em>Otawa, Canad\u00e1<\/em>.- Los resultados de las elecciones muestran que el Partido Liberal del primer ministro Justin Trudeau volver\u00e1 al poder en Canad\u00e1, pero como un gobierno minoritario despu\u00e9s de las elecciones generales de este lunes, seg\u00fan CBC News y CTV News.<\/p>\n<p style=\"text-align: justify;\">La victoria asegura que Trudeau ser\u00e1 primer ministro por un segundo mandato.<\/p>\n<p style=\"text-align: justify;\">Trudeau habl\u00f3 a una multitud que gritaba de alegr\u00eda en Montreal sobre su victoria.<\/p>\n<p style=\"text-align: justify;\">\u201cDe costa a costa a costa, esta noche los canadienses rechazaron la divisi\u00f3n y la negatividad. Rechazaron los recortes y la austeridad. Votaron a favor de una agenda progresista y una fuerte acci\u00f3n sobre el cambio clim\u00e1tico\u201d, dijo. \u201cHaremos la vida m\u00e1s asequible, continuaremos luchando contra el cambio clim\u00e1tico, sacaremos las armas de nuestras calles\u201d.<\/p>\n<p style=\"text-align: justify;\">Trudeau, liberal, y Andrew Scheer, conservador, fueron los dos principales contendientes en las elecciones generales del lunes. M\u00e1s de 300 esca\u00f1os parlamentarios estaban disponibles. Seg\u00fan los informes, la atenci\u00f3n m\u00e9dica, la crisis clim\u00e1tica y el costo de vida son los principales problemas que preocupan a los votantes.<\/p>\n<p style=\"text-align: justify;\"><img decoding=\"async\" class=\" size-full wp-image-21173\" src=\"https:\/\/www.opinionpublica.tv\/portada\/wp-content\/uploads\/2019\/10\/justin.jpg\" width=\"780\" height=\"438\" srcset=\"https:\/\/www.opinionpublica.tv\/portada\/wp-content\/uploads\/2019\/10\/justin.jpg 780w, https:\/\/www.opinionpublica.tv\/portada\/wp-content\/uploads\/2019\/10\/justin-300x168.jpg 300w, https:\/\/www.opinionpublica.tv\/portada\/wp-content\/uploads\/2019\/10\/justin-768x431.jpg 768w\" sizes=\"(max-width: 780px) 100vw, 780px\" \/><\/p>\n<p style=\"text-align: justify;\">Trudeau, de 47 a\u00f1os, obtuvo un respaldo clave la semana pasada del ex presidente Barack Obama, pero el primer ministro se ha enfrentado a una campa\u00f1a dif\u00edcil despu\u00e9s de las revelaciones de que se disfraz\u00f3 con maquillaje caf\u00e9 en la cara en el pasado. Dijo que no sab\u00eda cu\u00e1ntas veces se puso el maquillaje racista.<\/p>\n<p style=\"text-align: justify;\">Trudeau asumi\u00f3 como primer ministro en noviembre de 2015. Es hijo del ex primer ministro Pierre Trudeau y es el primer hijo de un primer ministro canadiense en ser elegido para el cargo.<\/p>\n<p style=\"text-align: justify;\">Logr\u00f3 despertar la \u2018Trudeauman\u00eda\u2019 que llev\u00f3 a su difunto padre al poder en la d\u00e9cada de 1960.<\/p>\n<p style=\"text-align: justify;\">Scheer intent\u00f3 y no ha podido capitalizar el esc\u00e1ndalo y las cr\u00edticas a Trudeau. Pero ni su \u00e9nfasis negativo ni sus pol\u00edticas han involucrado a los votantes. Scheer es fiscal y socialmente conservador, ofreciendo la promesa de un gobierno estable con recortes de impuestos y presupuestos equilibrados.<\/p>\n<p style=\"text-align: justify;\">Durante la campa\u00f1a, Scheer revel\u00f3 que es ciudadano estadounidense, con doble nacionalidad de Canad\u00e1 y\u00a0Estados Unidos. Dijo que est\u00e1 en proceso de renunciar a su ciudadan\u00eda estadounidense. La doble nacionalidad no descalifica legalmente a alguien para postularse para primer ministro.<\/p>\n<p style=\"text-align: justify;\">Algunos votantes desencantados abandonaron a Trudeau y se decidieron por el l\u00edder del Nuevo Partido Dem\u00f3crata, Jagmeet Singh, como opci\u00f3n. Singh ha abogado por la acci\u00f3n clim\u00e1tica y un programa de drogas financiado por el gobierno. Es un sij practicante cuyos coloridos turbantes ilustran la tez cambiante del pa\u00eds.<\/p>\n<p style=\"text-align: justify;\">Elizabeth May, l\u00edder del Partido Verde, y el l\u00edder del partido Bloque, Yves-Fran\u00e7ois Blanchet, un separatista de Quebec, tambi\u00e9n estaban en la boleta electoral. (CNN)<\/p>\n","protected":false},"excerpt":{"rendered":"","protected":false},"author":6,"featured_media":21172,"comment_status":"open","ping_status":"open","sticky":false,"template":"","format":"standard","meta":{"_acf_changed":false,"_monsterinsights_skip_tracking":false,"slim_seo":{"title":"Justin Trudeau gana las elecciones de Canad\u00e1 y va por segundo mandato - Opini\u00f3n P\u00fablica","description":"Otawa, Canad\u00e1 .- Los resultados de las elecciones muestran que el Partido Liberal del primer ministro Justin Trudeau volver\u00e1 al poder en Canad\u00e1, pero como un go"},"footnotes":""},"categories":[11],"tags":[],"class_list":["post-21174","post","type-post","status-publish","format-standard","has-post-thumbnail","hentry","category-tendencias"],"acf":[],"_links":{"self":[{"href":"https:\/\/www.opinionpublica.tv\/portada\/wp-json\/wp\/v2\/posts\/21174","targetHints":{"allow":["GET"]}}],"collection":[{"href":"https:\/\/www.opinionpublica.tv\/portada\/wp-json\/wp\/v2\/posts"}],"about":[{"href":"https:\/\/www.opinionpublica.tv\/portada\/wp-json\/wp\/v2\/types\/post"}],"author":[{"embeddable":true,"href":"https:\/\/www.opinionpublica.tv\/portada\/wp-json\/wp\/v2\/users\/6"}],"replies":[{"embeddable":true,"href":"https:\/\/www.opinionpublica.tv\/portada\/wp-json\/wp\/v2\/comments?post=21174"}],"version-history":[{"count":0,"href":"https:\/\/www.opinionpublica.tv\/portada\/wp-json\/wp\/v2\/posts\/21174\/revisions"}],"wp:featuredmedia":[{"embeddable":true,"href":"https:\/\/www.opinionpublica.tv\/portada\/wp-json\/wp\/v2\/media\/21172"}],"wp:attachment":[{"href":"https:\/\/www.opinionpublica.tv\/portada\/wp-json\/wp\/v2\/media?parent=21174"}],"wp:term":[{"taxonomy":"category","embeddable":true,"href":"https:\/\/www.opinionpublica.tv\/portada\/wp-json\/wp\/v2\/categories?post=21174"},{"taxonomy":"post_tag","embeddable":true,"href":"https:\/\/www.opinionpublica.tv\/portada\/wp-json\/wp\/v2\/tags?post=21174"}],"curies":[{"name":"wp","href":"https:\/\/api.w.org\/{rel}","templated":true}]}}