{"id":21171,"date":"2019-10-22T06:00:00","date_gmt":"2019-10-22T04:00:00","guid":{"rendered":"https:\/\/www.opinionpublica.tv\/portada\/2019\/10\/22\/anuncia-ipn-apertura-de-unidad-academica-en-ciudad-juarez\/"},"modified":"2019-10-22T06:00:00","modified_gmt":"2019-10-22T04:00:00","slug":"anuncia-ipn-apertura-de-unidad-academica-en-ciudad-juarez","status":"publish","type":"post","link":"https:\/\/www.opinionpublica.tv\/portada\/anuncia-ipn-apertura-de-unidad-academica-en-ciudad-juarez\/","title":{"rendered":"Anuncia IPN apertura de unidad acad\u00e9mica en Ciudad Ju\u00e1rez"},"content":{"rendered":"<p><img fetchpriority=\"high\" decoding=\"async\" class=\" size-full wp-image-21170\" src=\"https:\/\/www.opinionpublica.tv\/portada\/wp-content\/uploads\/2019\/10\/416930ebc0041fd36e61a0ce98fdeef9.jpg\" alt=\"\" class=\"caption\" title=\"El Instituto Polit\u00e9cnico Nacional (IPN) es una de las universidades de mayor prestigio del pa\u00eds.\" width=\"1080\" height=\"600\" srcset=\"https:\/\/www.opinionpublica.tv\/portada\/wp-content\/uploads\/2019\/10\/416930ebc0041fd36e61a0ce98fdeef9.jpg 1080w, https:\/\/www.opinionpublica.tv\/portada\/wp-content\/uploads\/2019\/10\/416930ebc0041fd36e61a0ce98fdeef9-300x167.jpg 300w, https:\/\/www.opinionpublica.tv\/portada\/wp-content\/uploads\/2019\/10\/416930ebc0041fd36e61a0ce98fdeef9-1024x569.jpg 1024w, https:\/\/www.opinionpublica.tv\/portada\/wp-content\/uploads\/2019\/10\/416930ebc0041fd36e61a0ce98fdeef9-768x427.jpg 768w\" sizes=\"(max-width: 1080px) 100vw, 1080px\" \/><br \/>\n<!--more--><\/p>\n<p style=\"text-align: justify;\"><em>Ciudad de M\u00e9xico<\/em>.- El director General del Instituto Polit\u00e9cnico Nacional, Mario Alberto Rodr\u00edguez Casas, anunci\u00f3 la apertura de una nueva unidad acad\u00e9mica de nivel profesional en ciudad Ju\u00e1rez Chihuahua, como parte de la ampliaci\u00f3n de la cobertura acad\u00e9mica de la instituci\u00f3n en el norte del pa\u00eds.<\/p>\n<p style=\"text-align: justify;\">El secretario de Educaci\u00f3n P\u00fablica, Esteban Moctezuma Barrag\u00e1n, coment\u00f3 sobre este tipo de acciones que con el Programa La Escuela es Nuestra, el gobierno del Presidente Andr\u00e9s Manuel L\u00f3pez Obrador, tiene como objetivo mejorar la infraestructura y el equipamiento de los planteles, y sobre todo atender en primer lugar a las comunidades con mayor rezago, porque los estudiantes deben recibir educaci\u00f3n en espacios dignos y seguros.<\/p>\n<p style=\"text-align: justify;\">Por su parte Rodr\u00edguez Casas, coment\u00f3 que las nuevas unidades acad\u00e9micas son un detonante para el desarrollo de la Industria 4.0 que requiere el pa\u00eds y el Instituto Polit\u00e9cnico Nacional impulsa dentro de su estrategia, la creaci\u00f3n de un polo educativo en el norte de la rep\u00fablica, en coordinaci\u00f3n con los gobiernos estatales.<\/p>\n<p style=\"text-align: justify;\">Puso como ejemplo la construcci\u00f3n de una Unidad Profesional Interdisciplinaria de Ingenier\u00eda (UPIIC), campus Coahuila, y el Centro de Investigaci\u00f3n e Integraci\u00f3n de Tecnolog\u00edas Avanzadas (CIITA), en Ciudad Ju\u00e1rez, Chihuahua, que beneficiar\u00e1n a los municipios m\u00e1s desprotegidos de estas regiones.<\/p>\n<p style=\"text-align: justify;\">Coment\u00f3 que esta oferta educativa fue dise\u00f1ada para la Industria 4.0, es decir, el big data, inteligencia artificial, internet de las cosas, pero adem\u00e1s contempla no solamente al estado, sino al vecino del norte, que es el socio principal de M\u00e9xico.<\/p>\n<p style=\"text-align: justify;\">Por lo anterior, en un esfuerzo para impulsar una educaci\u00f3n inmersa en el sector de aplicaci\u00f3n, as\u00ed como la industria basada en el conocimiento y la innovaci\u00f3n tecnol\u00f3gica y apoyar directamente al sector industrial, se abrir\u00e1 en Ciudad Ju\u00e1rez, Chihuahua, el Centro de Investigaci\u00f3n e Integraci\u00f3n de Tecnolog\u00edas Avanzadas, que ya est\u00e1 en construcci\u00f3n.<\/p>\n<p style=\"text-align: justify;\">\u201cComo se puede apreciar, nuestra visi\u00f3n del cambio es integral incluye la mejora de la estructura organizacional, los procesos sustantivos impulsores de la transformaci\u00f3n del Instituto y la atenci\u00f3n de aquellos que pueden limitarlo\u201d, indic\u00f3.<\/p>\n<p style=\"text-align: justify;\">A\u00f1adi\u00f3 que esta sede del IPN permitir\u00e1 la creaci\u00f3n o incubaci\u00f3n de asociaciones estrat\u00e9gicas, alianzas tecnol\u00f3gicas, consorcios e incluso, el establecimiento de nuevas empresas de base tecnol\u00f3gica para generar empleos y contribuir al crecimiento econ\u00f3mico del norte del pa\u00eds.<\/p>\n","protected":false},"excerpt":{"rendered":"","protected":false},"author":6,"featured_media":21170,"comment_status":"open","ping_status":"open","sticky":false,"template":"","format":"standard","meta":{"_acf_changed":false,"_monsterinsights_skip_tracking":false,"slim_seo":{"title":"Anuncia IPN apertura de unidad acad\u00e9mica en Ciudad Ju\u00e1rez - Opini\u00f3n P\u00fablica","description":"Ciudad de M\u00e9xico .- El director General del Instituto Polit\u00e9cnico Nacional, Mario Alberto Rodr\u00edguez Casas, anunci\u00f3 la apertura de una nueva unidad acad\u00e9mica de"},"footnotes":""},"categories":[5],"tags":[],"class_list":["post-21171","post","type-post","status-publish","format-standard","has-post-thumbnail","hentry","category-frontera"],"acf":[],"_links":{"self":[{"href":"https:\/\/www.opinionpublica.tv\/portada\/wp-json\/wp\/v2\/posts\/21171","targetHints":{"allow":["GET"]}}],"collection":[{"href":"https:\/\/www.opinionpublica.tv\/portada\/wp-json\/wp\/v2\/posts"}],"about":[{"href":"https:\/\/www.opinionpublica.tv\/portada\/wp-json\/wp\/v2\/types\/post"}],"author":[{"embeddable":true,"href":"https:\/\/www.opinionpublica.tv\/portada\/wp-json\/wp\/v2\/users\/6"}],"replies":[{"embeddable":true,"href":"https:\/\/www.opinionpublica.tv\/portada\/wp-json\/wp\/v2\/comments?post=21171"}],"version-history":[{"count":0,"href":"https:\/\/www.opinionpublica.tv\/portada\/wp-json\/wp\/v2\/posts\/21171\/revisions"}],"wp:featuredmedia":[{"embeddable":true,"href":"https:\/\/www.opinionpublica.tv\/portada\/wp-json\/wp\/v2\/media\/21170"}],"wp:attachment":[{"href":"https:\/\/www.opinionpublica.tv\/portada\/wp-json\/wp\/v2\/media?parent=21171"}],"wp:term":[{"taxonomy":"category","embeddable":true,"href":"https:\/\/www.opinionpublica.tv\/portada\/wp-json\/wp\/v2\/categories?post=21171"},{"taxonomy":"post_tag","embeddable":true,"href":"https:\/\/www.opinionpublica.tv\/portada\/wp-json\/wp\/v2\/tags?post=21171"}],"curies":[{"name":"wp","href":"https:\/\/api.w.org\/{rel}","templated":true}]}}