{"id":21169,"date":"2019-10-22T06:00:00","date_gmt":"2019-10-22T04:00:00","guid":{"rendered":"https:\/\/www.opinionpublica.tv\/portada\/2019\/10\/22\/autoriza-estado-extension-de-horarios-para-el-buen-fin\/"},"modified":"2019-10-22T06:00:00","modified_gmt":"2019-10-22T04:00:00","slug":"autoriza-estado-extension-de-horarios-para-el-buen-fin","status":"publish","type":"post","link":"https:\/\/www.opinionpublica.tv\/portada\/autoriza-estado-extension-de-horarios-para-el-buen-fin\/","title":{"rendered":"Autoriza Estado extensi\u00f3n de horarios para el Buen Fin"},"content":{"rendered":"<p><img fetchpriority=\"high\" decoding=\"async\" class=\" size-full wp-image-21168\" src=\"https:\/\/www.opinionpublica.tv\/portada\/wp-content\/uploads\/2019\/10\/cd4fea79c006b5443e6baaf249db8190.jpg\" alt=\"\" class=\"caption\" title=\"La extensi\u00f3n de horario ser\u00e1 de una hora durante el Buen Fin de 2019.\" width=\"980\" height=\"617\" srcset=\"https:\/\/www.opinionpublica.tv\/portada\/wp-content\/uploads\/2019\/10\/cd4fea79c006b5443e6baaf249db8190.jpg 980w, https:\/\/www.opinionpublica.tv\/portada\/wp-content\/uploads\/2019\/10\/cd4fea79c006b5443e6baaf249db8190-300x189.jpg 300w, https:\/\/www.opinionpublica.tv\/portada\/wp-content\/uploads\/2019\/10\/cd4fea79c006b5443e6baaf249db8190-768x484.jpg 768w\" sizes=\"(max-width: 980px) 100vw, 980px\" \/><br \/>\n<!--more--><\/p>\n<p style=\"text-align: justify;\"><em>Ciudad Ju\u00e1rez, Chih<\/em>.- Con el prop\u00f3sito de apoyar al comercio local que busca incrementar sus ventas por las fiestas navide\u00f1as, el Gobierno del Estado de Chihuahua anunci\u00f3 la extensi\u00f3n de horario durante el evento del Buen Fin, para los negocios que se dedican a la venta de alcohol y cerveza en envase abierto.<\/p>\n<p style=\"text-align: justify;\">Maribel Hern\u00e1ndez, titular de Gobernaci\u00f3n Estatal en la zona norte, explic\u00f3 que esta decisi\u00f3n es resultado de una petici\u00f3n formal que realiz\u00f3 el presidente de la C\u00e1mara Nacional de Comercio, Canaco, Rogelio Gonz\u00e1lez Alcocer, para que la extensi\u00f3n de horario se hiciera v\u00e1lida para esta acci\u00f3n comercial que se llevar\u00e1 a cabo del 15 de 18 de noviembre.<\/p>\n<p style=\"text-align: justify;\">\u201cApoyar al comercio local y atraer m\u00e1s clientela a los establecimientos que se regulan a trav\u00e9s de Gobernaci\u00f3n; los establecimientos que van a poder operar de esta manera, son los que venden en botella abierta, como son restaurantes, bares, centros nocturnos, obviamente quedan descartados, licorer\u00edas, tiendas de abarrotes, tiendas de autoservicio, de conveniencia para este fin\u201d, explic\u00f3.<\/p>\n<p style=\"text-align: justify;\">Una vez que se encuentre establecido los detalles de la operaci\u00f3n para la extensi\u00f3n de horarios, los establecimientos beneficiados ser\u00e1n notificados del detalle de la extensi\u00f3n, coment\u00f3 la funcionaria.<\/p>\n<p style=\"text-align: justify;\">La jefa de la oficina de Gobernaci\u00f3n no descart\u00f3 que este beneficio se extienda durante toda la temporada decembrina.<\/p>\n<p style=\"text-align: justify;\">Cabe destacar que la extensi\u00f3n de horario aplica s\u00f3lo un d\u00eda a la semana, el d\u00eda s\u00e1bado y una hora extra, es decir los establecimientos podr\u00edan cerrar sus puertas a las 3:00 de la ma\u00f1ana.<\/p>\n","protected":false},"excerpt":{"rendered":"","protected":false},"author":6,"featured_media":21168,"comment_status":"open","ping_status":"open","sticky":false,"template":"","format":"standard","meta":{"_acf_changed":false,"_monsterinsights_skip_tracking":false,"slim_seo":{"title":"Autoriza Estado extensi\u00f3n de horarios para el Buen Fin - Opini\u00f3n P\u00fablica","description":"Ciudad Ju\u00e1rez, Chih .- Con el prop\u00f3sito de apoyar al comercio local que busca incrementar sus ventas por las fiestas navide\u00f1as, el Gobierno del Estado de Chihua"},"footnotes":""},"categories":[5],"tags":[],"class_list":["post-21169","post","type-post","status-publish","format-standard","has-post-thumbnail","hentry","category-frontera"],"acf":[],"_links":{"self":[{"href":"https:\/\/www.opinionpublica.tv\/portada\/wp-json\/wp\/v2\/posts\/21169","targetHints":{"allow":["GET"]}}],"collection":[{"href":"https:\/\/www.opinionpublica.tv\/portada\/wp-json\/wp\/v2\/posts"}],"about":[{"href":"https:\/\/www.opinionpublica.tv\/portada\/wp-json\/wp\/v2\/types\/post"}],"author":[{"embeddable":true,"href":"https:\/\/www.opinionpublica.tv\/portada\/wp-json\/wp\/v2\/users\/6"}],"replies":[{"embeddable":true,"href":"https:\/\/www.opinionpublica.tv\/portada\/wp-json\/wp\/v2\/comments?post=21169"}],"version-history":[{"count":0,"href":"https:\/\/www.opinionpublica.tv\/portada\/wp-json\/wp\/v2\/posts\/21169\/revisions"}],"wp:featuredmedia":[{"embeddable":true,"href":"https:\/\/www.opinionpublica.tv\/portada\/wp-json\/wp\/v2\/media\/21168"}],"wp:attachment":[{"href":"https:\/\/www.opinionpublica.tv\/portada\/wp-json\/wp\/v2\/media?parent=21169"}],"wp:term":[{"taxonomy":"category","embeddable":true,"href":"https:\/\/www.opinionpublica.tv\/portada\/wp-json\/wp\/v2\/categories?post=21169"},{"taxonomy":"post_tag","embeddable":true,"href":"https:\/\/www.opinionpublica.tv\/portada\/wp-json\/wp\/v2\/tags?post=21169"}],"curies":[{"name":"wp","href":"https:\/\/api.w.org\/{rel}","templated":true}]}}