{"id":21167,"date":"2019-10-22T06:00:00","date_gmt":"2019-10-22T04:00:00","guid":{"rendered":"https:\/\/www.opinionpublica.tv\/portada\/2019\/10\/22\/pisotear-a-nuestro-pais\/"},"modified":"2019-10-22T06:00:00","modified_gmt":"2019-10-22T04:00:00","slug":"pisotear-a-nuestro-pais","status":"publish","type":"post","link":"https:\/\/www.opinionpublica.tv\/portada\/pisotear-a-nuestro-pais\/","title":{"rendered":"\u00bfPisotear a nuestro pa\u00eds?"},"content":{"rendered":"<img fetchpriority=\"high\" decoding=\"async\" class=\" size-full wp-image-21166\" src=\"https:\/\/www.opinionpublica.tv\/portada\/wp-content\/uploads\/2019\/10\/bd53bfc91673d41616b7a1815409b21e.jpg\" alt=\"\" class=\"caption\" title=\"Jorge G. Casta\u00f1eda.\" width=\"225\" height=\"225\" srcset=\"https:\/\/www.opinionpublica.tv\/portada\/wp-content\/uploads\/2019\/10\/bd53bfc91673d41616b7a1815409b21e.jpg 225w, https:\/\/www.opinionpublica.tv\/portada\/wp-content\/uploads\/2019\/10\/bd53bfc91673d41616b7a1815409b21e-150x150.jpg 150w\" sizes=\"(max-width: 225px) 100vw, 225px\" \/>\n<p style=\"text-align: justify;\">El pasado viernes, la S\u00e9ptima Brigada de la Polic\u00eda Militar y el Cuerpo de la Polic\u00eda Militar de la Guardia Nacional contuvieron una caravana de entre 2 mil y 3 mil centroamericanos, cubanos y africanos que desde Tapachula emprendieron camino hacia la Ciudad de M\u00e9xico y Tijuana.<\/p>\n<p><!--more--><\/p>\n<p style=\"text-align: justify;\">El agente a cargo de la brigada, al instruir a los efectivos de la Guardia Nacional que iban a contener-detener-deportar a los migrantes, dijo: \u201cnadie va a venir a pisotear nuestro pa\u00eds, nuestra tierra\u201d. Una barbaridad.<\/p>\n<p style=\"text-align: justify;\">Desde que el gobierno de L\u00f3pez Obrador le encarg\u00f3 a la nueva Guardia Nacional, es decir, al ej\u00e9rcito, la tarea de sellar hasta donde fuera posible la frontera sur, el Istmo de Tehuantepec y la frontera norte, muchos advertimos que estaba colocando a las fuerzas armadas en una situaci\u00f3n inmanejable.<\/p>\n<p style=\"text-align: justify;\">No est\u00e1n entrenadas para esos prop\u00f3sitos, no lo saben hacer y est\u00e1n imbuidos de una ideolog\u00eda, que muy probablemente comparte un sector importante de la opini\u00f3n p\u00fablica mexicana pero que no por eso deja de ser absurda y violatoria del derecho internacional de refugiados, \u00bfqui\u00e9nes son los que van a\u00a0 venir a \u201cpisotear nuestra tierra\u201d?<\/p>\n<p style=\"text-align: justify;\">Una de dos. O bien, se trata de migrantes econ\u00f3micos, en su mayor\u00eda sin papeles y sin duda transgrediendo la legislaci\u00f3n mexicana, vienen a M\u00e9xico para buscar trabajo en Estados Unidos. Es decir, est\u00e1n haciendo exactamente lo mismo que millones y millones de mexicanos han hecho desde hace m\u00e1s de un siglo, yendo a Estados Unidos a buscar trabajo, sin papeles, en ocasiones con papeles, y en otros momentos en un limbo jur\u00eddico como es el caso de muchos de los centroamericanos.<\/p>\n<p style=\"text-align: justify;\">O bien, se trata de los que llevaban meses en la estaci\u00f3n migratoria de Tapachula, esperando alg\u00fan tipo de documento mexicano, ya sea para viajar al norte, ya sea para conseguir trabajo legalmente dentro de M\u00e9xico. Se trata de refugiados, es decir, personas huyendo de una situaci\u00f3n de violencia generalizada, o de violencia intradom\u00e9stica, o de las pandillas de Honduras, El Salvador y Guatemala, o cubanos huyendo de la dictadura de la Isla. En todos los casos, no son personas que vienen a \u201cpisotear nuestra tierra\u201d: son nacionales de otros pa\u00edses que huyen de los mismos y buscan refugio en M\u00e9xico o buscan transitar por M\u00e9xico para recibir ese refugio en Estados Unidos.<\/p>\n<p style=\"text-align: justify;\">El encargado de la S\u00e9ptima Brigada de la Guardia Nacional obviamente no ten\u00eda la m\u00e1s remota idea de lo que dec\u00eda. Simplemente repet\u00eda las mismas tonter\u00edas nacionalistas y xen\u00f3fobas que mucha gente en M\u00e9xico comparte. Pero precisamente por eso, a ellos no hay que encargarles esa tarea. No pueden con ella, pero adem\u00e1s no deben poder con ella.<\/p>\n","protected":false},"excerpt":{"rendered":"<p>El pasado viernes, la S\u00e9ptima Brigada de la Polic\u00eda Militar y el Cuerpo de la Polic\u00eda Militar de la Guardia Nacional contuvieron una caravana de entre 2 mil y 3 mil centroamericanos, cubanos y africanos que desde Tapachula emprendieron camino hacia la Ciudad de M\u00e9xico y Tijuana.<\/p>\n","protected":false},"author":6,"featured_media":21166,"comment_status":"open","ping_status":"open","sticky":false,"template":"","format":"standard","meta":{"_acf_changed":false,"_monsterinsights_skip_tracking":false,"slim_seo":{"title":"\u00bfPisotear a nuestro pa\u00eds? - Opini\u00f3n P\u00fablica","description":"El pasado viernes, la S\u00e9ptima Brigada de la Polic\u00eda Militar y el Cuerpo de la Polic\u00eda Militar de la Guardia Nacional contuvieron una caravana de entre 2 mil y 3"},"footnotes":""},"categories":[18],"tags":[],"class_list":["post-21167","post","type-post","status-publish","format-standard","has-post-thumbnail","hentry","category-castaneda-opina"],"acf":[],"_links":{"self":[{"href":"https:\/\/www.opinionpublica.tv\/portada\/wp-json\/wp\/v2\/posts\/21167","targetHints":{"allow":["GET"]}}],"collection":[{"href":"https:\/\/www.opinionpublica.tv\/portada\/wp-json\/wp\/v2\/posts"}],"about":[{"href":"https:\/\/www.opinionpublica.tv\/portada\/wp-json\/wp\/v2\/types\/post"}],"author":[{"embeddable":true,"href":"https:\/\/www.opinionpublica.tv\/portada\/wp-json\/wp\/v2\/users\/6"}],"replies":[{"embeddable":true,"href":"https:\/\/www.opinionpublica.tv\/portada\/wp-json\/wp\/v2\/comments?post=21167"}],"version-history":[{"count":0,"href":"https:\/\/www.opinionpublica.tv\/portada\/wp-json\/wp\/v2\/posts\/21167\/revisions"}],"wp:featuredmedia":[{"embeddable":true,"href":"https:\/\/www.opinionpublica.tv\/portada\/wp-json\/wp\/v2\/media\/21166"}],"wp:attachment":[{"href":"https:\/\/www.opinionpublica.tv\/portada\/wp-json\/wp\/v2\/media?parent=21167"}],"wp:term":[{"taxonomy":"category","embeddable":true,"href":"https:\/\/www.opinionpublica.tv\/portada\/wp-json\/wp\/v2\/categories?post=21167"},{"taxonomy":"post_tag","embeddable":true,"href":"https:\/\/www.opinionpublica.tv\/portada\/wp-json\/wp\/v2\/tags?post=21167"}],"curies":[{"name":"wp","href":"https:\/\/api.w.org\/{rel}","templated":true}]}}