{"id":21165,"date":"2019-10-22T06:00:00","date_gmt":"2019-10-22T04:00:00","guid":{"rendered":"https:\/\/www.opinionpublica.tv\/portada\/2019\/10\/22\/que-paso-en-culiacan-surgen-nuevas-versiones-sobre-el-fallido-arresto-del-hijo-de-el-chapo\/"},"modified":"2019-10-22T06:00:00","modified_gmt":"2019-10-22T04:00:00","slug":"que-paso-en-culiacan-surgen-nuevas-versiones-sobre-el-fallido-arresto-del-hijo-de-el-chapo","status":"publish","type":"post","link":"https:\/\/www.opinionpublica.tv\/portada\/que-paso-en-culiacan-surgen-nuevas-versiones-sobre-el-fallido-arresto-del-hijo-de-el-chapo\/","title":{"rendered":"\u00bfQu\u00e9 pas\u00f3 en Culiac\u00e1n? Nuevas versiones sobre el fallido arresto del hijo de &#8216;El Chapo&#8217;"},"content":{"rendered":"<p><img fetchpriority=\"high\" decoding=\"async\" class=\" size-full wp-image-21164\" src=\"https:\/\/www.opinionpublica.tv\/portada\/wp-content\/uploads\/2019\/10\/36186b9593edcdf5cd4e3b1bfc08aa12.jpg\" alt=\"\" class=\"caption\" title=\"El arresto fallido de Ovidio Guzm\u00e1n, hijo de 'El Chapo' sigue generando gran controversia.\" width=\"660\" height=\"371\" srcset=\"https:\/\/www.opinionpublica.tv\/portada\/wp-content\/uploads\/2019\/10\/36186b9593edcdf5cd4e3b1bfc08aa12.jpg 660w, https:\/\/www.opinionpublica.tv\/portada\/wp-content\/uploads\/2019\/10\/36186b9593edcdf5cd4e3b1bfc08aa12-300x169.jpg 300w\" sizes=\"(max-width: 660px) 100vw, 660px\" \/><br \/>\n<!--more--><\/p>\n<p style=\"text-align: justify;\"><em>Culiac\u00e1n, Sinaloa<\/em>.- Una semana despu\u00e9s del\u00a0fallido arresto con tintes cinematogr\u00e1ficos\u00a0que protagoniz\u00f3\u00a0Ovidio Guzm\u00e1n,\u00a0uno de los hijos del narcotraficante\u00a0Joaqu\u00edn \u2018El Chapo\u2019 Guzm\u00e1n,\u00a0todav\u00eda no hay suficiente claridad sobre lo que ocurri\u00f3 el 17 de octubre en las calles de Culiac\u00e1n, el basti\u00f3n del cartel de Sinaloa.<\/p>\n<p style=\"text-align: justify;\">Distintas versiones publicadas por los medios de comunicaci\u00f3n sobre c\u00f3mo uno de los \u201cnarco juniors\u201d m\u00e1s buscados por la Administraci\u00f3n para el Control de Drogas (DEA)\u00a0fue rescatado por una nube de pistoleros fuertemente armados\u00a0han abonado a\u00fan m\u00e1s la serie de versiones sobre lo que pas\u00f3.<\/p>\n<p style=\"text-align: justify;\">Los informes oficiales se\u00f1alan que lo dejaron escapar para evitar\u00a0una \u201cmasacre\u201d en Culiac\u00e1n,\u00a0que el operativo fall\u00f3 porque los militares se precipitaron, eran pocos y carec\u00edan de una orden de cateo, que r\u00e1pidamente los rebas\u00f3 la ofensiva del cartel de Sinaloa y que incluso sicarios se apostaron afuera de un complejo habitacional en esa ciudad donde viven familiares de soldados\u00a0para amenazar al gobierno.<\/p>\n<p style=\"text-align: justify;\">El presidente mexicano Andr\u00e9s Manuel L\u00f3pez Obrador dijo este lunes que\u00a0su gobierno volver\u00e1 a intentar la captura de Guzm\u00e1n L\u00f3pez,\u00a0pero sin poner en riesgo a la poblaci\u00f3n. \u201cNosotros no vamos nunca a optar por la guerra, por la confrontaci\u00f3n o por el uso de la fuerza, lo que nos importa es la vida de las personas\u201d, insisti\u00f3 el mandatario en su conferencia de prensa matutina.<\/p>\n<p style=\"text-align: justify;\">\u201cYo tengo mi conciencia tranquila y s\u00e9 que actuamos de manera correcta\u201d, a\u00f1adi\u00f3 L\u00f3pez Obrador.<\/p>\n<p style=\"text-align: justify;\">M\u00e1s de 600 soldados\u00a0ya se integraron a los patrullajes en Culiac\u00e1n, que paulatinamente intenta regresar a la normalidad. El fin de semana fue sepultado con honores el miembro de la Guardia Nacional que falleci\u00f3 en una de las balaceras registradas el jueves. En total, 13 personas perdieron la vida ese d\u00eda.<\/p>\n<ol style=\"text-align: justify;\">\n<li><strong>\u00abLa mano de \u2018El Mayo\u2019 Zambada\u00bb<\/strong><\/li>\n<\/ol>\n<p style=\"text-align: justify;\">Algunos medios coinciden en que la c\u00e9lula criminal que dirige Ovidio Guzm\u00e1n no actu\u00f3 sola coordinando las acciones violentas que terminaron por replegar a unos 35 efectivos del Ej\u00e9rcito y la Guardia Nacional.<\/p>\n<p style=\"text-align: justify;\">Se cree que detr\u00e1s de esa oleada de tiroteos y bloqueos de vialidades solo pudo haber estado un capo de la talla de\u00a0Ismael \u2018El Mayo\u2019 Zambada,\u00a0quien lleva m\u00e1s de tres d\u00e9cadas al frente de la organizaci\u00f3n criminal.<\/p>\n<p style=\"text-align: justify;\">Jack Riley, un ex agente de la DEA, le dijo al semanario\u00a0Proceso\u00a0que es posible que Zambada haya evitado que otro miembro de los Guzm\u00e1n fuese detenido y terminara en una prisi\u00f3n de m\u00e1xima seguridad de EEUU. En su opini\u00f3n, en la refriega en Culiac\u00e1n \u201cse palp\u00f3\u201d la intervenci\u00f3n de \u2018El MZ\u2019.<\/p>\n<p style=\"text-align: justify;\">Este rescate tambi\u00e9n habr\u00eda demostrado que el pacto entre los jefes del cartel no se rompi\u00f3 en el juicio a \u2018El Chapo\u2019 en Nueva York, en el cual testificaron su hermano Jes\u00fas \u2018El Rey\u2019 Zambada y su hijo\u00a0Vicente \u2018El Vicentillo\u2019 Zambada. Ambos lo hundieron legalmente buscando reducir sus propias condenas.<\/p>\n<p style=\"text-align: justify;\">\u201cEn Culiac\u00e1n y en ning\u00fan lugar de Sinaloa se mueve un dedo sin la bendici\u00f3n y autorizaci\u00f3n del verdadero capo de capos, quien es \u2018El Mayo\u2019 Zambada. La protecci\u00f3n a los hijos de \u2018El Chapo\u2019 fue muy clara. En especial ahora con Ovidio\u201d, asegura el periodista y autor J. Jes\u00fas Esquivel, corresponsal de la revista Proceso en Washington DC y experto en narcotr\u00e1fico, en un video en su cuenta de\u00a0Twitter.<\/p>\n<p style=\"text-align: justify;\">Esquivel afirma que fue Zambada quien en agosto de 2016 rescat\u00f3 a dos hijos de Guzm\u00e1n, entonces encarcelado en espera de su extradici\u00f3n. Los secuestr\u00f3 el Cartel Jalisco Nueva Generaci\u00f3n (CJNG) en un restaurante en Puerto Vallarta, Jalisco. \u201cFueron liberados gracias a la intervenci\u00f3n directa de \u2018El Mayo\u2019\u201d.<\/p>\n<ol style=\"text-align: justify;\" start=\"2\">\n<li><strong>\u00abArresto\u201d y reacci\u00f3n de \u2018El Chapito\u2019<\/strong><\/li>\n<\/ol>\n<p style=\"text-align: justify;\">Alan Feuer, periodista del diario\u00a0The New York Times,\u00a0tuite\u00f3\u00a0que en el operativo en Culiac\u00e1n los militares no solo arrestaron a Ovidio Guzm\u00e1n L\u00f3pez, sino tambi\u00e9n a su medio hermano Iv\u00e1n Archivaldo Guzm\u00e1n Salazar, quien estar\u00eda arriba de \u00e9l en la c\u00fapula del cartel.<\/p>\n<p style=\"text-align: justify;\">Una vez libre, Iv\u00e1n Archivaldo se encarg\u00f3 de dirigir la respuesta de sus sicarios, que r\u00e1pidamente superaron a las fuerzas armadas y lograron liberar a Ovidio, se\u00f1al\u00f3 Feuer citando a funcionarios de Estados Unidos.<\/p>\n<p style=\"text-align: justify;\">\u201cActualizaci\u00f3n en el arresto de Ovidio Guzm\u00e1n: el Ej\u00e9rcito mexicano lo captur\u00f3 a \u00e9l y en un momento dado tambi\u00e9n a su hermano mayor Iv\u00e1n.\u00a0La gente de Iv\u00e1n lo rescat\u00f3,\u00a0de acuerdo con personas informadas sobre el asunto. Luego secuestraron a familias de militares para forzar la liberaci\u00f3n de Ovidio\u201d, mencion\u00f3 el periodista.<\/p>\n<p style=\"text-align: justify;\">En uno de los videos que circularon el d\u00eda de la refriega se escucha c\u00f3mo presuntos miembros del cartel amagaron con asesinar a familiares de soldados si no liberaban al hijo de \u2018El Chapo\u2019. \u201c\u00bfLo vas a soltar o qu\u00e9 pedo, mi chavo? \u00bfC\u00f3mo quieres el baile? (\u2026) Esta es tu responsabilidad\u201d, advierte un hombre por radio. \u201cSu\u00e9ltalo y vete tranquilo, y no se te va a hacer nada\u201d.<\/p>\n<p style=\"text-align: justify;\">La prensa ha difundido un tuit que atribuye a Iv\u00e1n Archivaldo, aunque este ha dicho que ya no usa las redes sociales.\u00a0\u201cGracias, Andr\u00e9s Manuel, por soltar a Ovidio\u00a0(\u2026) Muchos sinaloenses te entendemos, sabemos que no ten\u00edas opci\u00f3n y que estaba en juego la tranquilidad y seguridad de nosotros\u201d, dice como si tomara distancia de los hechos.<\/p>\n<p style=\"text-align: justify;\">\u201cEn la guerra est\u00e1 permitido reconocer una derrota y eso no significa perder la guerra\u201d, concluye el mensaje.<\/p>\n<ol style=\"text-align: justify;\" start=\"3\">\n<li><strong>\u201cLos militares cumplimos con la misi\u00f3n\u201d<\/strong><\/li>\n<\/ol>\n<p style=\"text-align: justify;\">El gabinete de seguridad mexicano insiste en solo rodearon la vivienda en la cual se ocultaba Guzm\u00e1n L\u00f3pez. \u201cPropiamente\u00a0nunca estuvo formalmente detenido\u00a0aun cuando nuestros efectivos hubiesen estado en alg\u00fan momento en control del inmueble\u00bb, declar\u00f3 el secretario de Defensa Nacional el viernes.<\/p>\n<p style=\"text-align: justify;\">Pero ha circulado en las redes sociales\u00a0el audio de un supuesto militar\u00a0que contradice a su jefe y alega que, a pesar del enorme riesgo que ello implic\u00f3, los soldados lograron su cometido.<\/p>\n<p style=\"text-align: justify;\">\u201cCumplimos con el objetivo de detener a un delincuente (\u2026) En Culiac\u00e1n, los militares cumplimos con la misi\u00f3n a pesar de que se estima que eran entre 700 y 800 delincuentes. Solo 350 de nosotros les hicimos frente\u201d, se escucha en el audio. \u201cPero ellos cobardemente amenazaron con atacar inocentes, a mujeres, a ni\u00f1os, a estudiantes y las familias militares. Esto demuestra que son cobardes\u201d, agrega.<\/p>\n<p style=\"text-align: justify;\">Al momento no se han verificado la autenticidad de esta grabaci\u00f3n.<\/p>\n<p style=\"text-align: justify;\">El viernes, las autoridades corrigieron que s\u00ed hab\u00edan montado \u201cuna operaci\u00f3n directa, no circunstancial\u201d para capturar a Ovidio Guzm\u00e1n, pero que termin\u00f3 sali\u00e9ndose de control. Cuando cund\u00eda el p\u00e1nico en Culiac\u00e1n, informaron que una patrulla militar recorr\u00eda la zona cuando \u00abfueron agredidos desde una vivienda\u00bb, dentro de la cual se toparon con Guzm\u00e1n.<\/p>\n<p style=\"text-align: justify;\">El gobierno de L\u00f3pez Obrador no ha precisado qu\u00e9 dependencia o funcionario estuvo a cargo del plan para detener al hijo de \u2018El Chapo\u2019 y habla como si se hubiese enterado de \u00e9ste cuando ya era tarde.<\/p>\n<p style=\"text-align: justify;\">Tampoco se ha confirmado la veracidad de las fotograf\u00edas en las que Ovidio supuestamente aparece con un uniforme militar y una capucha de camuflaje que le cubre casi todo el rostro.<\/p>\n<ol style=\"text-align: justify;\" start=\"4\">\n<li><strong>Los videos que doblegaron a los militares<\/strong><\/li>\n<\/ol>\n<p style=\"text-align: justify;\">Seg\u00fan un art\u00edculo del diario\u00a0The Wall Street Journal,\u00a0los soldados bajaron las armas porque recibieron videos y en uno se mostraba a efectivos que hab\u00edan sido capturados por el cartel. Uno de estos circula en la Internet y muestra a varios pistoleros a bordo de una camioneta militar y a\u00fan coordinando su violenta ofensiva en Sinaloa.<\/p>\n<p style=\"text-align: justify;\">\u201cLos hombres armados enviaron al menos dos videos a los comandantes militares estacionados en Culiac\u00e1n, uno que muestra a miembros de una patrulla capturada retenidos como rehenes, y otro que se muestra a un soldado uniformado, atado y descalzo,\u00a0ejecutado con un disparo en la cabeza\u201d,\u00a0dijo un ex funcionario al mismo medio.<\/p>\n<p style=\"text-align: justify;\">Se teme que unas 60 familias en un complejo habitacional en el que viven esposas e hijos de militares decidieron irse para evitar ser blanco de otra reacci\u00f3n del cartel.<\/p>\n<p style=\"text-align: justify;\">El canciller mexicano Marcelo Ebrard reconoci\u00f3 que miembros del crimen organizado se colocaron el jueves frente a ese lugar esperando la orden para asesinarlos.<\/p>\n<p style=\"text-align: justify;\">\u201cSi se hubiese dado la orden de continuar con el operativo en Culiac\u00e1n se estima que los muertos, sobre todo de la poblaci\u00f3n civil, habr\u00edan rebasado probablemente\u00a0los 200\u201d,\u00a0advirti\u00f3 el funcionario.<\/p>\n<p style=\"text-align: justify;\"><em>Con informaci\u00f3n de Univision<\/em>.<\/p>\n","protected":false},"excerpt":{"rendered":"","protected":false},"author":6,"featured_media":21164,"comment_status":"open","ping_status":"open","sticky":false,"template":"","format":"standard","meta":{"_acf_changed":false,"_monsterinsights_skip_tracking":false,"slim_seo":{"title":"\u00bfQu\u00e9 pas\u00f3 en Culiac\u00e1n? Nuevas versiones sobre el fallido arresto del hijo de 'El Chapo' - Opini\u00f3n P\u00fablica","description":"Culiac\u00e1n, Sinaloa .- Una semana despu\u00e9s del\u00a0fallido arresto con tintes cinematogr\u00e1ficos\u00a0que protagoniz\u00f3\u00a0Ovidio Guzm\u00e1n,\u00a0uno de los hijos del narcotraficante\u00a0Joaq"},"footnotes":""},"categories":[3],"tags":[],"class_list":["post-21165","post","type-post","status-publish","format-standard","has-post-thumbnail","hentry","category-principal"],"acf":[],"_links":{"self":[{"href":"https:\/\/www.opinionpublica.tv\/portada\/wp-json\/wp\/v2\/posts\/21165","targetHints":{"allow":["GET"]}}],"collection":[{"href":"https:\/\/www.opinionpublica.tv\/portada\/wp-json\/wp\/v2\/posts"}],"about":[{"href":"https:\/\/www.opinionpublica.tv\/portada\/wp-json\/wp\/v2\/types\/post"}],"author":[{"embeddable":true,"href":"https:\/\/www.opinionpublica.tv\/portada\/wp-json\/wp\/v2\/users\/6"}],"replies":[{"embeddable":true,"href":"https:\/\/www.opinionpublica.tv\/portada\/wp-json\/wp\/v2\/comments?post=21165"}],"version-history":[{"count":0,"href":"https:\/\/www.opinionpublica.tv\/portada\/wp-json\/wp\/v2\/posts\/21165\/revisions"}],"wp:featuredmedia":[{"embeddable":true,"href":"https:\/\/www.opinionpublica.tv\/portada\/wp-json\/wp\/v2\/media\/21164"}],"wp:attachment":[{"href":"https:\/\/www.opinionpublica.tv\/portada\/wp-json\/wp\/v2\/media?parent=21165"}],"wp:term":[{"taxonomy":"category","embeddable":true,"href":"https:\/\/www.opinionpublica.tv\/portada\/wp-json\/wp\/v2\/categories?post=21165"},{"taxonomy":"post_tag","embeddable":true,"href":"https:\/\/www.opinionpublica.tv\/portada\/wp-json\/wp\/v2\/tags?post=21165"}],"curies":[{"name":"wp","href":"https:\/\/api.w.org\/{rel}","templated":true}]}}