{"id":21163,"date":"2019-10-22T06:00:00","date_gmt":"2019-10-22T04:00:00","guid":{"rendered":"https:\/\/www.opinionpublica.tv\/portada\/2019\/10\/22\/potente-tornado-causa-destrozos-y-deja-sin-luz-a-mas-de-65-mil-personas-en-dallas-tx\/"},"modified":"2019-10-22T06:00:00","modified_gmt":"2019-10-22T04:00:00","slug":"potente-tornado-causa-destrozos-y-deja-sin-luz-a-mas-de-65-mil-personas-en-dallas-tx","status":"publish","type":"post","link":"https:\/\/www.opinionpublica.tv\/portada\/potente-tornado-causa-destrozos-y-deja-sin-luz-a-mas-de-65-mil-personas-en-dallas-tx\/","title":{"rendered":"Tornado causa destrozos y deja sin luz a m\u00e1s de 65 mil personas en Dallas, Tx"},"content":{"rendered":"<p><img fetchpriority=\"high\" decoding=\"async\" class=\" size-full wp-image-21161\" src=\"https:\/\/www.opinionpublica.tv\/portada\/wp-content\/uploads\/2019\/10\/ceaa1151731e50570f1ce201440b55cd.jpg\" alt=\"\" class=\"caption\" title=\"El sorpresivo tornado dej\u00f3 sin luz a 65 mil personas en Dallas, Texas.\" width=\"800\" height=\"400\" srcset=\"https:\/\/www.opinionpublica.tv\/portada\/wp-content\/uploads\/2019\/10\/ceaa1151731e50570f1ce201440b55cd.jpg 800w, https:\/\/www.opinionpublica.tv\/portada\/wp-content\/uploads\/2019\/10\/ceaa1151731e50570f1ce201440b55cd-300x150.jpg 300w, https:\/\/www.opinionpublica.tv\/portada\/wp-content\/uploads\/2019\/10\/ceaa1151731e50570f1ce201440b55cd-768x384.jpg 768w\" sizes=\"(max-width: 800px) 100vw, 800px\" \/><br \/>\n<!--more--><\/p>\n<p style=\"text-align: justify;\"><em>Dallas, Texas, EU<\/em>.- Un tornado acompa\u00f1ado de varias tormentas violentas azot\u00f3 el \u00e1rea de Dallas el domingo por la noche, destruyendo casas y negocios y dejando sin energ\u00eda el\u00e9ctrica al menos a 65 mil personas, seg\u00fan reportaron las autoridades.<\/p>\n<p style=\"text-align: justify;\">El tornado, con vientos de 70 millas por hora, toc\u00f3 tierra cerca de las 9:30 pm hora local y elev\u00f3 escombros a por lo menos a tres millas en el aire, seg\u00fan un reporte del Servicio Nacional de Meteorolog\u00eda de Dallas.<\/p>\n<p style=\"text-align: justify;\">El sistema vino acompa\u00f1ado de fuertes lluvias, rel\u00e1mpagos y grandes bolas de granizo. Las autoridades de la ciudad no reportaron heridos graves ni v\u00edctimas mortales en\u00a0un bolet\u00edn, en el que mencionan que todav\u00eda est\u00e1n evaluando los da\u00f1os causados por la tormenta.<\/p>\n<p style=\"text-align: justify;\">Se reportaron 35 sem\u00e1foros da\u00f1ados o ca\u00eddos, as\u00ed como \u00e1rboles arrancados, l\u00edneas el\u00e9ctricas rotas y escombros. Tambi\u00e9n hubo reportes de una fuga de gas, seg\u00fan el diario\u00a0The Washington Post.<\/p>\n<p style=\"text-align: justify;\"><img decoding=\"async\" class=\" size-full wp-image-21162\" src=\"https:\/\/www.opinionpublica.tv\/portada\/wp-content\/uploads\/2019\/10\/dallas_2.png\" width=\"764\" height=\"432\" srcset=\"https:\/\/www.opinionpublica.tv\/portada\/wp-content\/uploads\/2019\/10\/dallas_2.png 764w, https:\/\/www.opinionpublica.tv\/portada\/wp-content\/uploads\/2019\/10\/dallas_2-300x170.png 300w\" sizes=\"(max-width: 764px) 100vw, 764px\" \/><\/p>\n<p style=\"text-align: justify;\">Seis escuelas a trav\u00e9s del Distrito Escolar Independiente de Dallas cancelaron clases el lunes debido al da\u00f1o extensivo que algunas de las escuelas sufrieron durante la tormenta, inform\u00f3 el distrito.<\/p>\n<p style=\"text-align: justify;\">Oncor, la compa\u00f1\u00eda de servicios p\u00fablicos m\u00e1s grande del estado, dijo en Twitter que \u00abel da\u00f1o es significativo en las \u00e1reas donde el tornado toc\u00f3 tierra\u00bb.<\/p>\n<p style=\"text-align: justify;\">Los funcionarios de la ciudad instaron a los residentes a permanecer dentro de sus casas si se encuentran en un \u00e1rea con da\u00f1os<\/p>\n<p style=\"text-align: justify;\">Rocky Vaz, director de la Oficina de Administraci\u00f3n de Emergencias de Dallas, dijo al Post que tres personas hab\u00edan sido hospitalizadas por lesiones leves relacionadas con la tormenta. Vaz agreg\u00f3 que seis personas tambi\u00e9n sufrieron lesiones no cr\u00edticas despu\u00e9s de que una motocicleta volc\u00f3. (Univision)<\/p>\n","protected":false},"excerpt":{"rendered":"","protected":false},"author":6,"featured_media":21161,"comment_status":"open","ping_status":"open","sticky":false,"template":"","format":"standard","meta":{"_acf_changed":false,"_monsterinsights_skip_tracking":false,"slim_seo":{"title":"Tornado causa destrozos y deja sin luz a m\u00e1s de 65 mil personas en Dallas, Tx - Opini\u00f3n P\u00fablica","description":"Dallas, Texas, EU .- Un tornado acompa\u00f1ado de varias tormentas violentas azot\u00f3 el \u00e1rea de Dallas el domingo por la noche, destruyendo casas y negocios y dejando"},"footnotes":""},"categories":[24],"tags":[],"class_list":["post-21163","post","type-post","status-publish","format-standard","has-post-thumbnail","hentry","category-estados-unidos"],"acf":[],"_links":{"self":[{"href":"https:\/\/www.opinionpublica.tv\/portada\/wp-json\/wp\/v2\/posts\/21163","targetHints":{"allow":["GET"]}}],"collection":[{"href":"https:\/\/www.opinionpublica.tv\/portada\/wp-json\/wp\/v2\/posts"}],"about":[{"href":"https:\/\/www.opinionpublica.tv\/portada\/wp-json\/wp\/v2\/types\/post"}],"author":[{"embeddable":true,"href":"https:\/\/www.opinionpublica.tv\/portada\/wp-json\/wp\/v2\/users\/6"}],"replies":[{"embeddable":true,"href":"https:\/\/www.opinionpublica.tv\/portada\/wp-json\/wp\/v2\/comments?post=21163"}],"version-history":[{"count":0,"href":"https:\/\/www.opinionpublica.tv\/portada\/wp-json\/wp\/v2\/posts\/21163\/revisions"}],"wp:featuredmedia":[{"embeddable":true,"href":"https:\/\/www.opinionpublica.tv\/portada\/wp-json\/wp\/v2\/media\/21161"}],"wp:attachment":[{"href":"https:\/\/www.opinionpublica.tv\/portada\/wp-json\/wp\/v2\/media?parent=21163"}],"wp:term":[{"taxonomy":"category","embeddable":true,"href":"https:\/\/www.opinionpublica.tv\/portada\/wp-json\/wp\/v2\/categories?post=21163"},{"taxonomy":"post_tag","embeddable":true,"href":"https:\/\/www.opinionpublica.tv\/portada\/wp-json\/wp\/v2\/tags?post=21163"}],"curies":[{"name":"wp","href":"https:\/\/api.w.org\/{rel}","templated":true}]}}