{"id":21123,"date":"2019-10-06T06:00:00","date_gmt":"2019-10-06T04:00:00","guid":{"rendered":"https:\/\/www.opinionpublica.tv\/portada\/2019\/10\/06\/emergencia-alimentaria-en-seis-estados-del-pais-yako-rodriguez\/"},"modified":"2019-10-06T06:00:00","modified_gmt":"2019-10-06T04:00:00","slug":"emergencia-alimentaria-en-seis-estados-del-pais-yako-rodriguez","status":"publish","type":"post","link":"https:\/\/www.opinionpublica.tv\/portada\/emergencia-alimentaria-en-seis-estados-del-pais-yako-rodriguez\/","title":{"rendered":"Emergencia alimentaria en seis estados del pa\u00eds: Yako Rodr\u00edguez"},"content":{"rendered":"<p><img fetchpriority=\"high\" decoding=\"async\" class=\" size-full wp-image-21122\" src=\"https:\/\/www.opinionpublica.tv\/portada\/wp-content\/uploads\/2019\/10\/d34f572298c355e67de4206d01686697-scaled.jpg\" alt=\"\" class=\"caption\" title=\"Heraclio 'Yako' Rodr\u00edguez, l\u00edder campesino de Chihuahua y actual diputado federal.\" width=\"2560\" height=\"1211\" srcset=\"https:\/\/www.opinionpublica.tv\/portada\/wp-content\/uploads\/2019\/10\/d34f572298c355e67de4206d01686697-scaled.jpg 2560w, https:\/\/www.opinionpublica.tv\/portada\/wp-content\/uploads\/2019\/10\/d34f572298c355e67de4206d01686697-300x142.jpg 300w, https:\/\/www.opinionpublica.tv\/portada\/wp-content\/uploads\/2019\/10\/d34f572298c355e67de4206d01686697-1024x485.jpg 1024w, https:\/\/www.opinionpublica.tv\/portada\/wp-content\/uploads\/2019\/10\/d34f572298c355e67de4206d01686697-768x363.jpg 768w, https:\/\/www.opinionpublica.tv\/portada\/wp-content\/uploads\/2019\/10\/d34f572298c355e67de4206d01686697-1536x727.jpg 1536w, https:\/\/www.opinionpublica.tv\/portada\/wp-content\/uploads\/2019\/10\/d34f572298c355e67de4206d01686697-2048x969.jpg 2048w\" sizes=\"(max-width: 2560px) 100vw, 2560px\" \/><br \/>\n<!--more--><\/p>\n<p style=\"text-align: justify;\"><em>Ciudad de M\u00e9xico<\/em>.- El diputado federal y presidente de la Comisi\u00f3n de Desarrollo y Conservaci\u00f3n Rural, Eraclio Rodr\u00edguez G\u00f3mez, lanz\u00f3 un llamado a las dependencias del gobierno federal encargadas de atender a los sectores m\u00e1s desprotegidos de la poblaci\u00f3n, para que a la brevedad se emprendan acciones para mitigar los efectos de una emergencia alimentaria en al menos 6 estados del pa\u00eds, esto como resultado de fen\u00f3menos naturales tan contrastantes como sequ\u00edas e inundaciones.<\/p>\n<p style=\"text-align: justify;\">El legislador dijo que los efectos de estos fen\u00f3menos naturales significa un asunto de sobrevivencia de miles de familias de las zonas rurales de estados como Chihuahua, Durango, Nayarit, Zacatecas y algunas partes de Tamaulipas y San Luis Potos\u00ed ya que la p\u00e9rdida de cultivos, en su mayor\u00eda de autoconsumo, deriva en carencia de alimentos.<\/p>\n<p style=\"text-align: justify;\">\u201cPor ejemplo, este fin de semana estuvo el presidente L\u00f3pez Obrador en la sierra de Chihuahua y se le presentaron un grupo de tarahumaras pidiendo atenci\u00f3n por parte del gobierno. Esto ya hab\u00eda sucedido y desde hace dos a\u00f1os, estos grupos ind\u00edgenas han manifestado a las autoridades sus necesidades. Afortunadamente y gracias a la sensibilidad del presidente, se reconoce que en Chihuahua hay hambruna la cual se manifiesta en la tuberculosis; sin embargo, no basta con reconocerlo es obligatorio resolverlo\u201d extern\u00f3.<\/p>\n<p style=\"text-align: justify;\">En este sentido, Rodr\u00edguez G\u00f3mez, conden\u00f3 que las dependencias federales involucradas en la atenci\u00f3n a los grupos m\u00e1s vulnerables, est\u00e1n olvidando las\u00a0\u00a0prioridades del presidente Andr\u00e9s Manuel L\u00f3pez Obrador, quien todos los d\u00edas nos dice que los pobres son primero.<\/p>\n<p style=\"text-align: justify;\">El diputado enfatiz\u00f3 que esta problem\u00e1tica no es un asunto de producci\u00f3n sino que es cuesti\u00f3n de sobrevivencia, y se resuelve con acciones que\u00a0acompa\u00f1en a las familias con mayores niveles de emergencia,\u00a0no con buenas intenciones.<\/p>\n<p style=\"text-align: justify;\">Rodr\u00edguez dijo que reconocer que existe un problema es el primer paso para resolverlo; la sequ\u00eda por una parte y las inundaciones por otra, tienen al pa\u00eds al borde de un desastre que no se ha querido examinar.<\/p>\n","protected":false},"excerpt":{"rendered":"","protected":false},"author":6,"featured_media":21122,"comment_status":"open","ping_status":"open","sticky":false,"template":"","format":"standard","meta":{"_acf_changed":false,"_monsterinsights_skip_tracking":false,"slim_seo":{"title":"Emergencia alimentaria en seis estados del pa\u00eds: Yako Rodr\u00edguez - Opini\u00f3n P\u00fablica","description":"Ciudad de M\u00e9xico .- El diputado federal y presidente de la Comisi\u00f3n de Desarrollo y Conservaci\u00f3n Rural, Eraclio Rodr\u00edguez G\u00f3mez, lanz\u00f3 un llamado a las dependen"},"footnotes":""},"categories":[9],"tags":[],"class_list":["post-21123","post","type-post","status-publish","format-standard","has-post-thumbnail","hentry","category-nacional"],"acf":[],"_links":{"self":[{"href":"https:\/\/www.opinionpublica.tv\/portada\/wp-json\/wp\/v2\/posts\/21123","targetHints":{"allow":["GET"]}}],"collection":[{"href":"https:\/\/www.opinionpublica.tv\/portada\/wp-json\/wp\/v2\/posts"}],"about":[{"href":"https:\/\/www.opinionpublica.tv\/portada\/wp-json\/wp\/v2\/types\/post"}],"author":[{"embeddable":true,"href":"https:\/\/www.opinionpublica.tv\/portada\/wp-json\/wp\/v2\/users\/6"}],"replies":[{"embeddable":true,"href":"https:\/\/www.opinionpublica.tv\/portada\/wp-json\/wp\/v2\/comments?post=21123"}],"version-history":[{"count":0,"href":"https:\/\/www.opinionpublica.tv\/portada\/wp-json\/wp\/v2\/posts\/21123\/revisions"}],"wp:featuredmedia":[{"embeddable":true,"href":"https:\/\/www.opinionpublica.tv\/portada\/wp-json\/wp\/v2\/media\/21122"}],"wp:attachment":[{"href":"https:\/\/www.opinionpublica.tv\/portada\/wp-json\/wp\/v2\/media?parent=21123"}],"wp:term":[{"taxonomy":"category","embeddable":true,"href":"https:\/\/www.opinionpublica.tv\/portada\/wp-json\/wp\/v2\/categories?post=21123"},{"taxonomy":"post_tag","embeddable":true,"href":"https:\/\/www.opinionpublica.tv\/portada\/wp-json\/wp\/v2\/tags?post=21123"}],"curies":[{"name":"wp","href":"https:\/\/api.w.org\/{rel}","templated":true}]}}