{"id":21112,"date":"2019-10-06T06:00:00","date_gmt":"2019-10-06T04:00:00","guid":{"rendered":"https:\/\/www.opinionpublica.tv\/portada\/2019\/10\/06\/paro-nacional-universitario\/"},"modified":"2019-10-06T06:00:00","modified_gmt":"2019-10-06T04:00:00","slug":"paro-nacional-universitario","status":"publish","type":"post","link":"https:\/\/www.opinionpublica.tv\/portada\/paro-nacional-universitario\/","title":{"rendered":"Paro nacional universitario"},"content":{"rendered":"<img fetchpriority=\"high\" decoding=\"async\" class=\" size-full wp-image-21111\" src=\"https:\/\/www.opinionpublica.tv\/portada\/wp-content\/uploads\/2019\/10\/4a349bb0893c4a920f0bc8062b30c0d4.jpg\" alt=\"\" class=\"caption\" title=\"Eduardo Borunda Escobedo.\" width=\"215\" height=\"241\" \/>\n<p style=\"text-align: justify;\">El pr\u00f3ximo mi\u00e9rcoles 9 de octubre ser\u00e1 hist\u00f3rico, los maestros universitarios y el personal administrativo sindicalizado har\u00e1n un paro de labores, las universidades estar\u00e1n vac\u00edas, las aulas no tendr\u00e1n docentes. Nunca antes en la historia de M\u00e9xico se hab\u00eda organizado un paro de actividades con repercusiones en todo el pa\u00eds. La queja fundamental es la cancelaci\u00f3n de programa especiales que beneficiaban a los universitarios, en otros casos es el nulo apoyo en el pago de las obligaciones de la federaci\u00f3n a las universidades p\u00fablicas estatales y en el peor de los casos es la disminuci\u00f3n de los apoyos a los fideicomisos de jubilados y pensionados.<\/p>\n<p><!--more--><\/p>\n<p style=\"text-align: justify;\">\u00a0<\/p>\n<p style=\"text-align: justify;\">En la UABC, en el estado de Baja California, habr\u00e1 una marcha que exige el pago de los apoyos retenidos. En la UACH, el paro incluye a maestros y personal administrativo. La crisis hizo que m\u00e1s de 50 sindicatos universitarios se reunieran en la Ciudad de M\u00e9xico en la C\u00e1mara de Diputados con la Comisi\u00f3n de Presupuestos y donde el tema no fue solicitar los apoyos retenidos y cancelados, sino la exigencia de reactivar los apoyos entre ellos el aumento salarial que ha sido siempre inferior a la inflaci\u00f3n y ha colocado el aumento como una \u201cpecata minuta\u201d cuando siempre ha sido una exigencia legitima.<\/p>\n<p style=\"text-align: justify;\">En un comunicado del Sindicato de Personal Acad\u00e9mico de la Universidad Aut\u00f3noma de Chihuahua (SPAUACH), se inform\u00f3 que hubo un acuerdo en la\u00a0 \u00faltima Asamblea General de la Confederaci\u00f3n Nacional de Trabajadores Universitarios, la CONTU, un \u201cParo Nacional de labores\u201d. La fecha propuesta es el pr\u00f3ximo 9 de octubre del presente a\u00f1o.<\/p>\n<p style=\"text-align: justify;\">\u201cEl objetivo es dejar en claro que los universitarios se suman a los esfuerzos de sus organizaciones sindicales para exigir mayor presupuesto al gobierno de M\u00e9xico\u201d dice el citado documento en una de sus partes.<\/p>\n<p style=\"text-align: justify;\">Benito Aguirre S\u00e1enz, Secretarios General del SPAUACH, mencion\u00f3 que estas acciones pretenden garantizar \u201ccobertura y educaci\u00f3n de calidad\u201d, resolver los problemas estructurales de las universidades p\u00fablicas, evitar que sigan los recortes en materia educativa a nivel superior as\u00ed como garantizar los derechos contractuales de los trabajadores sindicalizados.<\/p>\n<p style=\"text-align: justify;\">La Universidad Aut\u00f3noma de Chihuahua tiene presencia en los municipios de Ciudad Ju\u00e1rez, Chihuahua, Camargo, Parral, Delicias, Cuauht\u00e9moc, Madera, Ojinaga, Guachochi, Guadalupe y Calvo, Guerrero; cuenta con 15 unidades acad\u00e9micas y atiende a una matr\u00edcula superior a los 30 mil estudiantes en sus diversos programas educativos.<\/p>\n<p style=\"text-align: justify;\">Otros sindicatos e instituciones de educaci\u00f3n superior esperan dar un pronunciamiento a m\u00e1s tardar este pr\u00f3ximo lunes, ya que por normativa deber\u00e1n informar a sus comit\u00e9s ejecutivos y a los comit\u00e9s de representantes antes de tomar una decisi\u00f3n que impacta a la comunidad en lo general, sobre todo en los procesos administrativos y sus posibles consecuencias.<\/p>\n<p style=\"text-align: justify;\">En conclusi\u00f3n, a\u00fan no pasa un a\u00f1o completo y al parecer la relaci\u00f3n entre los sindicatos universitarios y el gobierno federal no ha sido la mejor relaci\u00f3n. Lo que sorprende es que los principios del Estado moderno de esta cuarta transformaci\u00f3n no atiende a los sabios consejos del pr\u00edncipe de la pol\u00edtica, Maquiavelo ya hubiera atendido la crisis y la hubiera resuelto. En fin, el paro nacional universitario ser\u00e1 la primera gran desmovilizaci\u00f3n pac\u00edfica para concientizar al gobierno federal.<\/p>\n","protected":false},"excerpt":{"rendered":"<p>El pr\u00f3ximo mi\u00e9rcoles 9 de octubre ser\u00e1 hist\u00f3rico, los maestros universitarios y el personal administrativo sindicalizado har\u00e1n un paro de labores, las universidades estar\u00e1n vac\u00edas, las aulas no tendr\u00e1n docentes. Nunca antes en la historia de M\u00e9xico se hab\u00eda organizado un paro de actividades con repercusiones en todo el pa\u00eds. La queja fundamental es la [&hellip;]<\/p>\n","protected":false},"author":6,"featured_media":21111,"comment_status":"open","ping_status":"open","sticky":false,"template":"","format":"standard","meta":{"_acf_changed":false,"_monsterinsights_skip_tracking":false,"slim_seo":{"title":"Paro nacional universitario - Opini\u00f3n P\u00fablica","description":"El pr\u00f3ximo mi\u00e9rcoles 9 de octubre ser\u00e1 hist\u00f3rico, los maestros universitarios y el personal administrativo sindicalizado har\u00e1n un paro de labores, las universid"},"footnotes":""},"categories":[31],"tags":[],"class_list":["post-21112","post","type-post","status-publish","format-standard","has-post-thumbnail","hentry","category-galimatias"],"acf":[],"_links":{"self":[{"href":"https:\/\/www.opinionpublica.tv\/portada\/wp-json\/wp\/v2\/posts\/21112","targetHints":{"allow":["GET"]}}],"collection":[{"href":"https:\/\/www.opinionpublica.tv\/portada\/wp-json\/wp\/v2\/posts"}],"about":[{"href":"https:\/\/www.opinionpublica.tv\/portada\/wp-json\/wp\/v2\/types\/post"}],"author":[{"embeddable":true,"href":"https:\/\/www.opinionpublica.tv\/portada\/wp-json\/wp\/v2\/users\/6"}],"replies":[{"embeddable":true,"href":"https:\/\/www.opinionpublica.tv\/portada\/wp-json\/wp\/v2\/comments?post=21112"}],"version-history":[{"count":0,"href":"https:\/\/www.opinionpublica.tv\/portada\/wp-json\/wp\/v2\/posts\/21112\/revisions"}],"wp:featuredmedia":[{"embeddable":true,"href":"https:\/\/www.opinionpublica.tv\/portada\/wp-json\/wp\/v2\/media\/21111"}],"wp:attachment":[{"href":"https:\/\/www.opinionpublica.tv\/portada\/wp-json\/wp\/v2\/media?parent=21112"}],"wp:term":[{"taxonomy":"category","embeddable":true,"href":"https:\/\/www.opinionpublica.tv\/portada\/wp-json\/wp\/v2\/categories?post=21112"},{"taxonomy":"post_tag","embeddable":true,"href":"https:\/\/www.opinionpublica.tv\/portada\/wp-json\/wp\/v2\/tags?post=21112"}],"curies":[{"name":"wp","href":"https:\/\/api.w.org\/{rel}","templated":true}]}}