{"id":21110,"date":"2019-10-06T06:00:00","date_gmt":"2019-10-06T04:00:00","guid":{"rendered":"https:\/\/www.opinionpublica.tv\/portada\/2019\/10\/06\/efemerides-6-de-octubre-3\/"},"modified":"2019-10-06T06:00:00","modified_gmt":"2019-10-06T04:00:00","slug":"efemerides-6-de-octubre-3","status":"publish","type":"post","link":"https:\/\/www.opinionpublica.tv\/portada\/efemerides-6-de-octubre-3\/","title":{"rendered":"Efem\u00e9rides 6 de octubre"},"content":{"rendered":"<img fetchpriority=\"high\" decoding=\"async\" class=\" size-full wp-image-21109\" src=\"https:\/\/www.opinionpublica.tv\/portada\/wp-content\/uploads\/2019\/10\/d205f9e7a45563487caef0dafce6472f.jpg\" alt=\"\" class=\"caption\" title=\"El Cantante de Jazz\", de Alain Grosland, fue la primer pel\u00edcula de cine hablado.\" width=\"400\" height=\"307\" srcset=\"https:\/\/www.opinionpublica.tv\/portada\/wp-content\/uploads\/2019\/10\/d205f9e7a45563487caef0dafce6472f.jpg 400w, https:\/\/www.opinionpublica.tv\/portada\/wp-content\/uploads\/2019\/10\/d205f9e7a45563487caef0dafce6472f-300x230.jpg 300w\" sizes=\"(max-width: 400px) 100vw, 400px\" \/>\n<p style=\"text-align: justify;\">Un d\u00eda 6 de octubre como hoy, pero de 1927, nace el cine hablado, con la proyecci\u00f3n, en el Teatro Warner de Nueva York, de la pel\u00edcula \u00abEl Cantante de Jazz\u00bb, de Alain Grosland, que llevaba anexa una banda sonora que recog\u00eda por primera vez la voz humana.<\/p>\n<p><!--more--><\/p>\n<p style=\"text-align: justify;\"><strong>Otras efem\u00e9rides<\/strong><\/p>\n<p style=\"text-align: justify;\">1682.- Nace Bruno Mauricio de Zabala, militar espa\u00f1ol fundador de Montevideo, gobernador y capit\u00e1n general de Buenos Aires.<\/p>\n<p style=\"text-align: justify;\">1750.- Se publica el folleto, redactado por Diderot, que anuncia la \u00abEnciclopedia\u00bb.<\/p>\n<p style=\"text-align: justify;\">1856.- Con el apoyo de Espa\u00f1a, Buenaventura B\u00e1ez regresa del exilio y asume la presidencia de la Rep\u00fablica Dominicana.<\/p>\n<p style=\"text-align: justify;\">1862.- Muere Francisco Acu\u00f1a de Figueroa, poeta uruguayo.<\/p>\n<p style=\"text-align: justify;\">1887.- Nace Charles Edouard Jeanneret, \u00abLe Corbusier\u00bb, arquitecto suizo nacionalizado franc\u00e9s.<\/p>\n<p style=\"text-align: justify;\">1892.- Muere Alfred Tennyson, poeta ingl\u00e9s.<\/p>\n<p style=\"text-align: justify;\">1896.- Guerra de Cuba. La columna de socorro de soldados espa\u00f1oles levanta el cerco de Cascorro, fort\u00edn en cuya defensa inmortaliz\u00f3 su nombre el madrile\u00f1o Eloy Gonzalo.<\/p>\n<p style=\"text-align: justify;\">1903.- Se prueba en un suburbio de Berl\u00edn una locomotora Siemens que alcanza por primera vez en la historia los 200 km\/h.<\/p>\n<p style=\"text-align: justify;\">1908.- Nace Carole Lombard, actriz estadounidense.<\/p>\n<p style=\"text-align: justify;\">1919.- Muere Ricardo Palma, escritor peruano.<\/p>\n<p style=\"text-align: justify;\">1920.- La frontera polaca con Rusia se desplaza hacia el Este y se firma en Riga la paz entre Rusia y Polonia.<\/p>\n<p style=\"text-align: justify;\">1930.- Getulio Vargas, derrotado en los comicios brasile\u00f1os por Julio Prestes, no acepta el resultado de las elecciones y encabeza un movimiento militar que se hace con el poder.<\/p>\n<p style=\"text-align: justify;\">1930.- Nace Hafed Al Asad, presidente de Siria durante casi tres d\u00e9cadas.<\/p>\n<p style=\"text-align: justify;\">1944.- Fundaci\u00f3n en El Cairo de la Liga Arabe, integrada originariamente por Egipto, Yemen, Arabia Saud\u00ed, Siria, Irak, L\u00edbano y Transjordania (hoy Jordania).<\/p>\n<p style=\"text-align: justify;\">1973.- Empieza la Guerra del Yom Kippur, cuarta contienda \u00e1rabe-israel\u00ed, de 19 d\u00edas de duraci\u00f3n.<\/p>\n<p style=\"text-align: justify;\">1979.- Por primera vez un Papa, Juan Pablo II, entra en la Casa Blanca, residencia de los presidentes de EEUU.<\/p>\n<p style=\"text-align: justify;\">1981.- Integristas musulmanes matan al presidente egipcio, Anuar El Sadat, durante un desfile militar conmemorativo de la victoria en la guerra del Yom Kippur.<\/p>\n<p style=\"text-align: justify;\">1987.- El coronel Rabuka proclama la Rep\u00fablica de Fidji.<\/p>\n<p style=\"text-align: justify;\">1988.- Toque de queda en Argel: la violencia de estudiantes y parados, capitalizada por integristas, causa 159 muertos y cientos de heridos.<\/p>\n<p style=\"text-align: justify;\">1989.- Muere Bette Davis, actriz estadounidense.<\/p>\n<p style=\"text-align: justify;\">1991.- El Partido Social Dem\u00f3crata (PSD) de Portugal, liderado por Anibal Cavaco Silva, logra por segunda vez consecutiva la mayor\u00eda absoluta en las elecciones legislativas.<\/p>\n<p style=\"text-align: justify;\">1992.- Inaugurado en Santo Domingo el faro dedicado a Col\u00f3n para conmemorar el V Centenario del Descubrimiento.<\/p>\n<p style=\"text-align: justify;\">1994.- El Parlamento haitiano aprueba la ley de amnist\u00eda para los militares golpistas.<\/p>\n<p style=\"text-align: justify;\">1997.- Detienen en Madrid al exmilitar argentino Adolfo Schilingo, en relaci\u00f3n al caso abierto por la desaparici\u00f3n de espa\u00f1oles durante la dictadura argentina.<\/p>\n<p style=\"text-align: justify;\">1999.- Muere Amalia Rodrigues, cantante de fados portuguesa.<\/p>\n<p style=\"text-align: justify;\">2002.- Luiz In\u00e1cio Lula da Silva, del Partido de los Trabajadores, gana las elecciones presidenciales en Brasil, en primera vuelta.<\/p>\n<p style=\"text-align: justify;\">2002.- El Papa canoniza a Jos\u00e9 Mar\u00eda Escriv\u00e1 de Balaguer, fundador del Opus Dei.<\/p>\n<p style=\"text-align: justify;\">2005.- El Tribunal Supremo de Israel proh\u00edbe al Ej\u00e9rcito emplear a civiles palestinos como \u00abescudos humanos\u00bb durante sus redadas.<\/p>\n<p style=\"text-align: justify;\">2002.- Muere Pr\u00edncipe Claus de Holanda, esposo de la reina Beatriz.<\/p>\n<p style=\"text-align: justify;\">2008.- Mueren sepultadas 74 personas (42 de ellas, ni\u00f1os) por un terremoto en Nura (Kirguizist\u00e1n).<\/p>\n<p style=\"text-align: justify;\">2011.- Se producen violentos enfrentamientos en Chile entre polic\u00edas y estudiantes.<\/p>\n<p style=\"text-align: justify;\">2012.- El ex mayordomo del Papa Paolo Gabriele es condenado a 18 meses de c\u00e1rcel por robar documentos del Pont\u00edfice.<\/p>\n<p style=\"text-align: justify;\">2013.- 57 muertos en enfrentamientos entre islamistas y polic\u00eda en Egipto.<\/p>\n<p style=\"text-align: justify;\">2014.- Se confirma que una auxiliar de enfermer\u00eda del Hospital Carlos III, de Madrid (Teresa Romero), ha contra\u00eddo el \u00e9bola. Es el primer caso conocido de contagio fuera de \u00c1frica.<\/p>\n","protected":false},"excerpt":{"rendered":"<p>Un d\u00eda 6 de octubre como hoy, pero de 1927, nace el cine hablado, con la proyecci\u00f3n, en el Teatro Warner de Nueva York, de la pel\u00edcula \u00abEl Cantante de Jazz\u00bb, de Alain Grosland, que llevaba anexa una banda sonora que recog\u00eda por primera vez la voz humana.<\/p>\n","protected":false},"author":6,"featured_media":21109,"comment_status":"open","ping_status":"open","sticky":false,"template":"","format":"standard","meta":{"_acf_changed":false,"_monsterinsights_skip_tracking":false,"slim_seo":{"title":"Efem\u00e9rides 6 de octubre - Opini\u00f3n P\u00fablica","description":"Un d\u00eda 6 de octubre como hoy, pero de 1927, nace el cine hablado, con la proyecci\u00f3n, en el Teatro Warner de Nueva York, de la pel\u00edcula \"El Cantante de Jazz\", de"},"footnotes":""},"categories":[27],"tags":[],"class_list":["post-21110","post","type-post","status-publish","format-standard","has-post-thumbnail","hentry","category-un-dia-como-hoy"],"acf":[],"_links":{"self":[{"href":"https:\/\/www.opinionpublica.tv\/portada\/wp-json\/wp\/v2\/posts\/21110","targetHints":{"allow":["GET"]}}],"collection":[{"href":"https:\/\/www.opinionpublica.tv\/portada\/wp-json\/wp\/v2\/posts"}],"about":[{"href":"https:\/\/www.opinionpublica.tv\/portada\/wp-json\/wp\/v2\/types\/post"}],"author":[{"embeddable":true,"href":"https:\/\/www.opinionpublica.tv\/portada\/wp-json\/wp\/v2\/users\/6"}],"replies":[{"embeddable":true,"href":"https:\/\/www.opinionpublica.tv\/portada\/wp-json\/wp\/v2\/comments?post=21110"}],"version-history":[{"count":0,"href":"https:\/\/www.opinionpublica.tv\/portada\/wp-json\/wp\/v2\/posts\/21110\/revisions"}],"wp:featuredmedia":[{"embeddable":true,"href":"https:\/\/www.opinionpublica.tv\/portada\/wp-json\/wp\/v2\/media\/21109"}],"wp:attachment":[{"href":"https:\/\/www.opinionpublica.tv\/portada\/wp-json\/wp\/v2\/media?parent=21110"}],"wp:term":[{"taxonomy":"category","embeddable":true,"href":"https:\/\/www.opinionpublica.tv\/portada\/wp-json\/wp\/v2\/categories?post=21110"},{"taxonomy":"post_tag","embeddable":true,"href":"https:\/\/www.opinionpublica.tv\/portada\/wp-json\/wp\/v2\/tags?post=21110"}],"curies":[{"name":"wp","href":"https:\/\/api.w.org\/{rel}","templated":true}]}}