{"id":21108,"date":"2019-10-06T06:00:00","date_gmt":"2019-10-06T04:00:00","guid":{"rendered":"https:\/\/www.opinionpublica.tv\/portada\/2019\/10\/06\/dejar-facebook-genera-mayor-productividad-nivel-economico-y-reduce-la-depresion\/"},"modified":"2019-10-06T06:00:00","modified_gmt":"2019-10-06T04:00:00","slug":"dejar-facebook-genera-mayor-productividad-nivel-economico-y-reduce-la-depresion","status":"publish","type":"post","link":"https:\/\/www.opinionpublica.tv\/portada\/dejar-facebook-genera-mayor-productividad-nivel-economico-y-reduce-la-depresion\/","title":{"rendered":"Dejar Facebook genera mayor productividad, nivel econ\u00f3mico y reduce la depresi\u00f3n"},"content":{"rendered":"<p><img fetchpriority=\"high\" decoding=\"async\" class=\" size-full wp-image-21107\" src=\"https:\/\/www.opinionpublica.tv\/portada\/wp-content\/uploads\/2019\/10\/0dfc96ebae908e17a2c5d007574a8719.jpg\" alt=\"\" class=\"caption\" title=\"El uso excesivo de Facebook provoca ansiedad, depresi\u00f3n e improductividad.\" width=\"768\" height=\"511\" srcset=\"https:\/\/www.opinionpublica.tv\/portada\/wp-content\/uploads\/2019\/10\/0dfc96ebae908e17a2c5d007574a8719.jpg 768w, https:\/\/www.opinionpublica.tv\/portada\/wp-content\/uploads\/2019\/10\/0dfc96ebae908e17a2c5d007574a8719-300x200.jpg 300w\" sizes=\"(max-width: 768px) 100vw, 768px\" \/><br \/>\n<!--more--><\/p>\n<p style=\"text-align: justify;\"><em>Quito, Ecuador<\/em>.- Renunciar a Facebook\u00a0reduce la\u00a0depresi\u00f3n, mejora la\u00a0productividad\u00a0y el\u00a0nivel econ\u00f3mico, revel\u00f3 un estudio al que fueron sometidos m\u00e1s de\u00a0mil j\u00f3venes usuarios\u00a0de las redes sociales.<\/p>\n<p style=\"text-align: justify;\">Cient\u00edficos de la\u00a0Universidad de las Am\u00e9ricas, Ecuador,\u00a0estudiaron a mil 765 estudiantes de la\u00a0Universidad de Texas A&amp;M, de los cuales algunos permanecieron en Facebook y otros dejaron la plataforma durante una semana.<\/p>\n<p style=\"text-align: justify;\">El experimento revel\u00f3 que las personas que abandonaron la red social se sintieron menos deprimidas, eran m\u00e1s productivas, hicieron menos compras impulsivas e incluso comieron menos.<\/p>\n<p style=\"text-align: justify;\">Tambi\u00e9n mostr\u00f3 que, en promedio, los participantes consideraban que una semana de Facebook val\u00eda 67 d\u00f3lares, una parte considerable del presupuesto semanal de un estudiante promedio, pero ese valor fue incrementado un 20 por ciento tras finalizar la semana.<\/p>\n<p style=\"text-align: justify;\">Esta valoraci\u00f3n creciente es t\u00edpica de una relaci\u00f3n adictiva con la plataforma, informaron los investigadores en su estudio publicado en la revista\u00a0<em>Experimental Economics<\/em>.<\/p>\n<p style=\"text-align: justify;\">Junto con los efectos financieros y de salud, los investigadores descubrieron que los participantes que tomaron el descanso de la red social tambi\u00e9n consumieron menos noticias, por lo que adem\u00e1s se redujo su acceso a las noticias falsas y no convencionales.<\/p>\n<p style=\"text-align: justify;\">En estudios anteriores, ya se constat\u00f3 que Facebook puede servir como una importante fuente para este tipo de noticias sin sustento. (SinEmbargoMx)<\/p>\n","protected":false},"excerpt":{"rendered":"","protected":false},"author":6,"featured_media":21107,"comment_status":"open","ping_status":"open","sticky":false,"template":"","format":"standard","meta":{"_acf_changed":false,"_monsterinsights_skip_tracking":false,"slim_seo":{"title":"Dejar Facebook genera mayor productividad, nivel econ\u00f3mico y reduce la depresi\u00f3n - Opini\u00f3n P\u00fablica","description":"Quito, Ecuador .- Renunciar a Facebook\u00a0reduce la\u00a0depresi\u00f3n, mejora la\u00a0productividad\u00a0y el\u00a0nivel econ\u00f3mico, revel\u00f3 un estudio al que fueron sometidos m\u00e1s de\u00a0mil j"},"footnotes":""},"categories":[3],"tags":[],"class_list":["post-21108","post","type-post","status-publish","format-standard","has-post-thumbnail","hentry","category-principal"],"acf":[],"_links":{"self":[{"href":"https:\/\/www.opinionpublica.tv\/portada\/wp-json\/wp\/v2\/posts\/21108","targetHints":{"allow":["GET"]}}],"collection":[{"href":"https:\/\/www.opinionpublica.tv\/portada\/wp-json\/wp\/v2\/posts"}],"about":[{"href":"https:\/\/www.opinionpublica.tv\/portada\/wp-json\/wp\/v2\/types\/post"}],"author":[{"embeddable":true,"href":"https:\/\/www.opinionpublica.tv\/portada\/wp-json\/wp\/v2\/users\/6"}],"replies":[{"embeddable":true,"href":"https:\/\/www.opinionpublica.tv\/portada\/wp-json\/wp\/v2\/comments?post=21108"}],"version-history":[{"count":0,"href":"https:\/\/www.opinionpublica.tv\/portada\/wp-json\/wp\/v2\/posts\/21108\/revisions"}],"wp:featuredmedia":[{"embeddable":true,"href":"https:\/\/www.opinionpublica.tv\/portada\/wp-json\/wp\/v2\/media\/21107"}],"wp:attachment":[{"href":"https:\/\/www.opinionpublica.tv\/portada\/wp-json\/wp\/v2\/media?parent=21108"}],"wp:term":[{"taxonomy":"category","embeddable":true,"href":"https:\/\/www.opinionpublica.tv\/portada\/wp-json\/wp\/v2\/categories?post=21108"},{"taxonomy":"post_tag","embeddable":true,"href":"https:\/\/www.opinionpublica.tv\/portada\/wp-json\/wp\/v2\/tags?post=21108"}],"curies":[{"name":"wp","href":"https:\/\/api.w.org\/{rel}","templated":true}]}}