{"id":21098,"date":"2019-10-03T06:00:00","date_gmt":"2019-10-03T04:00:00","guid":{"rendered":"https:\/\/www.opinionpublica.tv\/portada\/2019\/10\/03\/lixiviacion\/"},"modified":"2019-10-03T06:00:00","modified_gmt":"2019-10-03T04:00:00","slug":"lixiviacion","status":"publish","type":"post","link":"https:\/\/www.opinionpublica.tv\/portada\/lixiviacion\/","title":{"rendered":"Lixiviaci\u00f3n"},"content":{"rendered":"<img fetchpriority=\"high\" decoding=\"async\" class=\" size-full wp-image-21097\" src=\"https:\/\/www.opinionpublica.tv\/portada\/wp-content\/uploads\/2019\/10\/6911c3236bdb41ee7a313fe96c7f8c5e.jpg\" alt=\"\" class=\"caption\" title=\"Ra\u00fal Ruiz G\u00f3mez.\" width=\"245\" height=\"262\" \/>\n<p style=\"text-align: justify;\">Madrugada. La lluvia cae. Una rica sensaci\u00f3n de tranquilidad te embarga.<\/p>\n<p><!--more--><\/p>\n<p style=\"text-align: justify;\">El olor de la ciudad es otro. Ya no huele a heces, gas que se fuga, o a incandescencia de motores en este asfixiante mar de carros, que es Ciudad Ju\u00e1rez.<\/p>\n<p style=\"text-align: justify;\">La entrop\u00eda que se produjo en el verano, dej\u00f3 de lacerar tus pulmones.<\/p>\n<p style=\"text-align: justify;\">Aunque sea moment\u00e1neamente est\u00e1s relajado, y agradeces al creador por la bendici\u00f3n refrescante.<\/p>\n<p style=\"text-align: justify;\">La temperatura ha bajado de 38\u00b0 a 21\u00b0c. Y supones que el d\u00eda ser\u00e1 igualmente agradable que tu despertar.<\/p>\n<p style=\"text-align: justify;\">Tomas caf\u00e9. Y olvidas la incomodidad de esa gotera que te arrebat\u00f3 el sue\u00f1o a las tres de la ma\u00f1ana.<\/p>\n<p style=\"text-align: justify;\">El frescor lo vale.<\/p>\n<p style=\"text-align: justify;\">Una galletita de canela dulcifica tu paladar y saboreas el contraste con tu caf\u00e9 negro.<\/p>\n<p style=\"text-align: justify;\">El ventilador est\u00e1 apagado. Y sue\u00f1as que hab\u00e9is despertado en San Luis Potos\u00ed, Zacatecas, Aguascalientes o Quer\u00e9taro.<\/p>\n<p style=\"text-align: justify;\">Un nost\u00e1lgico suspiro llena tus pulmones y entrecierras los ojos para fijar en tu mente los recuerdos de tu fugaz existencia.<\/p>\n<p style=\"text-align: justify;\">El ba\u00f1o fue igualmente placentero y te dispones a salir. Una sonrisa ilumina tu rostro y al abrir la puerta, recibes de lleno un golpe de quietud tan agradable.<\/p>\n<p style=\"text-align: justify;\">Subes al auto y conforme avanzas, la sensaci\u00f3n cambia.<\/p>\n<p style=\"text-align: justify;\">La ciudad inundada. Autos varados. Coladeras que se tragan los veh\u00edculos. Baches inmensos.<\/p>\n<p style=\"text-align: justify;\">El deterioro urbano asoma conforme baja la inundaci\u00f3n.<\/p>\n<p style=\"text-align: justify;\">El resultado de la lixiviaci\u00f3n es terror\u00edfico.<\/p>\n<p style=\"text-align: justify;\">Acabas de ver la cinta, Ad Astra, con Brad Pitt, y no das cr\u00e9dito como en la luna, s\u00ed en la luna, el suelo est\u00e1 m\u00e1s parejo que en Ciudad Ju\u00e1rez.<\/p>\n<p style=\"text-align: justify;\">La persecuci\u00f3n de piratas intergal\u00e1cticos contra el muchacho de la pel\u00edcula, es sensacional. No pisan ning\u00fan bache entre la inmensidad de un terreno lunar, donde se supone est\u00e1 lleno de cr\u00e1teres.<\/p>\n<p style=\"text-align: justify;\">En una lexiviaci\u00f3n minera, el resultado de extracci\u00f3n de la materia, mediante la acci\u00f3n de un disolvente l\u00edquido, es oro, plata, cobre, etc.<\/p>\n<p style=\"text-align: justify;\">Y te enteras dram\u00e1ticamente que en la lexiviaci\u00f3n natural por la ca\u00edda de la lluvia pertinaz, es el deterioro total. Y piensas&#8230; \u00bfPor qu\u00e9 solamente aqu\u00ed? \u00bfPor qu\u00e9 en Quer\u00e9taro o Guadalajara la lluvia nos hace sonre\u00edr, y cantar?<\/p>\n<p style=\"text-align: justify;\">Te das cuenta que el concepto de ciudad cambia seg\u00fan las coordenadas, por la educaci\u00f3n de sus hijos, la concientizaci\u00f3n de sus conductores pol\u00edticos.<\/p>\n<p style=\"text-align: justify;\">Ciudad no s\u00f3lo es calles, carros, bloques de granito y urbanismo maltrecho.<\/p>\n<p style=\"text-align: justify;\">Ciudad es, vida, educaci\u00f3n, desarrollo econ\u00f3mico, movilidad urbana. Pero ante todo, ciudad es&#8230; Pensar.<\/p>\n<p style=\"text-align: justify;\">Pensar infraestructura, pensar calidad de vida, estado de derecho, sistema de justicia.<\/p>\n<p style=\"text-align: justify;\">Pensar futuro. \u00bfQu\u00e9 queremos? \u00bfCiudad caos? \u00bfCiudad consumo? \u00bfCiudad marca?<\/p>\n<p style=\"text-align: justify;\">Sigues en tu trayecto por la ciudad caos y reflexionas:<\/p>\n<p style=\"text-align: justify;\">Vivo en una ciudad de consumo, sitiada por influencias end\u00f3genas y ex\u00f3genas como la violencia, la corrupci\u00f3n, la impunidad, el abandono, el desgobierno, la marginaci\u00f3n y todas las calamidades que contrae la globalizaci\u00f3n.<\/p>\n<p style=\"text-align: justify;\">A\u00fan no llegas a tu destino y el odio te ha invadido de nuevo.<\/p>\n<p style=\"text-align: justify;\">Est\u00e1s confundido. \u00abYo estoy mal porque otros est\u00e1n bien\u00bb: razonas.<\/p>\n<p style=\"text-align: justify;\">Pero, \u00bfpor qu\u00e9 no podemos todos estar bien? \u00bfC\u00f3mo logramos acumular tantos agentes negativos?<\/p>\n<p style=\"text-align: justify;\">Apenas te \u00abcae el veinte\u00bb y reaccionas&#8230; \u00a1Cabada no es el culpable de haber ca\u00eddo en este deterioro! El culpable has sido t\u00fa por permitir su arribo al poder.<\/p>\n<p style=\"text-align: justify;\">Piensas hacer voluntariado pol\u00edtico y te da weba.<\/p>\n<p style=\"text-align: justify;\">Piensas hacer activismo intelectual y antes de pensar&#8230; Ya est\u00e1s cansado.<\/p>\n<p style=\"text-align: justify;\">\u00bfC\u00f3mo despojarnos de lo negativo? \u00bfCu\u00e1ndo abandonar nuestro clich\u00e9 de v\u00edctimas y actuar?<\/p>\n<p style=\"text-align: justify;\">No s\u00e9, mejor que otros exploren el futuro. T\u00fa retornar\u00e1s a tu vida de consumo, de comida r\u00e1pida, de obesidad, de volatilidad. De individualidad cr\u00edptica.<\/p>\n<p style=\"text-align: justify;\">Que otros reinventen Ju\u00e1rez.<\/p>\n","protected":false},"excerpt":{"rendered":"<p>Madrugada. La lluvia cae. Una rica sensaci\u00f3n de tranquilidad te embarga.<\/p>\n","protected":false},"author":6,"featured_media":21097,"comment_status":"open","ping_status":"open","sticky":false,"template":"","format":"standard","meta":{"_acf_changed":false,"_monsterinsights_skip_tracking":false,"slim_seo":{"title":"Lixiviaci\u00f3n - Opini\u00f3n P\u00fablica","description":"Madrugada. La lluvia cae. Una rica sensaci\u00f3n de tranquilidad te embarga. El olor de la ciudad es otro. Ya no huele a heces, gas que se fuga, o a incandescencia"},"footnotes":""},"categories":[21],"tags":[],"class_list":["post-21098","post","type-post","status-publish","format-standard","has-post-thumbnail","hentry","category-cartapacio"],"acf":[],"_links":{"self":[{"href":"https:\/\/www.opinionpublica.tv\/portada\/wp-json\/wp\/v2\/posts\/21098","targetHints":{"allow":["GET"]}}],"collection":[{"href":"https:\/\/www.opinionpublica.tv\/portada\/wp-json\/wp\/v2\/posts"}],"about":[{"href":"https:\/\/www.opinionpublica.tv\/portada\/wp-json\/wp\/v2\/types\/post"}],"author":[{"embeddable":true,"href":"https:\/\/www.opinionpublica.tv\/portada\/wp-json\/wp\/v2\/users\/6"}],"replies":[{"embeddable":true,"href":"https:\/\/www.opinionpublica.tv\/portada\/wp-json\/wp\/v2\/comments?post=21098"}],"version-history":[{"count":0,"href":"https:\/\/www.opinionpublica.tv\/portada\/wp-json\/wp\/v2\/posts\/21098\/revisions"}],"wp:featuredmedia":[{"embeddable":true,"href":"https:\/\/www.opinionpublica.tv\/portada\/wp-json\/wp\/v2\/media\/21097"}],"wp:attachment":[{"href":"https:\/\/www.opinionpublica.tv\/portada\/wp-json\/wp\/v2\/media?parent=21098"}],"wp:term":[{"taxonomy":"category","embeddable":true,"href":"https:\/\/www.opinionpublica.tv\/portada\/wp-json\/wp\/v2\/categories?post=21098"},{"taxonomy":"post_tag","embeddable":true,"href":"https:\/\/www.opinionpublica.tv\/portada\/wp-json\/wp\/v2\/tags?post=21098"}],"curies":[{"name":"wp","href":"https:\/\/api.w.org\/{rel}","templated":true}]}}