{"id":21060,"date":"2019-09-27T06:00:00","date_gmt":"2019-09-27T04:00:00","guid":{"rendered":"https:\/\/www.opinionpublica.tv\/portada\/2019\/09\/27\/efemerides-27-de-septiembre-4\/"},"modified":"2019-09-27T06:00:00","modified_gmt":"2019-09-27T04:00:00","slug":"efemerides-27-de-septiembre-4","status":"publish","type":"post","link":"https:\/\/www.opinionpublica.tv\/portada\/efemerides-27-de-septiembre-4\/","title":{"rendered":"Efem\u00e9rides 27 de septiembre"},"content":{"rendered":"<img fetchpriority=\"high\" decoding=\"async\" class=\" size-full wp-image-21059\" src=\"https:\/\/www.opinionpublica.tv\/portada\/wp-content\/uploads\/2019\/09\/801a9763089c5c8b56445e86a16fe851.jpg\" alt=\"\" class=\"caption\" title=\"Agust\u00edn de Iturbide y su Ej\u00e9rcito Trigarante entran a la Ciudad de M\u00e9xico y consuman la independencia.\" width=\"1500\" height=\"946\" srcset=\"https:\/\/www.opinionpublica.tv\/portada\/wp-content\/uploads\/2019\/09\/801a9763089c5c8b56445e86a16fe851.jpg 1500w, https:\/\/www.opinionpublica.tv\/portada\/wp-content\/uploads\/2019\/09\/801a9763089c5c8b56445e86a16fe851-300x189.jpg 300w, https:\/\/www.opinionpublica.tv\/portada\/wp-content\/uploads\/2019\/09\/801a9763089c5c8b56445e86a16fe851-1024x646.jpg 1024w, https:\/\/www.opinionpublica.tv\/portada\/wp-content\/uploads\/2019\/09\/801a9763089c5c8b56445e86a16fe851-768x484.jpg 768w\" sizes=\"(max-width: 1500px) 100vw, 1500px\" \/>\n<p style=\"text-align: justify;\">Un d\u00eda 27 de septiembre como hoy, pero de 1821, se registra la entrada triunfal del Ej\u00e9rcito Trigarante en la Ciudad de M\u00e9xico, al mando de Agust\u00edn de Iturbide, quien consuma la independencia mexicana, aunque Espa\u00f1a lo reconocer\u00e1 hasta 1836.<\/p>\n<p><!--more--><\/p>\n<p style=\"text-align: justify;\"><strong>Otras efem\u00e9rides<\/strong><\/p>\n<p style=\"text-align: justify;\">1545.- C\u00e9dula de Carlos I de Espa\u00f1a que concede el t\u00edtulo de \u00abLeal Ciudad de San Salvador\u00bb a la actual capital de la Rep\u00fablica de El Salvador.<\/p>\n<p style=\"text-align: justify;\">1722.- Nace Samuel Adams, uno de los padres de la independencia de EEUU.<\/p>\n<p style=\"text-align: justify;\">1783.- Nace Agust\u00edn de Iturbide, emperador de M\u00e9xico.<\/p>\n<p style=\"text-align: justify;\">1822.- Firma de un tratado entre Guatemala y M\u00e9xico, por el que se fijan definitivamente las fronteras entre ambos pa\u00edses.<\/p>\n<p style=\"text-align: justify;\">1832.- Muere Francisco Krause, fil\u00f3sofo alem\u00e1n.<\/p>\n<p style=\"text-align: justify;\">1910.- Muere Jorge Ch\u00e1vez, aviador peruano, el primero que sobrevol\u00f3 los Alpes en avi\u00f3n.<\/p>\n<p style=\"text-align: justify;\">1917.- Muere Edgar Degas, pintor franc\u00e9s.<\/p>\n<p style=\"text-align: justify;\">1921.- Nace Miklos Jancso, cineasta h\u00fangaro.<\/p>\n<p style=\"text-align: justify;\">1922.- Nace Arthur Penn, director estadounidense de cine y teatro.<\/p>\n<p style=\"text-align: justify;\">1939.- Varsovia, sitiada y bombardeada, se rinde a las tropas alemanas, que hacen 160 mil prisioneros.<\/p>\n<p style=\"text-align: justify;\">1940.- Se firma el acuerdo militar tripartito entre Alemania, Italia y Jap\u00f3n, que se convierten en las \u00abpotencias del Eje\u00bb y forman el bando que acabar\u00e1 perdiendo a\u00f1os m\u00e1s tarde la Segunda Guerra Mundial.<\/p>\n<p style=\"text-align: justify;\">1955.- Espa\u00f1a solicita el ingreso en la ONU.<\/p>\n<p style=\"text-align: justify;\">1964.- La Comisi\u00f3n Warren hace p\u00fablico el informe sobre el asesinato de John F. Kennedy, seg\u00fan el cual Harvey Oswald es el \u00fanico responsable del atentado de Dallas.<\/p>\n<p style=\"text-align: justify;\">1967.- Argentina reclama en la ONU la devoluci\u00f3n de las islas Malvinas.<\/p>\n<p style=\"text-align: justify;\">1970.- El rey Husein y Yaser Arafat firman en El Cairo un acuerdo que pone fin a duros enfrentamientos armados en Jordania entre jordanos y palestinos.<\/p>\n<p style=\"text-align: justify;\">1975.- \u00daltimos fusilamientos del r\u00e9gimen franquista (Espa\u00f1a): Ejecutados 2 miembros de ETA y 3 del FRAP (Frente Revolucionario Antifascista y Patri\u00f3tico).<\/p>\n<p style=\"text-align: justify;\">1986.- Desastre ecol\u00f3gico en Espa\u00f1a: Unas 25,000 aves mueren en las marismas lim\u00edtrofes con el Parque Nacional de Do\u00f1ana, envenenadas por el uso indiscriminado de insecticidas.<\/p>\n<p style=\"text-align: justify;\">1987.- Colombia: M\u00e1s de 600 muertos en un alud de rocas y lodo en un barrio del este de la ciudad de Medell\u00edn.<\/p>\n<p style=\"text-align: justify;\">1988.- El atleta canadiense Ben Johnson es descalificado y sancionado por dopaje en las Olimp\u00edadas de Se\u00fal tras haber batido dos d\u00edas antes el r\u00e9cord del mundo al derrotar a Carl Lewis.<\/p>\n<p style=\"text-align: justify;\">1989.- Ecuador: El Gobierno decreta el estado de emergencia nacional por la huelga de trabajadores de la petrolera Texaco.<\/p>\n<p style=\"text-align: justify;\">1991.- El Parlamento griego conmemora, a los pies de la Acr\u00f3polis ateniense, los 2,500 a\u00f1os del establecimiento de los principios de la democracia por parte de Cl\u00edstines en Atenas.<\/p>\n<p style=\"text-align: justify;\">1992.- Elecciones presidenciales y parlamentarias en Ruman\u00eda: Victoria para Ion Illescu y su partido, el Frente Democr\u00e1tico de Salvaci\u00f3n Nacional.<\/p>\n<p style=\"text-align: justify;\">1994.- Muere Carlos Lleras Restrepo, expresidente de Colombia.<\/p>\n<p style=\"text-align: justify;\">1996.- La facci\u00f3n islamista talib\u00e1n toma Kabul (Afganist\u00e1n), ejecuta al ex presidente comunista Mohamed Nayibul\u00e1 e impone la ley isl\u00e1mica.<\/p>\n<p style=\"text-align: justify;\">1998.- Elecciones generales en Alemania: Victoria del socialdem\u00f3crata Gerhard Schroeder, tras 16 a\u00f1os de Gobierno de Helmut Kohl.<\/p>\n<p style=\"text-align: justify;\">2002.- Chile, elegido miembro no permanente del Consejo de Seguridad de la ONU para el bienio 2003-2004, junto con Espa\u00f1a, Alemania, Angola y Pakist\u00e1n.<\/p>\n<p style=\"text-align: justify;\">2004.- Endesa Chile inaugura la central hidroel\u00e9ctrica Ralco, con capacidad de 570 megavatios y una inversi\u00f3n de 550 millones de d\u00f3lares.<\/p>\n<p style=\"text-align: justify;\">2005.- EEUU: La soldado norteamericana Lynndie England, condenada a 3 a\u00f1os de prisi\u00f3n por torturas en la c\u00e1rcel iraqu\u00ed de Abu Ghraib.<\/p>\n<p style=\"text-align: justify;\">2007.- EEUU impone sanciones al Gobierno militar birmano, tras la dura represi\u00f3n de las protestas de los monjes budistas en Rang\u00fan, donde un fot\u00f3grafo japon\u00e9s fue tiroteado.<\/p>\n<p style=\"text-align: justify;\">2007.- La sonda espacial Dawn inicia su viaje de cuatro a\u00f1os hacia los asteroides Vesta y Ceres, en el l\u00edmite del Sistema Solar, en una misi\u00f3n sin precedentes.<\/p>\n<p style=\"text-align: justify;\">2008.- El astronauta chino Zhai Zhigang, comandante de la \u00abShenzhou VII\u00bb, convierte a China en el tercer pa\u00eds que efect\u00faa un \u00abpaseo espacial\u00bb.<\/p>\n<p style=\"text-align: justify;\">2009.- El cineasta Roman Polanski es detenido en Zurich (Suiza) por una orden de busca y captura de Estados Unidos. Posteriormente queda en libertad.<\/p>\n<p style=\"text-align: justify;\">2009.- Muere William Safire, periodista estadounidense.<\/p>\n<p style=\"text-align: justify;\">2010.- Muere Arthur Penn, cineasta estadounidense.<\/p>\n<p style=\"text-align: justify;\">2011.- El Parlamento griego aprueba una tasa para que el Eurogrupo y el FMI liberen 8.000 millones de euros del rescate.<\/p>\n<p style=\"text-align: justify;\">2011.- Los rebeldes entran en Sirte (Libia).<\/p>\n<p style=\"text-align: justify;\">2011.- Muere Wilson Greatbatch, estadounidense, inventor del marcapasos.<\/p>\n<p style=\"text-align: justify;\">2012.- El robot Curiosity proporciona la primera prueba de que hubo agua en Marte.<\/p>\n<p style=\"text-align: justify;\">2013.- Hist\u00f3rica conversaci\u00f3n entre los presidente de EEUU e Ir\u00e1n sobre el programa nuclear iran\u00ed.<\/p>\n","protected":false},"excerpt":{"rendered":"<p>Un d\u00eda 27 de septiembre como hoy, pero de 1821, se registra la entrada triunfal del Ej\u00e9rcito Trigarante en la Ciudad de M\u00e9xico, al mando de Agust\u00edn de Iturbide, quien consuma la independencia mexicana, aunque Espa\u00f1a lo reconocer\u00e1 hasta 1836.<\/p>\n","protected":false},"author":6,"featured_media":21059,"comment_status":"open","ping_status":"open","sticky":false,"template":"","format":"standard","meta":{"_acf_changed":false,"_monsterinsights_skip_tracking":false,"slim_seo":{"title":"Efem\u00e9rides 27 de septiembre - Opini\u00f3n P\u00fablica","description":"Un d\u00eda 27 de septiembre como hoy, pero de 1821, se registra la entrada triunfal del Ej\u00e9rcito Trigarante en la Ciudad de M\u00e9xico, al mando de Agust\u00edn de Iturbide,"},"footnotes":""},"categories":[27],"tags":[],"class_list":["post-21060","post","type-post","status-publish","format-standard","has-post-thumbnail","hentry","category-un-dia-como-hoy"],"acf":[],"_links":{"self":[{"href":"https:\/\/www.opinionpublica.tv\/portada\/wp-json\/wp\/v2\/posts\/21060","targetHints":{"allow":["GET"]}}],"collection":[{"href":"https:\/\/www.opinionpublica.tv\/portada\/wp-json\/wp\/v2\/posts"}],"about":[{"href":"https:\/\/www.opinionpublica.tv\/portada\/wp-json\/wp\/v2\/types\/post"}],"author":[{"embeddable":true,"href":"https:\/\/www.opinionpublica.tv\/portada\/wp-json\/wp\/v2\/users\/6"}],"replies":[{"embeddable":true,"href":"https:\/\/www.opinionpublica.tv\/portada\/wp-json\/wp\/v2\/comments?post=21060"}],"version-history":[{"count":0,"href":"https:\/\/www.opinionpublica.tv\/portada\/wp-json\/wp\/v2\/posts\/21060\/revisions"}],"wp:featuredmedia":[{"embeddable":true,"href":"https:\/\/www.opinionpublica.tv\/portada\/wp-json\/wp\/v2\/media\/21059"}],"wp:attachment":[{"href":"https:\/\/www.opinionpublica.tv\/portada\/wp-json\/wp\/v2\/media?parent=21060"}],"wp:term":[{"taxonomy":"category","embeddable":true,"href":"https:\/\/www.opinionpublica.tv\/portada\/wp-json\/wp\/v2\/categories?post=21060"},{"taxonomy":"post_tag","embeddable":true,"href":"https:\/\/www.opinionpublica.tv\/portada\/wp-json\/wp\/v2\/tags?post=21060"}],"curies":[{"name":"wp","href":"https:\/\/api.w.org\/{rel}","templated":true}]}}