{"id":21058,"date":"2019-09-27T06:00:00","date_gmt":"2019-09-27T04:00:00","guid":{"rendered":"https:\/\/www.opinionpublica.tv\/portada\/2019\/09\/27\/aptiv-y-hyundai-crean-alianza-para-lanzar-primer-vehiculo-100-autonomo-en-2022\/"},"modified":"2019-09-27T06:00:00","modified_gmt":"2019-09-27T04:00:00","slug":"aptiv-y-hyundai-crean-alianza-para-lanzar-primer-vehiculo-100-autonomo-en-2022","status":"publish","type":"post","link":"https:\/\/www.opinionpublica.tv\/portada\/aptiv-y-hyundai-crean-alianza-para-lanzar-primer-vehiculo-100-autonomo-en-2022\/","title":{"rendered":"APTIV y Hyundai crean alianza para lanzar primer veh\u00edculo 100% aut\u00f3nomo en 2022"},"content":{"rendered":"<p><img fetchpriority=\"high\" decoding=\"async\" class=\" size-full wp-image-21057\" src=\"https:\/\/www.opinionpublica.tv\/portada\/wp-content\/uploads\/2019\/09\/1d0d9bca9d9a7dd77db36ae15881d53c.jpg\" alt=\"\" class=\"caption\" title=\"Se pretende que los primeros veh\u00edculos aut\u00f3nomos operen como 'robotaxis' en el a\u00f1o 2022.\" width=\"770\" height=\"485\" srcset=\"https:\/\/www.opinionpublica.tv\/portada\/wp-content\/uploads\/2019\/09\/1d0d9bca9d9a7dd77db36ae15881d53c.jpg 770w, https:\/\/www.opinionpublica.tv\/portada\/wp-content\/uploads\/2019\/09\/1d0d9bca9d9a7dd77db36ae15881d53c-300x189.jpg 300w, https:\/\/www.opinionpublica.tv\/portada\/wp-content\/uploads\/2019\/09\/1d0d9bca9d9a7dd77db36ae15881d53c-768x484.jpg 768w\" sizes=\"(max-width: 770px) 100vw, 770px\" \/><br \/>\n<!--more--><\/p>\n<p style=\"text-align: justify;\"><em>Ciudad Ju\u00e1rez, Chih<\/em>.- La corporaci\u00f3n trasnacional APTIV con centro de operaci\u00f3n mundial en esta frontera y Hyundai Motor Group, anunciaron la formaci\u00f3n de una sociedad para la fabricaci\u00f3n de veh\u00edculos aut\u00f3nomos, inform\u00f3 Patricia Cabrera, encargada del \u00e1rea de comunicaci\u00f3n.<\/p>\n<p style=\"text-align: justify;\">Explic\u00f3 que desde el \u2018Mexico Technical Center de Ciudad Ju\u00e1rez\u2019 ya se trabaja con esta clase de veh\u00edculos de tecnolog\u00eda aut\u00f3noma, pero se desconoce cuando podr\u00eda llegar esta clase de tecnolog\u00eda a este pa\u00eds.<\/p>\n<p style=\"text-align: justify;\">Destac\u00f3 que la nueva sociedad anunciada esta semana comenzar\u00e1 a probar sistemas \u2018sin conductor\u2019 en el a\u00f1o 2020 y tendr\u00e1 una plataforma de manejo aut\u00f3noma lista para producci\u00f3n para proveedores de robotaxi, operadores de flotillas y fabricantes de autom\u00f3viles en 2022.<\/p>\n<p style=\"text-align: justify;\">Como parte del acuerdo, Hyundai Motor Group y APTIV tendr\u00e1n cada uno el 50 por ciento de la participaci\u00f3n en este proyecto conjunto, valuado en un total de 4 mil millones de d\u00f3lares.<\/p>\n<p style=\"text-align: justify;\">Cabrera se\u00f1al\u00f3 que APTIV contribuir\u00e1 con su tecnolog\u00eda de conducci\u00f3n aut\u00f3noma, propiedad intelectual y aproximadamente 700 empleados enfocados en el desarrollo de soluciones escalables de conducci\u00f3n aut\u00f3noma, mientras que los afiliados de Hyundai Motor Group \u2013Hyundai Motor, Kia Motors y Hyundai Mobis\u2013 contribuir\u00e1n colectivamente con 1.6 mil millones de d\u00f3lares en efectivo y 400 millones m\u00e1s en servicios de ingenier\u00eda vehicular, recursos de investigaci\u00f3n y desarrollo y acceso a propiedad intelectual.<\/p>\n<p style=\"text-align: justify;\">Asegur\u00f3 que esta sociedad refuerza la visi\u00f3n compartida de las compa\u00f1\u00edas de hacer la movilidad m\u00e1s segura, ecol\u00f3gica, conectada y accesible al desarrollar y comercializar veh\u00edculos aut\u00f3nomos con el m\u00e1s alto desempe\u00f1o y la mayor seguridad.<\/p>\n<p style=\"text-align: justify;\">Destac\u00f3 adem\u00e1s, que APTIV ya opera m\u00e1s de 100 veh\u00edculos aut\u00f3nomos en m\u00faltiples continentes, en una gran variedad de condiciones de conducci\u00f3n y ambientes, por lo que se espera que esta nueva plataforma de conducci\u00f3n aut\u00f3noma estar\u00e1 disponible para proveedores de robotaxi, operadores de flotillas y fabricantes automotrices en el a\u00f1o 2022.<\/p>\n","protected":false},"excerpt":{"rendered":"","protected":false},"author":6,"featured_media":21057,"comment_status":"open","ping_status":"open","sticky":false,"template":"","format":"standard","meta":{"_acf_changed":false,"_monsterinsights_skip_tracking":false,"slim_seo":{"title":"APTIV y Hyundai crean alianza para lanzar primer veh\u00edculo 100% aut\u00f3nomo en 2022 - Opini\u00f3n P\u00fablica","description":"Ciudad Ju\u00e1rez, Chih .- La corporaci\u00f3n trasnacional APTIV con centro de operaci\u00f3n mundial en esta frontera y Hyundai Motor Group, anunciaron la formaci\u00f3n de una"},"footnotes":""},"categories":[3],"tags":[],"class_list":["post-21058","post","type-post","status-publish","format-standard","has-post-thumbnail","hentry","category-principal"],"acf":[],"_links":{"self":[{"href":"https:\/\/www.opinionpublica.tv\/portada\/wp-json\/wp\/v2\/posts\/21058","targetHints":{"allow":["GET"]}}],"collection":[{"href":"https:\/\/www.opinionpublica.tv\/portada\/wp-json\/wp\/v2\/posts"}],"about":[{"href":"https:\/\/www.opinionpublica.tv\/portada\/wp-json\/wp\/v2\/types\/post"}],"author":[{"embeddable":true,"href":"https:\/\/www.opinionpublica.tv\/portada\/wp-json\/wp\/v2\/users\/6"}],"replies":[{"embeddable":true,"href":"https:\/\/www.opinionpublica.tv\/portada\/wp-json\/wp\/v2\/comments?post=21058"}],"version-history":[{"count":0,"href":"https:\/\/www.opinionpublica.tv\/portada\/wp-json\/wp\/v2\/posts\/21058\/revisions"}],"wp:featuredmedia":[{"embeddable":true,"href":"https:\/\/www.opinionpublica.tv\/portada\/wp-json\/wp\/v2\/media\/21057"}],"wp:attachment":[{"href":"https:\/\/www.opinionpublica.tv\/portada\/wp-json\/wp\/v2\/media?parent=21058"}],"wp:term":[{"taxonomy":"category","embeddable":true,"href":"https:\/\/www.opinionpublica.tv\/portada\/wp-json\/wp\/v2\/categories?post=21058"},{"taxonomy":"post_tag","embeddable":true,"href":"https:\/\/www.opinionpublica.tv\/portada\/wp-json\/wp\/v2\/tags?post=21058"}],"curies":[{"name":"wp","href":"https:\/\/api.w.org\/{rel}","templated":true}]}}