{"id":21030,"date":"2019-09-26T06:00:00","date_gmt":"2019-09-26T04:00:00","guid":{"rendered":"https:\/\/www.opinionpublica.tv\/portada\/2019\/09\/26\/ayotzinapa-5-anos-despues-que-paso-con-el-caso-de-los-43-estudiantes-desaparecidos\/"},"modified":"2019-09-26T06:00:00","modified_gmt":"2019-09-26T04:00:00","slug":"ayotzinapa-5-anos-despues-que-paso-con-el-caso-de-los-43-estudiantes-desaparecidos","status":"publish","type":"post","link":"https:\/\/www.opinionpublica.tv\/portada\/ayotzinapa-5-anos-despues-que-paso-con-el-caso-de-los-43-estudiantes-desaparecidos\/","title":{"rendered":"Ayotzinapa 5 a\u00f1os despu\u00e9s: \u00bfqu\u00e9 pas\u00f3 con el caso de los 43 estudiantes desaparecidos?"},"content":{"rendered":"<p><img fetchpriority=\"high\" decoding=\"async\" class=\" size-full wp-image-21029\" src=\"https:\/\/www.opinionpublica.tv\/portada\/wp-content\/uploads\/2019\/09\/0318a6ed23ae2467774861a9f199346f.jpg\" alt=\"\" class=\"caption\" title=\"El 26 de septiembre de 2014 desaparecieron 43 estudiantes de la Normal de Ayotzinapa, Guerrero.\" width=\"562\" height=\"372\" srcset=\"https:\/\/www.opinionpublica.tv\/portada\/wp-content\/uploads\/2019\/09\/0318a6ed23ae2467774861a9f199346f.jpg 562w, https:\/\/www.opinionpublica.tv\/portada\/wp-content\/uploads\/2019\/09\/0318a6ed23ae2467774861a9f199346f-300x199.jpg 300w\" sizes=\"(max-width: 562px) 100vw, 562px\" \/><br \/>\n<!--more--><\/p>\n<p style=\"text-align: justify;\"><em>Ciudad de M\u00e9xico<\/em>.- Este 26 de septiembre se cumplen cinco a\u00f1os de la desaparici\u00f3n forzada de 43 estudiantes de la Normal Rural de Ayotzinapa. Este caso es uno de los m\u00e1s emblem\u00e1ticos de violaci\u00f3n a los derechos humanos en la historia reciente de M\u00e9xico.<\/p>\n<p style=\"text-align: justify;\">Esta tragedia nacional ha generado multitudinarias protestas en el pa\u00eds y una ola de solidaridad en el mundo entero, y BBC Mundo public\u00f3 este d\u00eda una cr\u00f3nica de lo ocurrido aquella noche en el estado de Guerrero.<\/p>\n<p style=\"text-align: justify;\">&#8211; Un total de 43 estudiantes de la Normal Rural de Ayotzinapa fueron desaparecidos a la fuerza el 26 de septiembre de 2014.<\/p>\n<p style=\"text-align: justify;\">&#8211; En la desaparici\u00f3n particip\u00f3 la polic\u00eda municipal que, seg\u00fan la versi\u00f3n del gobierno de entonces, entreg\u00f3 a los estudiantes al grupo criminal Guerreros Unidos (aunque la existencia del grupo no ha podido comprobarse judicialmente).<\/p>\n<p style=\"text-align: justify;\">&#8211; Los estudiantes -siempre con la llamada \u00abVerdad Hist\u00f3rica\u00bb, la versi\u00f3n oficial- fueron supuestamente incinerados en un basurero.<\/p>\n<p style=\"text-align: justify;\">&#8211; Un grupo de expertos nombrados por la Comisi\u00f3n Interamericana de Derechos Humanos determin\u00f3 que eso no era posible.<\/p>\n<p style=\"text-align: justify;\">&#8211; A cinco a\u00f1os de la desaparici\u00f3n de 43 estudiantes de la Normal Rural de Ayotzinapa todav\u00eda no se sabe qu\u00e9 pas\u00f3 con ellos.<\/p>\n<p style=\"text-align: justify;\">&#8211; Durante la gesti\u00f3n del ex presidente Enrique Pe\u00f1a Nieto, el ex fiscal general Jes\u00fas Murillo Karam, dijo que los estudiantes hab\u00edan sido asesinados e incinerados en el basurero de Cocula, lo que calic\u00f3 como la \u00abverdad hist\u00f3rica\u00bb.<\/p>\n<p style=\"text-align: justify;\">&#8211; Sin embargo, los investigadores del Grupo Interdisciplinario de Expertos Independientes (GIEI), designado por la Comisi\u00f3n Interamericana de Derechos Humanos, rechazaron esta teor\u00eda oficial, diciendo que no era cient\u00edficamente posible.<\/p>\n<p style=\"text-align: justify;\">&#8211; Los familiares de los estudiantes tambi\u00e9n rechazan esta versi\u00f3n y piden que se sigan otras l\u00edneas de investigaci\u00f3n establecidas por el GIEI.<\/p>\n<p style=\"text-align: justify;\">&#8211; El gobierno de Andr\u00e9s Manuel L\u00f3pez Obrador estableci\u00f3 por decreto la Comisi\u00f3n Presidencial por la Verdad en el caso Ayotzinapa y cre\u00f3 una fiscal\u00eda especial para el caso.<\/p>\n<p style=\"text-align: justify;\">&#8211; Las investigaciones han estado plagadas de irregularidades. Muchas de las detenciones de los presuntos implicados fueron hechas ilegalmente y en las confesiones se us\u00f3 la tortura.<\/p>\n<p style=\"text-align: justify;\">&#8211; De los 142 detenidos por el caso, principalmente polic\u00edas municipales y supuestos miembros de Guerreros Unidos, 77 han sido liberados.<\/p>\n<p style=\"text-align: justify;\">El caso que caus\u00f3 m\u00e1s indignaci\u00f3n fue la sentencia absolutoria de Gildardo L\u00f3pez Astudillo, conocido como \u00abel Gil\u00bb, que supuestamente pertenece a Guerreros Unidos y es uno de los principales implicados y clave para saber el paradero de los estudiantes.<\/p>\n<p style=\"text-align: justify;\">&#8211; Una exposici\u00f3n del artista Ai Weiwei sobre el caso Ayotzinapa se presenta en la Ciudad de M\u00e9xico.<\/p>\n<p style=\"text-align: justify;\">&#8211; El actual fiscal general de M\u00e9xico, Alejandro Gertz Manero, se comprometi\u00f3 a reconstruir todas las investigaciones y fincar responsabilidad a las autoridades que est\u00e9n involucradas.<\/p>\n<p style=\"text-align: justify;\">&#8211; Hasta ahora, sigue sin haber una respuesta a la pregunta que ha marcado y dolido a M\u00e9xico desde aquella fat\u00eddica noche: \u00bfd\u00f3nde est\u00e1n los estudiantes desaparecidos de Ayotzinapa?<\/p>\n<p style=\"text-align: justify;\"><em>Con informaci\u00f3n de BBC Mundo<\/em>.<\/p>\n","protected":false},"excerpt":{"rendered":"","protected":false},"author":6,"featured_media":21029,"comment_status":"open","ping_status":"open","sticky":false,"template":"","format":"standard","meta":{"_acf_changed":false,"_monsterinsights_skip_tracking":false,"slim_seo":{"title":"Ayotzinapa 5 a\u00f1os despu\u00e9s: \u00bfqu\u00e9 pas\u00f3 con el caso de los 43 estudiantes desaparecidos? - Opini\u00f3n P\u00fablica","description":"Ciudad de M\u00e9xico .- Este 26 de septiembre se cumplen cinco a\u00f1os de la desaparici\u00f3n forzada de 43 estudiantes de la Normal Rural de Ayotzinapa. Este caso es uno"},"footnotes":""},"categories":[3],"tags":[],"class_list":["post-21030","post","type-post","status-publish","format-standard","has-post-thumbnail","hentry","category-principal"],"acf":[],"_links":{"self":[{"href":"https:\/\/www.opinionpublica.tv\/portada\/wp-json\/wp\/v2\/posts\/21030","targetHints":{"allow":["GET"]}}],"collection":[{"href":"https:\/\/www.opinionpublica.tv\/portada\/wp-json\/wp\/v2\/posts"}],"about":[{"href":"https:\/\/www.opinionpublica.tv\/portada\/wp-json\/wp\/v2\/types\/post"}],"author":[{"embeddable":true,"href":"https:\/\/www.opinionpublica.tv\/portada\/wp-json\/wp\/v2\/users\/6"}],"replies":[{"embeddable":true,"href":"https:\/\/www.opinionpublica.tv\/portada\/wp-json\/wp\/v2\/comments?post=21030"}],"version-history":[{"count":0,"href":"https:\/\/www.opinionpublica.tv\/portada\/wp-json\/wp\/v2\/posts\/21030\/revisions"}],"wp:featuredmedia":[{"embeddable":true,"href":"https:\/\/www.opinionpublica.tv\/portada\/wp-json\/wp\/v2\/media\/21029"}],"wp:attachment":[{"href":"https:\/\/www.opinionpublica.tv\/portada\/wp-json\/wp\/v2\/media?parent=21030"}],"wp:term":[{"taxonomy":"category","embeddable":true,"href":"https:\/\/www.opinionpublica.tv\/portada\/wp-json\/wp\/v2\/categories?post=21030"},{"taxonomy":"post_tag","embeddable":true,"href":"https:\/\/www.opinionpublica.tv\/portada\/wp-json\/wp\/v2\/tags?post=21030"}],"curies":[{"name":"wp","href":"https:\/\/api.w.org\/{rel}","templated":true}]}}