{"id":21028,"date":"2019-09-26T06:00:00","date_gmt":"2019-09-26T04:00:00","guid":{"rendered":"https:\/\/www.opinionpublica.tv\/portada\/2019\/09\/26\/las-pringuitas-azules\/"},"modified":"2019-09-26T06:00:00","modified_gmt":"2019-09-26T04:00:00","slug":"las-pringuitas-azules","status":"publish","type":"post","link":"https:\/\/www.opinionpublica.tv\/portada\/las-pringuitas-azules\/","title":{"rendered":"Las pringuitas azules"},"content":{"rendered":"<img fetchpriority=\"high\" decoding=\"async\" class=\" size-full wp-image-21027\" src=\"https:\/\/www.opinionpublica.tv\/portada\/wp-content\/uploads\/2019\/09\/79cea0cf0cabb5472eaa39d352148ed8.jpg\" alt=\"\" class=\"caption\" title=\"Ra\u00fal Ruiz G\u00f3mez.\" width=\"245\" height=\"262\" \/>\n<p style=\"text-align: justify;\">Aunque falta cosa de un a\u00f1o para las definiciones de participaci\u00f3n electoral, ya la arena est\u00e1 caliente.\u00a0Semana tras semana, los momios suben y bajan.<\/p>\n<p><!--more--><\/p>\n<p style=\"text-align: justify;\">En cuanto a las pretensiones por la primera magistratura del estado, sigue el mismo panorama.<\/p>\n<p style=\"text-align: justify;\">Por MORENA, la carrera est\u00e1 por definir si ser\u00e1 Cruz P\u00e9rez Cu\u00e9llar, o Juan Carlos Loera de la Rosa, el agraciado candidato.<\/p>\n<p style=\"text-align: justify;\">Por el PAN, muy dif\u00edcil que tumben a Maru Campos.<\/p>\n<p style=\"text-align: justify;\">A base de ri\u00f1ones, est\u00e1 sacando su boleto azul a\u00fan contra todos los pron\u00f3sticos. El peso del gobernador Javier Corral Jurado, dej\u00f3 de ser factor en contra. Los panistas se deslindan de su ascendencia.<\/p>\n<p style=\"text-align: justify;\">El PRI, salvo que fuera Graciela Ortiz, no pinta ni tantito. Con ella podr\u00edan lograr una cuarta posici\u00f3n, que ayudar\u00eda a colocar algunas piezas (las de siempre) en los huecos plurinominales.<\/p>\n<p style=\"text-align: justify;\">Y en el carril de los \u00abindependientes\u00bb, el Caballo Lozoya, le lleva poco m\u00e1s de una vuelta completa a Armando Cabada. Lleva una carrera de gesti\u00f3n de imagen p\u00fablica muy inteligente.<\/p>\n<p style=\"text-align: justify;\">Pero veamos un poco el tema de la municipalid\u00e1.<\/p>\n<p style=\"text-align: justify;\">MORENA intentar\u00e1 ganar la presidencia municipal de Ciudad Ju\u00e1rez, y sin mucho an\u00e1lisis, la figura m\u00e1s competitiva lo significa Supermocken todav\u00eda.<\/p>\n<p style=\"text-align: justify;\">Esta es otra contienda, pero los n\u00fameros son fr\u00edos, y Javier Gonzalez Mocken, tiene un capital de 177 mil votos, con los que gan\u00f3 la alcald\u00eda en la elecci\u00f3n pasada, Y qu\u00e9 le fue sustra\u00edda a base de triqui\u00f1uelas, por el espurio que hoy se ostenta como alcalde.<\/p>\n<p style=\"text-align: justify;\">Sin embargo, la fuerza que ha obtenido desde diciembre para ac\u00e1, el superdelegado Juan Carlos Loera, pone en riesgo su participaci\u00f3n por este partido.<\/p>\n<p style=\"text-align: justify;\">Pues es de todos conocido, Supermocken no es amigo del superdelegado, y este<\/p>\n<p style=\"text-align: justify;\">As\u00ed que las cosas se pondr\u00e1n color de hormiga a la hora de las definiciones.<\/p>\n<p style=\"text-align: justify;\">Por el PRI, de igual manera que en la definici\u00f3n por la gubernatura, el candidato tricolor se ir\u00eda hasta una cuarta posici\u00f3n.<\/p>\n<p style=\"text-align: justify;\">En Acci\u00f3n Nacional, trabajan de sol a sol, para sacar un candidato competitivo y se escuchan los nombres siguientes:<\/p>\n<ol style=\"text-align: justify;\">\n<li>Impulsado por el gobernador, y m\u00e1s bien por Alejandra de la Vega, con calzador, pretenden colar a C\u00e9sar Augusto Peniche, fiscal del estado, como el candidato para la alcald\u00eda de Ju\u00e1rez.<\/li>\n<\/ol>\n<p style=\"text-align: justify;\">\u00a1Impresentable! Me dijo un panista muy molesto.<\/p>\n<p style=\"text-align: justify;\">\u2014 \u00abComo cree Javier Corral que los panistas escoger\u00edamos un candidato con su historial de miedo. De tortura y muerte. De transa y violencia\u00bb. Me dijo.<\/p>\n<ol style=\"text-align: justify;\" start=\"2\">\n<li>Si Peniche no pasa el primer filtro, la pieza siguiente a apoyar ser\u00eda Sergio Madero, actual presidente del fideicomiso de los puentes.<\/li>\n<\/ol>\n<p style=\"text-align: justify;\">Abogado, cat\u00f3lico y panista, en ese orden quiere que se le defina.<\/p>\n<p style=\"text-align: justify;\">Con ese bagaje y su trayectoria partidista pretender\u00eda competir en la interna azul.<\/p>\n<ol style=\"text-align: justify;\" start=\"3\">\n<li>Otra de las sorpresas de la semana fue, escuchar que Ren\u00e9 Mendoza trae la intenci\u00f3n de participar tambi\u00e9n.<\/li>\n<\/ol>\n<p style=\"text-align: justify;\">Ren\u00e9 es un chavorruco cuarent\u00f3n, de buen porte, empresario m\u00e1s que exitoso, que le apuesta a encontrar su candidatura en un plano de unidad entre los grupos azules que son m\u00e1s reaccionarios que los mism\u00edsimos chairos.<\/p>\n<p style=\"text-align: justify;\">Ren\u00e9 Mendoza ya particip\u00f3 en una contienda interna.<\/p>\n<p style=\"text-align: justify;\">Recordemos que en cierta ocasi\u00f3n, contend\u00edan Ram\u00f3n Galindo, Mar\u00eda Antonieta P\u00e9rez, Ra\u00fal Garc\u00eda Ruiz y \u00e9l.<\/p>\n<p style=\"text-align: justify;\">La candidatura se defini\u00f3 por medio de una encuesta a la cual Mendoza se refiri\u00f3 como \u00abcuchareada\u00bb, pues gan\u00f3 de manera inconcebible, Mar\u00eda Antonieta P\u00e9rez, qui\u00e9n a la hora de la elecci\u00f3n se desinfl\u00f3 como bal\u00f3n pinchado por una p\u00faa.<\/p>\n<p style=\"text-align: justify;\">Ren\u00e9 Mendoza pidi\u00f3 se le devolviera la inversi\u00f3n que hizo, para la realizaci\u00f3n del ejercicio de sondeo que en su momento lo mont\u00f3 el tecnol\u00f3gico de Monterrey.<\/p>\n<p style=\"text-align: justify;\">\u201cDenme mis canicas ya no juego\u201d. Habr\u00eda dicho en aquel momento.<\/p>\n<p style=\"text-align: justify;\">Pero ahora son otras las condiciones y es considerado por algunos como un fuerte aspirante a la candidatura. Entre ellos, su compadre, Jorge Espinoza. Qui\u00e9n lo llama eufem\u00edsticamente. \u00abfactor de unidad azul\u00bb<\/p>\n<ol style=\"text-align: justify;\" start=\"4\">\n<li>Y finalmente, entre las pringuitas azulinas, Ra\u00fal Garc\u00eda Ruiz.<\/li>\n<\/ol>\n<p style=\"text-align: justify;\">Con m\u00e1s experiencia en el campo de la confrontaci\u00f3n electoral, con un triunfo como diputado y una derrota en el intento de otra diputaci\u00f3n.<\/p>\n<p style=\"text-align: justify;\">Su capital m\u00e1s reciente es de 120.000 votos como aspirante a la sindicatura. casi el doble de votos obtenidos frente al candidato panista a la alcald\u00eda, Ram\u00f3n Galindo Noriega.<\/p>\n<p style=\"text-align: justify;\">Arrollado por el tsunami L\u00f3pez Obrador, con una adversaria que casi le dobl\u00f3 el marcador.<\/p>\n<p style=\"text-align: justify;\">Entre los sarzales \u00abindependientes\u00bb, se est\u00e1n tirando con todo, el g\u00fcerito Rodolfo Mart\u00ednez, y V\u00edctor Valencia de los Santos.<\/p>\n<p style=\"text-align: justify;\">El primero muy verde para estas competencias de alta resistencia y el segundo, con un colmillo m\u00e1s retorcido que un rabo de puerco.<\/p>\n<p style=\"text-align: justify;\">Su posibilidad estriba en la fuerte inversi\u00f3n que puedan hacer para crear una estructura ganadora.<\/p>\n<p style=\"text-align: justify;\">En este terreno, le aventaja V\u00edctor al g\u00fcerito.<\/p>\n<p style=\"text-align: justify;\">Pero las cosas apenas comienzan a dar color.<\/p>\n<p style=\"text-align: justify;\">Los motores est\u00e1n encendidos y este ESCENARIO es el m\u00e1s reciente que se vislumbra en la semana.<\/p>\n<p style=\"text-align: justify;\">Voy por mis palomitas.<\/p>\n","protected":false},"excerpt":{"rendered":"<p>Aunque falta cosa de un a\u00f1o para las definiciones de participaci\u00f3n electoral, ya la arena est\u00e1 caliente.\u00a0Semana tras semana, los momios suben y bajan.<\/p>\n","protected":false},"author":6,"featured_media":21027,"comment_status":"open","ping_status":"open","sticky":false,"template":"","format":"standard","meta":{"_acf_changed":false,"_monsterinsights_skip_tracking":false,"slim_seo":{"title":"Las pringuitas azules - Opini\u00f3n P\u00fablica","description":"Aunque falta cosa de un a\u00f1o para las definiciones de participaci\u00f3n electoral, ya la arena est\u00e1 caliente.\u00a0Semana tras semana, los momios suben y bajan. En cuanto"},"footnotes":""},"categories":[21],"tags":[],"class_list":["post-21028","post","type-post","status-publish","format-standard","has-post-thumbnail","hentry","category-cartapacio"],"acf":[],"_links":{"self":[{"href":"https:\/\/www.opinionpublica.tv\/portada\/wp-json\/wp\/v2\/posts\/21028","targetHints":{"allow":["GET"]}}],"collection":[{"href":"https:\/\/www.opinionpublica.tv\/portada\/wp-json\/wp\/v2\/posts"}],"about":[{"href":"https:\/\/www.opinionpublica.tv\/portada\/wp-json\/wp\/v2\/types\/post"}],"author":[{"embeddable":true,"href":"https:\/\/www.opinionpublica.tv\/portada\/wp-json\/wp\/v2\/users\/6"}],"replies":[{"embeddable":true,"href":"https:\/\/www.opinionpublica.tv\/portada\/wp-json\/wp\/v2\/comments?post=21028"}],"version-history":[{"count":0,"href":"https:\/\/www.opinionpublica.tv\/portada\/wp-json\/wp\/v2\/posts\/21028\/revisions"}],"wp:featuredmedia":[{"embeddable":true,"href":"https:\/\/www.opinionpublica.tv\/portada\/wp-json\/wp\/v2\/media\/21027"}],"wp:attachment":[{"href":"https:\/\/www.opinionpublica.tv\/portada\/wp-json\/wp\/v2\/media?parent=21028"}],"wp:term":[{"taxonomy":"category","embeddable":true,"href":"https:\/\/www.opinionpublica.tv\/portada\/wp-json\/wp\/v2\/categories?post=21028"},{"taxonomy":"post_tag","embeddable":true,"href":"https:\/\/www.opinionpublica.tv\/portada\/wp-json\/wp\/v2\/tags?post=21028"}],"curies":[{"name":"wp","href":"https:\/\/api.w.org\/{rel}","templated":true}]}}