{"id":21026,"date":"2019-09-26T06:00:00","date_gmt":"2019-09-26T04:00:00","guid":{"rendered":"https:\/\/www.opinionpublica.tv\/portada\/2019\/09\/26\/efemerides-26-de-septiembre-2\/"},"modified":"2019-09-26T06:00:00","modified_gmt":"2019-09-26T04:00:00","slug":"efemerides-26-de-septiembre-2","status":"publish","type":"post","link":"https:\/\/www.opinionpublica.tv\/portada\/efemerides-26-de-septiembre-2\/","title":{"rendered":"Efem\u00e9rides 26 de septiembre"},"content":{"rendered":"<img fetchpriority=\"high\" decoding=\"async\" class=\" size-full wp-image-21025\" src=\"https:\/\/www.opinionpublica.tv\/portada\/wp-content\/uploads\/2019\/09\/28e7644b4428e6f7c92f423516f1c15a.jpg\" alt=\"\" class=\"caption\" title=\"La guerrilla en Colombia cost\u00f3 la vida a miles de personas durante a\u00f1os.\" width=\"770\" height=\"450\" srcset=\"https:\/\/www.opinionpublica.tv\/portada\/wp-content\/uploads\/2019\/09\/28e7644b4428e6f7c92f423516f1c15a.jpg 770w, https:\/\/www.opinionpublica.tv\/portada\/wp-content\/uploads\/2019\/09\/28e7644b4428e6f7c92f423516f1c15a-300x175.jpg 300w, https:\/\/www.opinionpublica.tv\/portada\/wp-content\/uploads\/2019\/09\/28e7644b4428e6f7c92f423516f1c15a-768x449.jpg 768w\" sizes=\"(max-width: 770px) 100vw, 770px\" \/>\n<p style=\"text-align: justify;\">Un d\u00eda 26 de septiembre como hoy, pero de 1989, el gobierno de Colombia y el Movimiento 19 de Abril (M-19) firman la entrega de armas y la reinserci\u00f3n de guerrilleros en la vida civil.<\/p>\n<p><!--more--><\/p>\n<p style=\"text-align: justify;\"><strong>Otras efem\u00e9rides<\/strong><\/p>\n<p style=\"text-align: justify;\">1729.- Nace Mois\u00e9s Mendelssohn, escritor y fil\u00f3sofo alem\u00e1n.<\/p>\n<p style=\"text-align: justify;\">1810.- Espa\u00f1a pierde la Florida occidental.<\/p>\n<p style=\"text-align: justify;\">1815.- Tratado de la Santa Alianza, suscrito por los emperadores de Austria, Prusia y Rusia, para frenar las aspiraciones nacionalistas de los peque\u00f1os Estados de Alemania e Italia.<\/p>\n<p style=\"text-align: justify;\">1888.- Nace Thomas S. Eliot, escritor estadounidense.<\/p>\n<p style=\"text-align: justify;\">1889.- Nace Martin Heidegger, fil\u00f3sofo alem\u00e1n.<\/p>\n<p style=\"text-align: justify;\">1897.- Nace Giovanni Bautista Montini, italiano, Papa Pablo VI.<\/p>\n<p style=\"text-align: justify;\">1907.- Nueva Zelanda alcanza la autonom\u00eda, con el rey de Inglaterra como Jefe de Estado.<\/p>\n<p style=\"text-align: justify;\">1932.- Se libran duros combates en Lindo Lugar y Jinotega entre sandinistas y tropas gubernamentales nicarag\u00fcenses.<\/p>\n<p style=\"text-align: justify;\">1933.- Un hurac\u00e1n azota Tampico (M\u00e9xico), por segunda vez en la temporada y causa centenares de muertos.<\/p>\n<p style=\"text-align: justify;\">1942.- Nace Emilio Guti\u00e9rrez Caba, actor espa\u00f1ol.<\/p>\n<p style=\"text-align: justify;\">1945.- Muere Bela Bartok, compositor h\u00fangaro.<\/p>\n<p style=\"text-align: justify;\">1950.- La OTAN admite a la RFA en la alianza defensiva occidental.<\/p>\n<p style=\"text-align: justify;\">1953.- Firma del convenio defensivo hispano-estadounidense.<\/p>\n<p style=\"text-align: justify;\">1960.- Kennedy y Nixon celebran el primer debate televisivo entre dos candidatos a la Casa Blanca, con una audiencia de 60 millones de estadounidenses.<\/p>\n<p style=\"text-align: justify;\">1960.- Primer discurso de Fidel Castro ante la Asamblea General de la ONU, con cr\u00edticas al imperialismo estadounidense.<\/p>\n<p style=\"text-align: justify;\">1963.- Espa\u00f1a y EEUU renuevan los acuerdos de 1953 sobre las bases militares en territorio espa\u00f1ol.<\/p>\n<p style=\"text-align: justify;\">1965.- \u00abThe Beatles\u00bb, distinguidos por la reina Isabel con la orden del imperio brit\u00e1nico.<\/p>\n<p style=\"text-align: justify;\">1968.- Portugal: Con Salazar en coma, Caetano asume el cargo de primer ministro.<\/p>\n<p style=\"text-align: justify;\">1969.- Bolivia: El general Alfredo Ovando derroca al presidente Luis A. Siles Salinas.<\/p>\n<p style=\"text-align: justify;\">1973.- El Concorde bate el r\u00e9cord en la duraci\u00f3n de vuelos transatl\u00e1nticos al volar de Washington a Par\u00eds en 3 horas y 32 minutos.<\/p>\n<p style=\"text-align: justify;\">1973.- Muere Anna Magnani, actriz italiana.<\/p>\n<p style=\"text-align: justify;\">1984.- Acuerdo entre Reino Unido y China por el que Hong Kong volver\u00e1 en 1997 a la soberan\u00eda china.<\/p>\n<p style=\"text-align: justify;\">1984.- Muere Francisco Rivera \u00abPaquirri\u00bb, torero espa\u00f1ol.<\/p>\n<p style=\"text-align: justify;\">1987.- Muere Victoria Kent, exdiputada republicana espa\u00f1ola.<\/p>\n<p style=\"text-align: justify;\">1990.- Muere Alberto Moravia, escritor italiano.<\/p>\n<p style=\"text-align: justify;\">1994.- La epidemia de peste neum\u00f3nica causa en Surat (India) un centenar de muertos, 300 enfermos y 300.000 desplazados.<\/p>\n<p style=\"text-align: justify;\">1997.- El presidente ruso, Boris Yeltsin, firma la ley de libertad de culto, aunque la Iglesia Ortodoxa mantiene su situaci\u00f3n de privilegio.<\/p>\n<p style=\"text-align: justify;\">1999.- Una serie de explosiones en la ciudad mexicana de Celaya causa al menos 50 muertos.<\/p>\n<p style=\"text-align: justify;\">2000.- El naufragio del nav\u00edo griego \u00abSamina Express\u00bb, que choc\u00f3 contra un islote en el mar Egeo, ocasiona 75 muertos.<\/p>\n<p style=\"text-align: justify;\">2001.- Una comisi\u00f3n investigadora presenta una denuncia constitucional, por traici\u00f3n a la patria, contra el expresidente peruano Alberto Fujimori y 17 exministros.<\/p>\n<p style=\"text-align: justify;\">2002.- Un millar de turistas mueren en el naufragio del transbordador senegal\u00e9s \u00abLe Diola\u00bb frente a la costa de Gambia.<\/p>\n<p style=\"text-align: justify;\">2005.- Primer juicio contra Al Qaeda en Espa\u00f1a: Condenados a un total de 167 a\u00f1os de c\u00e1rcel ocho islamistas.<\/p>\n<p style=\"text-align: justify;\">2005.- El IRA anuncia que ha concluido la destrucci\u00f3n de sus arsenales.<\/p>\n<p style=\"text-align: justify;\">2006.- Los \u00abnarcos\u00bb colombianos Gilberto y Miguel Rodr\u00edguez Orejuela, condenados a 30 a\u00f1os de prisi\u00f3n en Miami.<\/p>\n<p style=\"text-align: justify;\">2008.- Muere Paul Newman, actor estadounidense.<\/p>\n<p style=\"text-align: justify;\">2010.- Elecciones legislativas en Venezuela: El Partido Socialista Unido del presidente Hugo Ch\u00e1vez gana en las urnas, aunque pierde la mayor\u00eda cualificada en la Asamblea Nacional.<\/p>\n<p style=\"text-align: justify;\">2013.- Es cvonfirmada la sentencia de 50 a\u00f1os de prisi\u00f3n al ex presidente de Liberia Charles Taylor.<\/p>\n<p style=\"text-align: justify;\">2014.- Un grupo de 43 estudiantes aspirantes a maestros rurales desaparecen tras ataques de grupos armados en el estado de Guerrero.<\/p>\n<p style=\"text-align: justify;\">\u00a0<\/p>\n","protected":false},"excerpt":{"rendered":"<p>Un d\u00eda 26 de septiembre como hoy, pero de 1989, el gobierno de Colombia y el Movimiento 19 de Abril (M-19) firman la entrega de armas y la reinserci\u00f3n de guerrilleros en la vida civil.<\/p>\n","protected":false},"author":6,"featured_media":21025,"comment_status":"open","ping_status":"open","sticky":false,"template":"","format":"standard","meta":{"_acf_changed":false,"_monsterinsights_skip_tracking":false,"slim_seo":{"title":"Efem\u00e9rides 26 de septiembre - Opini\u00f3n P\u00fablica","description":"Un d\u00eda 26 de septiembre como hoy, pero de 1989, el gobierno de Colombia y el Movimiento 19 de Abril (M-19) firman la entrega de armas y la reinserci\u00f3n de guerri"},"footnotes":""},"categories":[27],"tags":[],"class_list":["post-21026","post","type-post","status-publish","format-standard","has-post-thumbnail","hentry","category-un-dia-como-hoy"],"acf":[],"_links":{"self":[{"href":"https:\/\/www.opinionpublica.tv\/portada\/wp-json\/wp\/v2\/posts\/21026","targetHints":{"allow":["GET"]}}],"collection":[{"href":"https:\/\/www.opinionpublica.tv\/portada\/wp-json\/wp\/v2\/posts"}],"about":[{"href":"https:\/\/www.opinionpublica.tv\/portada\/wp-json\/wp\/v2\/types\/post"}],"author":[{"embeddable":true,"href":"https:\/\/www.opinionpublica.tv\/portada\/wp-json\/wp\/v2\/users\/6"}],"replies":[{"embeddable":true,"href":"https:\/\/www.opinionpublica.tv\/portada\/wp-json\/wp\/v2\/comments?post=21026"}],"version-history":[{"count":0,"href":"https:\/\/www.opinionpublica.tv\/portada\/wp-json\/wp\/v2\/posts\/21026\/revisions"}],"wp:featuredmedia":[{"embeddable":true,"href":"https:\/\/www.opinionpublica.tv\/portada\/wp-json\/wp\/v2\/media\/21025"}],"wp:attachment":[{"href":"https:\/\/www.opinionpublica.tv\/portada\/wp-json\/wp\/v2\/media?parent=21026"}],"wp:term":[{"taxonomy":"category","embeddable":true,"href":"https:\/\/www.opinionpublica.tv\/portada\/wp-json\/wp\/v2\/categories?post=21026"},{"taxonomy":"post_tag","embeddable":true,"href":"https:\/\/www.opinionpublica.tv\/portada\/wp-json\/wp\/v2\/tags?post=21026"}],"curies":[{"name":"wp","href":"https:\/\/api.w.org\/{rel}","templated":true}]}}