{"id":21002,"date":"2019-09-23T06:00:00","date_gmt":"2019-09-23T04:00:00","guid":{"rendered":"https:\/\/www.opinionpublica.tv\/portada\/2019\/09\/23\/feminicidios-al-alza-casi-la-mitad-en-cinco-estados\/"},"modified":"2019-09-23T06:00:00","modified_gmt":"2019-09-23T04:00:00","slug":"feminicidios-al-alza-casi-la-mitad-en-cinco-estados","status":"publish","type":"post","link":"https:\/\/www.opinionpublica.tv\/portada\/feminicidios-al-alza-casi-la-mitad-en-cinco-estados\/","title":{"rendered":"Feminicidios siguen al alza; casi la mitad en cinco estados"},"content":{"rendered":"<p><img fetchpriority=\"high\" decoding=\"async\" class=\" size-full wp-image-21001\" src=\"https:\/\/www.opinionpublica.tv\/portada\/wp-content\/uploads\/2019\/09\/c3f12a5329df60fe632a7789b5d354d2.jpg\" alt=\"\" class=\"caption\" title=\"Los feminicidios siguen a la alza en todo el pa\u00eds con pocos detenidos.\" width=\"660\" height=\"371\" srcset=\"https:\/\/www.opinionpublica.tv\/portada\/wp-content\/uploads\/2019\/09\/c3f12a5329df60fe632a7789b5d354d2.jpg 660w, https:\/\/www.opinionpublica.tv\/portada\/wp-content\/uploads\/2019\/09\/c3f12a5329df60fe632a7789b5d354d2-300x169.jpg 300w\" sizes=\"(max-width: 660px) 100vw, 660px\" \/><br \/>\n<!--more--><\/p>\n<p style=\"text-align: justify;\"><em>Ciudad de M\u00e9xico<\/em>.- La violencia feminicida a nivel nacional contin\u00faa en aumento, ya que entre enero y agosto de este a\u00f1o se contabilizaron 661 v\u00edctimas de feminicidio, mientras que en el mismo periodo del a\u00f1o pasado la cifra fue de 575, es decir 15% de incremento.<\/p>\n<p style=\"text-align: justify;\">De acuerdo con informaci\u00f3n del Secretariado Ejecutivo del Sistema Nacional de Seguridad P\u00fablica, cinco estados comprenden 48% del total de v\u00edctimas, de los cuales cuatro tienen Alerta de Violencia de G\u00e9nero contra las Mujeres (AVGM).<\/p>\n<p style=\"text-align: justify;\">En el primer lugar est\u00e1 Veracruz, al contabilizar 131 v\u00edctimas entre enero y agosto de este a\u00f1o; seguido por el Estado de M\u00e9xico con 67 casos, tan s\u00f3lo en agosto se cometieron 14 feminicidios en la entidad, el mes m\u00e1s violento para las mujeres mexiquenses en lo que va del a\u00f1o.<\/p>\n<p style=\"text-align: justify;\">Posteriormente, se encuentra Nuevo Le\u00f3n, que al igual que Edomex, agosto fue el mes m\u00e1s peligroso al contabilizar 14 v\u00edctimas y un total de 46 casos durante los primeros ocho meses del 2019.<\/p>\n<p style=\"text-align: justify;\">En abril de este a\u00f1o, la Comisi\u00f3n Nacional para Prevenir y Erradicar la Violencia Contra las Mujeres (Conavim) declar\u00f3 alerta de g\u00e9nero para el estado de Puebla y cinco meses despu\u00e9s el gobernador de la entidad, Miguel Barbosa, previ\u00f3 que para octubre se dar\u00e1 cumplimiento a las acciones urgentes comprendidas en el dictamen de declaratoria y se levantar\u00eda la alerta de g\u00e9nero.<\/p>\n<p style=\"text-align: justify;\">De acuerdo con la informaci\u00f3n de la Secretar\u00eda de Seguridad y Protecci\u00f3n Ciudadana, Puebla ocupa el cuarto lugar de los 32 estados en violencia feminicida, debido a que contabiliza 42 casos del periodo enero-agosto de este a\u00f1o.<\/p>\n<p style=\"text-align: justify;\">Por otra parte, el gobierno capitalino encabezado por Claudia Sheinbaum ha argumentado que se han puesto en marcha diferentes medidas para erradicar la violencia feminicida en la CDMX.<\/p>\n<p style=\"text-align: justify;\">Adem\u00e1s, la mandataria expone que no se ha declarado la alerta de g\u00e9nero para la ciudad, solicitada desde el 2017, porque los estados que cuentan con el mecanismo no han tenido resultados para combatir la m\u00e1xima expresi\u00f3n de violencia hacia las mujeres.<\/p>\n<p style=\"text-align: justify;\">Entre enero y agosto de este a\u00f1o, en la Ciudad de M\u00e9xico se contabilizaron 33 v\u00edctimas de violencia feminicida, por lo que la capital ocupa el quinto lugar con mayor n\u00famero de casos.<\/p>\n<p style=\"text-align: justify;\">Organizaciones sociales y el Observatorio Ciudadano Nacional del Feminicidio han reiterado que la alerta de g\u00e9nero ha servido para evidenciar los contextos de violencia feminicida en el pa\u00eds, corregir pol\u00edticas p\u00fablicas y modificar marcos normativos que transgreden los derechos humanos de las mujeres.<\/p>\n<p style=\"text-align: justify;\">Pero han resaltado la importancia de que la Conavim cuente con una metodolog\u00eda para que, en coordinaci\u00f3n con las autoridades estatales, pueda generar planes estrat\u00e9gicos para el cumplimiento de las medidas urgentes de seguridad establecidas en 19 declaratorias en 18 estados.<\/p>\n<p style=\"text-align: justify;\">Por lo que, tras la negativa de la Conavim para declarar alerta de g\u00e9nero en la capital y a trav\u00e9s de un amparo solicitar la declaratoria inmediata del mecanismo, las organizaciones exigen al gobierno federal considerar a las mujeres una prioridad en la agenda nacional. (El Economista)<\/p>\n","protected":false},"excerpt":{"rendered":"","protected":false},"author":6,"featured_media":21001,"comment_status":"open","ping_status":"open","sticky":false,"template":"","format":"standard","meta":{"_acf_changed":false,"_monsterinsights_skip_tracking":false,"slim_seo":{"title":"Feminicidios siguen al alza; casi la mitad en cinco estados - Opini\u00f3n P\u00fablica","description":"Ciudad de M\u00e9xico .- La violencia feminicida a nivel nacional contin\u00faa en aumento, ya que entre enero y agosto de este a\u00f1o se contabilizaron 661 v\u00edctimas de femi"},"footnotes":""},"categories":[9],"tags":[],"class_list":["post-21002","post","type-post","status-publish","format-standard","has-post-thumbnail","hentry","category-nacional"],"acf":[],"_links":{"self":[{"href":"https:\/\/www.opinionpublica.tv\/portada\/wp-json\/wp\/v2\/posts\/21002","targetHints":{"allow":["GET"]}}],"collection":[{"href":"https:\/\/www.opinionpublica.tv\/portada\/wp-json\/wp\/v2\/posts"}],"about":[{"href":"https:\/\/www.opinionpublica.tv\/portada\/wp-json\/wp\/v2\/types\/post"}],"author":[{"embeddable":true,"href":"https:\/\/www.opinionpublica.tv\/portada\/wp-json\/wp\/v2\/users\/6"}],"replies":[{"embeddable":true,"href":"https:\/\/www.opinionpublica.tv\/portada\/wp-json\/wp\/v2\/comments?post=21002"}],"version-history":[{"count":0,"href":"https:\/\/www.opinionpublica.tv\/portada\/wp-json\/wp\/v2\/posts\/21002\/revisions"}],"wp:featuredmedia":[{"embeddable":true,"href":"https:\/\/www.opinionpublica.tv\/portada\/wp-json\/wp\/v2\/media\/21001"}],"wp:attachment":[{"href":"https:\/\/www.opinionpublica.tv\/portada\/wp-json\/wp\/v2\/media?parent=21002"}],"wp:term":[{"taxonomy":"category","embeddable":true,"href":"https:\/\/www.opinionpublica.tv\/portada\/wp-json\/wp\/v2\/categories?post=21002"},{"taxonomy":"post_tag","embeddable":true,"href":"https:\/\/www.opinionpublica.tv\/portada\/wp-json\/wp\/v2\/tags?post=21002"}],"curies":[{"name":"wp","href":"https:\/\/api.w.org\/{rel}","templated":true}]}}