{"id":20994,"date":"2019-09-23T06:00:00","date_gmt":"2019-09-23T04:00:00","guid":{"rendered":"https:\/\/www.opinionpublica.tv\/portada\/2019\/09\/23\/negocios-a-la-sombra-del-poder-presentan-libro-sobre-los-negocios-oscuros-de-vicente-fox\/"},"modified":"2019-09-23T06:00:00","modified_gmt":"2019-09-23T04:00:00","slug":"negocios-a-la-sombra-del-poder-presentan-libro-sobre-los-negocios-oscuros-de-vicente-fox","status":"publish","type":"post","link":"https:\/\/www.opinionpublica.tv\/portada\/negocios-a-la-sombra-del-poder-presentan-libro-sobre-los-negocios-oscuros-de-vicente-fox\/","title":{"rendered":"\u2018Negocios a la sombra del poder\u2019; presentan libro sobre los negocios oscuros del ex presidente Vicente Fox"},"content":{"rendered":"<p><img fetchpriority=\"high\" decoding=\"async\" class=\" size-full wp-image-20993\" src=\"https:\/\/www.opinionpublica.tv\/portada\/wp-content\/uploads\/2019\/09\/9b71d3686814b538c4a42315d466d6f9.jpg\" alt=\"\" class=\"caption\" title=\"El ex presidente Vicente Fox sigue en el centro de la pol\u00e9mica nacional.\" width=\"395\" height=\"271\" srcset=\"https:\/\/www.opinionpublica.tv\/portada\/wp-content\/uploads\/2019\/09\/9b71d3686814b538c4a42315d466d6f9.jpg 395w, https:\/\/www.opinionpublica.tv\/portada\/wp-content\/uploads\/2019\/09\/9b71d3686814b538c4a42315d466d6f9-300x206.jpg 300w\" sizes=\"(max-width: 395px) 100vw, 395px\" \/><br \/>\n<!--more--><\/p>\n<p style=\"text-align: justify;\"><em>Ciudad de M\u00e9xico<\/em>.- Desde los primeros a\u00f1os de su mandato como presidente de M\u00e9xico, Vicente\u00a0Fox\u00a0estuvo en el centro del hurac\u00e1n medi\u00e1tico, y no s\u00f3lo por sus fallidas formas pol\u00edticas o sus c\u00e9lebres tropiezos verbales. Su nombre ha estado implicado en diversas investigaciones por\u00a0tr\u00e1fico de influencias\u00a0y conflicto de intereses.<\/p>\n<p style=\"text-align: justify;\">Tal como lo demuestra\u00a0\u2018<em>Negocios a la sombra del poder\u2019<\/em>\u00a0(Grijalbo) de\u00a0Ra\u00fal Olmos, el mismo personaje que promet\u00eda terminar con las \u201cv\u00edboras prietas y tepocatas\u201d,\u00a0us\u00f3 el poder Ejecutivo\u00a0para asegurar su futuro.<\/p>\n<p style=\"text-align: justify;\">Antes de llegar a Los Pinos,\u00a0Fox\u00a0afrontaba una situaci\u00f3n familiar muy adversa. Sin embargo, como se documenta a lo largo de estas p\u00e1ginas, muchas de las acciones que llev\u00f3 a cabo durante su sexenio respondieron no s\u00f3lo a fines gubernamentales, sino a una estrategia para resarcir su patrimonio personal.<\/p>\n<p style=\"text-align: justify;\">Intervino para rescatar a las empresas en quiebra de su familia. Luego, uno de sus hijastros se convirti\u00f3 en accionista de\u00a0Grupo Estrella Blanca, y pese al evidente conflicto de intereses,\u00a0le otorg\u00f3 contratos por 350 millones de pesos. Seis meses antes de dejar Los Pinos,\u00a0Fox\u00a0us\u00f3 el poder presidencial para asegurar su futuro, mediante un acuerdo publicado en el Diario Oficial de la Federaci\u00f3n, que puso fin (a favor de \u00e9l y sus hermanos) a una disputa de casi 70 a\u00f1os por la posesi\u00f3n de 211 hect\u00e1reas en\u00a0el rancho San Crist\u00f3bal.<\/p>\n<p style=\"text-align: justify;\">Sobre esas tierras se levant\u00f3 un emporio, donde los apellidos\u00a0Fox, Quesada, Sahag\u00fan, De la Concha y Bribiesca se diseminan en\u00a0107 empresas,\u00a0en 32 de las cuales participan\u00a0Vicente y Marta.<\/p>\n<p style=\"text-align: justify;\">La\u00a0reforma energ\u00e9tica\u00a0que\u00a0Fox\u00a0impuls\u00f3 como presidente, y que se concret\u00f3 hasta el sexenio de Pe\u00f1a Nieto le abri\u00f3 una oportunidad de negocios. En alianza con petroleros de Estados Unidos, Vicente promueve la inversi\u00f3n de 1000 millones de d\u00f3lares en el sector energ\u00e9tico, y como\u00a0socio de la petrolera EIM Capital, logr\u00f3 un jugoso acuerdo de comisi\u00f3n del 6% por cada proyecto concretado para la extracci\u00f3n de petr\u00f3leo mediante la tecnolog\u00eda\u00a0fracking.<\/p>\n<p style=\"text-align: justify;\">En otra l\u00ednea, el gobierno de Pe\u00f1a Nieto eligi\u00f3 al\u00a0Centro\u00a0Fox\u00a0para capacitar a empleados de las secretar\u00edas de Econom\u00eda, Comunicaciones y Transportes, Relaciones Exteriores y Desarrollo Territorial, as\u00ed como Banobras, Bancomext, IMSS y la Comisi\u00f3n Nacional del Agua, otorg\u00e1ndole contratos por asignaci\u00f3n directa.<\/p>\n<p style=\"text-align: justify;\">El mismo recinto (que funciona como museo y egoteca del ex mandatario) recibi\u00f3 subsidio federal a trav\u00e9s de fondos de apoyo a la cultura y al desarrollo de peque\u00f1as empresas.<\/p>\n<p style=\"text-align: justify;\">Por si fuera poco, la n\u00f3mina del Centro\u00a0Fox\u00a0fue pagada con recursos de la Presidencia de la Rep\u00fablica. Los funcionarios federales han recibido la encomienda de convertirse en vendedores de bodas, primeras comuniones y 15 a\u00f1os que se realizan en el rancho del ex presidente sin reportar un peso al fisco.<\/p>\n<p style=\"text-align: justify;\">A partir de un riguroso ejercicio period\u00edstico, este libro sigue la opaca ruta de la prosperidad del ex mandatario, que lo mismo ha incursionado en negocios inmobiliarios, de transporte, agropecuarios y hasta petroleros. A pesar de lo anterior, el llamado presidente de la alternancia ha insistido en defender su\u00a0pensi\u00f3n de 205 mil pesos\u00a0mensuales.<\/p>\n<p style=\"text-align: justify;\">Con informaci\u00f3n de Aristegui Noticias.<\/p>\n","protected":false},"excerpt":{"rendered":"","protected":false},"author":6,"featured_media":20993,"comment_status":"open","ping_status":"open","sticky":false,"template":"","format":"standard","meta":{"_acf_changed":false,"_monsterinsights_skip_tracking":false,"slim_seo":{"title":"\u2018Negocios a la sombra del poder\u2019; presentan libro sobre los negocios oscuros del ex presidente Vicente Fox - Opini\u00f3n P\u00fablica","description":"Ciudad de M\u00e9xico .- Desde los primeros a\u00f1os de su mandato como presidente de M\u00e9xico, Vicente\u00a0Fox\u00a0estuvo en el centro del hurac\u00e1n medi\u00e1tico, y no s\u00f3lo por sus fa"},"footnotes":""},"categories":[11],"tags":[],"class_list":["post-20994","post","type-post","status-publish","format-standard","has-post-thumbnail","hentry","category-tendencias"],"acf":[],"_links":{"self":[{"href":"https:\/\/www.opinionpublica.tv\/portada\/wp-json\/wp\/v2\/posts\/20994","targetHints":{"allow":["GET"]}}],"collection":[{"href":"https:\/\/www.opinionpublica.tv\/portada\/wp-json\/wp\/v2\/posts"}],"about":[{"href":"https:\/\/www.opinionpublica.tv\/portada\/wp-json\/wp\/v2\/types\/post"}],"author":[{"embeddable":true,"href":"https:\/\/www.opinionpublica.tv\/portada\/wp-json\/wp\/v2\/users\/6"}],"replies":[{"embeddable":true,"href":"https:\/\/www.opinionpublica.tv\/portada\/wp-json\/wp\/v2\/comments?post=20994"}],"version-history":[{"count":0,"href":"https:\/\/www.opinionpublica.tv\/portada\/wp-json\/wp\/v2\/posts\/20994\/revisions"}],"wp:featuredmedia":[{"embeddable":true,"href":"https:\/\/www.opinionpublica.tv\/portada\/wp-json\/wp\/v2\/media\/20993"}],"wp:attachment":[{"href":"https:\/\/www.opinionpublica.tv\/portada\/wp-json\/wp\/v2\/media?parent=20994"}],"wp:term":[{"taxonomy":"category","embeddable":true,"href":"https:\/\/www.opinionpublica.tv\/portada\/wp-json\/wp\/v2\/categories?post=20994"},{"taxonomy":"post_tag","embeddable":true,"href":"https:\/\/www.opinionpublica.tv\/portada\/wp-json\/wp\/v2\/tags?post=20994"}],"curies":[{"name":"wp","href":"https:\/\/api.w.org\/{rel}","templated":true}]}}