{"id":20981,"date":"2019-09-19T06:00:00","date_gmt":"2019-09-19T04:00:00","guid":{"rendered":"https:\/\/www.opinionpublica.tv\/portada\/2019\/09\/19\/video-llega-a-mexico-el-estreno-de-rambo-v-last-blood\/"},"modified":"2019-09-19T06:00:00","modified_gmt":"2019-09-19T04:00:00","slug":"video-llega-a-mexico-el-estreno-de-rambo-v-last-blood","status":"publish","type":"post","link":"https:\/\/www.opinionpublica.tv\/portada\/video-llega-a-mexico-el-estreno-de-rambo-v-last-blood\/","title":{"rendered":"Video: Llega a M\u00e9xico el estreno de Rambo V: Last Blood"},"content":{"rendered":"<p><img fetchpriority=\"high\" decoding=\"async\" class=\" size-full wp-image-20980\" src=\"https:\/\/www.opinionpublica.tv\/portada\/wp-content\/uploads\/2019\/09\/c6accb370b8e4ca08c10b844b005319b.jpg\" alt=\"\" width=\"1280\" height=\"720\" srcset=\"https:\/\/www.opinionpublica.tv\/portada\/wp-content\/uploads\/2019\/09\/c6accb370b8e4ca08c10b844b005319b.jpg 1280w, https:\/\/www.opinionpublica.tv\/portada\/wp-content\/uploads\/2019\/09\/c6accb370b8e4ca08c10b844b005319b-300x169.jpg 300w, https:\/\/www.opinionpublica.tv\/portada\/wp-content\/uploads\/2019\/09\/c6accb370b8e4ca08c10b844b005319b-1024x576.jpg 1024w, https:\/\/www.opinionpublica.tv\/portada\/wp-content\/uploads\/2019\/09\/c6accb370b8e4ca08c10b844b005319b-768x432.jpg 768w\" sizes=\"(max-width: 1280px) 100vw, 1280px\" \/><br \/>\n<!--more--><\/p>\n<p style=\"text-align: justify;\"><em>Los Angeles, California, EU<\/em>.-\u00a0Despu\u00e9s de haber vivido un infierno, John Rambo se retira a su rancho familiar. Su descanso se ve interrumpido por la desaparici\u00f3n de su\u00a0sobrina tras cruzar la frontera con M\u00e9xico.<\/p>\n<p style=\"text-align: justify;\">El veterano emprende un peligroso viaje en su busca enfrent\u00e1ndose a\u00a0uno de los carteles m\u00e1s despiadados de la zona y descubre que tras su desaparici\u00f3n hay oculta una red de trata de blancas.\u00a0Con sed de venganza,\u00a0deber\u00e1 cumplir una \u00faltima misi\u00f3n desplegando de nuevo\u00a0sus habilidades de combate.<\/p>\n<section class=\"highlight\">\n<div class=\"info\" style=\"text-align: justify;\">Sylvester Stallone vuelve a hacerlo una vez m\u00e1s en\u00a0&#8216;Rambo: Last Blood&#8217;, interpreta al m\u00edtico h\u00e9roe de acci\u00f3n creado por David Morrell, veterano de guerra de Vietnam que utiliza sus conocimientos militares para impartir justicia: John James Rambo.<\/div>\n<\/section>\n<div class=\"k2_video\"><iframe title=\"Rambo: Last Blood Trailer Oficial 3 Subtitulado al Espa\u00f1ol\" width=\"800\" height=\"450\" src=\"https:\/\/www.youtube.com\/embed\/BixGmsu6dh4?feature=oembed\" frameborder=\"0\" allow=\"accelerometer; autoplay; clipboard-write; encrypted-media; gyroscope; picture-in-picture; web-share\" referrerpolicy=\"strict-origin-when-cross-origin\" allowfullscreen><\/iframe>\n<\/div>\n","protected":false},"excerpt":{"rendered":"","protected":false},"author":6,"featured_media":20980,"comment_status":"open","ping_status":"open","sticky":false,"template":"","format":"standard","meta":{"_acf_changed":false,"_monsterinsights_skip_tracking":false,"slim_seo":{"title":"Video: Llega a M\u00e9xico el estreno de Rambo V: Last Blood - Opini\u00f3n P\u00fablica","description":"Los Angeles, California, EU .-\u00a0Despu\u00e9s de haber vivido un infierno, John Rambo se retira a su rancho familiar. Su descanso se ve interrumpido por la desaparici\u00f3"},"footnotes":""},"categories":[13],"tags":[],"class_list":["post-20981","post","type-post","status-publish","format-standard","has-post-thumbnail","hentry","category-videos-destacados-contenido"],"acf":[],"_links":{"self":[{"href":"https:\/\/www.opinionpublica.tv\/portada\/wp-json\/wp\/v2\/posts\/20981","targetHints":{"allow":["GET"]}}],"collection":[{"href":"https:\/\/www.opinionpublica.tv\/portada\/wp-json\/wp\/v2\/posts"}],"about":[{"href":"https:\/\/www.opinionpublica.tv\/portada\/wp-json\/wp\/v2\/types\/post"}],"author":[{"embeddable":true,"href":"https:\/\/www.opinionpublica.tv\/portada\/wp-json\/wp\/v2\/users\/6"}],"replies":[{"embeddable":true,"href":"https:\/\/www.opinionpublica.tv\/portada\/wp-json\/wp\/v2\/comments?post=20981"}],"version-history":[{"count":0,"href":"https:\/\/www.opinionpublica.tv\/portada\/wp-json\/wp\/v2\/posts\/20981\/revisions"}],"wp:featuredmedia":[{"embeddable":true,"href":"https:\/\/www.opinionpublica.tv\/portada\/wp-json\/wp\/v2\/media\/20980"}],"wp:attachment":[{"href":"https:\/\/www.opinionpublica.tv\/portada\/wp-json\/wp\/v2\/media?parent=20981"}],"wp:term":[{"taxonomy":"category","embeddable":true,"href":"https:\/\/www.opinionpublica.tv\/portada\/wp-json\/wp\/v2\/categories?post=20981"},{"taxonomy":"post_tag","embeddable":true,"href":"https:\/\/www.opinionpublica.tv\/portada\/wp-json\/wp\/v2\/tags?post=20981"}],"curies":[{"name":"wp","href":"https:\/\/api.w.org\/{rel}","templated":true}]}}