{"id":20979,"date":"2019-09-19T06:00:00","date_gmt":"2019-09-19T04:00:00","guid":{"rendered":"https:\/\/www.opinionpublica.tv\/portada\/2019\/09\/19\/atendera-cbp-solicitudes-de-asilo-de-familias-mexicanas-en-el-puente-paso-del-norte\/"},"modified":"2019-09-19T06:00:00","modified_gmt":"2019-09-19T04:00:00","slug":"atendera-cbp-solicitudes-de-asilo-de-familias-mexicanas-en-el-puente-paso-del-norte","status":"publish","type":"post","link":"https:\/\/www.opinionpublica.tv\/portada\/atendera-cbp-solicitudes-de-asilo-de-familias-mexicanas-en-el-puente-paso-del-norte\/","title":{"rendered":"Atender\u00e1 CBP solicitudes de asilo de familias mexicanas en el Puente Paso del Norte"},"content":{"rendered":"<p><img fetchpriority=\"high\" decoding=\"async\" class=\" size-full wp-image-20978\" src=\"https:\/\/www.opinionpublica.tv\/portada\/wp-content\/uploads\/2019\/09\/29d1957306dd6c895bb84253613c16f3-scaled.jpg\" alt=\"\" class=\"caption\" title=\"Los mexicanos que soliciten asilo a Estados Unidos ser\u00e1n atendidos en este puente.\" width=\"2560\" height=\"1707\" srcset=\"https:\/\/www.opinionpublica.tv\/portada\/wp-content\/uploads\/2019\/09\/29d1957306dd6c895bb84253613c16f3-scaled.jpg 2560w, https:\/\/www.opinionpublica.tv\/portada\/wp-content\/uploads\/2019\/09\/29d1957306dd6c895bb84253613c16f3-300x200.jpg 300w, https:\/\/www.opinionpublica.tv\/portada\/wp-content\/uploads\/2019\/09\/29d1957306dd6c895bb84253613c16f3-1024x683.jpg 1024w, https:\/\/www.opinionpublica.tv\/portada\/wp-content\/uploads\/2019\/09\/29d1957306dd6c895bb84253613c16f3-768x512.jpg 768w, https:\/\/www.opinionpublica.tv\/portada\/wp-content\/uploads\/2019\/09\/29d1957306dd6c895bb84253613c16f3-1536x1024.jpg 1536w, https:\/\/www.opinionpublica.tv\/portada\/wp-content\/uploads\/2019\/09\/29d1957306dd6c895bb84253613c16f3-2048x1365.jpg 2048w\" sizes=\"(max-width: 2560px) 100vw, 2560px\" \/><br \/>\n<!--more--><\/p>\n<p style=\"text-align: justify;\"><em>El Paso, Texas, EU<\/em>.- El director de Operaciones de Campo Aduanas y Protecci\u00f3n Fronteriza (CBP) en El Paso, convoc\u00f3 a una reuni\u00f3n especial del Comit\u00e9 de Consulta del Oeste de Texas en la que inform\u00f3 las decisiones tomadas en torno al reciente arribo de personas de nacionalidad mexicana que pretenden solicitar asilo en el vecino pa\u00eds y que han permanecido en las inmediaciones del Puente Internacional Zaragoza.<\/p>\n<p style=\"text-align: justify;\">H\u00e9ctor A. Mancha, titular de dicha corporaci\u00f3n federal inform\u00f3 que en pr\u00f3ximos d\u00edas, sin precisar la fecha, se iniciar\u00e1 con la atenci\u00f3n de familias mexicanas solicitantes de asilo, para ello se utilizar\u00e1n exclusivamente las oficinas que tiene a su cargo en el Puente Internacional Paso del Norte.<\/p>\n<p style=\"text-align: justify;\">Indic\u00f3 tambi\u00e9n que para su atenci\u00f3n ser\u00e1n llamados agentes que actualmente tienen a su cargo la revisi\u00f3n de veh\u00edculos en dicho puerto fronterizo, privilegiando la atenci\u00f3n las personas que realizan el cruce a pie, ya que ese puente es el que presenta mayor flujo de peatones en la regi\u00f3n.<\/p>\n<p style=\"text-align: justify;\">Mancha indic\u00f3 que no se tiene precisada tampoco una fecha para terminar con el operativo, el cual durar\u00e1 el tiempo necesario para desahogar el c\u00famulo de solicitantes.<\/p>\n<p style=\"text-align: justify;\">Tambi\u00e9n refiri\u00f3 que estar\u00eda dispuesto a considerar la asignaci\u00f3n de m\u00e1s agentes de los otros cruces fronterizos de la ciudad en caso de que la afluencia de familias solicitantes se incremente.<\/p>\n<p style=\"text-align: justify;\">Por su parte Sergio Madero Villanueva, director del Fideicomiso de Puentes Fronterizos, mencion\u00f3 que es posible que una vez iniciado este operativo y durante la duraci\u00f3n del mismo, se incremente la longitud de las l\u00edneas vehiculares y los tiempos de espera, a consecuencia de la reasignaci\u00f3n de agentes a la atenci\u00f3n de solicitantes de asilo.<\/p>\n<p style=\"text-align: justify;\">Madero se comprometi\u00f3 a mantener el flujo de informaci\u00f3n con las autoridades de ambos lados de la frontera, en especial con Grupo Beta y la Polic\u00eda Federal a efecto de guardar el orden entre los solicitantes, as\u00ed como con las autoridades locales de vialidad para atender a los conductores que realizan su cruce por ese puente.<\/p>\n","protected":false},"excerpt":{"rendered":"","protected":false},"author":6,"featured_media":20978,"comment_status":"open","ping_status":"open","sticky":false,"template":"","format":"standard","meta":{"_acf_changed":false,"_monsterinsights_skip_tracking":false,"slim_seo":{"title":"Atender\u00e1 CBP solicitudes de asilo de familias mexicanas en el Puente Paso del Norte - Opini\u00f3n P\u00fablica","description":"El Paso, Texas, EU .- El director de Operaciones de Campo Aduanas y Protecci\u00f3n Fronteriza (CBP) en El Paso, convoc\u00f3 a una reuni\u00f3n especial del Comit\u00e9 de Consult"},"footnotes":""},"categories":[3],"tags":[],"class_list":["post-20979","post","type-post","status-publish","format-standard","has-post-thumbnail","hentry","category-principal"],"acf":[],"_links":{"self":[{"href":"https:\/\/www.opinionpublica.tv\/portada\/wp-json\/wp\/v2\/posts\/20979","targetHints":{"allow":["GET"]}}],"collection":[{"href":"https:\/\/www.opinionpublica.tv\/portada\/wp-json\/wp\/v2\/posts"}],"about":[{"href":"https:\/\/www.opinionpublica.tv\/portada\/wp-json\/wp\/v2\/types\/post"}],"author":[{"embeddable":true,"href":"https:\/\/www.opinionpublica.tv\/portada\/wp-json\/wp\/v2\/users\/6"}],"replies":[{"embeddable":true,"href":"https:\/\/www.opinionpublica.tv\/portada\/wp-json\/wp\/v2\/comments?post=20979"}],"version-history":[{"count":0,"href":"https:\/\/www.opinionpublica.tv\/portada\/wp-json\/wp\/v2\/posts\/20979\/revisions"}],"wp:featuredmedia":[{"embeddable":true,"href":"https:\/\/www.opinionpublica.tv\/portada\/wp-json\/wp\/v2\/media\/20978"}],"wp:attachment":[{"href":"https:\/\/www.opinionpublica.tv\/portada\/wp-json\/wp\/v2\/media?parent=20979"}],"wp:term":[{"taxonomy":"category","embeddable":true,"href":"https:\/\/www.opinionpublica.tv\/portada\/wp-json\/wp\/v2\/categories?post=20979"},{"taxonomy":"post_tag","embeddable":true,"href":"https:\/\/www.opinionpublica.tv\/portada\/wp-json\/wp\/v2\/tags?post=20979"}],"curies":[{"name":"wp","href":"https:\/\/api.w.org\/{rel}","templated":true}]}}