{"id":20977,"date":"2019-09-19T06:00:00","date_gmt":"2019-09-19T04:00:00","guid":{"rendered":"https:\/\/www.opinionpublica.tv\/portada\/2019\/09\/19\/ofertan-talleres-de-cine-sin-costo-en-cineteca-del-ccpn\/"},"modified":"2019-09-19T06:00:00","modified_gmt":"2019-09-19T04:00:00","slug":"ofertan-talleres-de-cine-sin-costo-en-cineteca-del-ccpn","status":"publish","type":"post","link":"https:\/\/www.opinionpublica.tv\/portada\/ofertan-talleres-de-cine-sin-costo-en-cineteca-del-ccpn\/","title":{"rendered":"Ofertan talleres de cine sin costo en Cineteca del CCPN"},"content":{"rendered":"<p><img fetchpriority=\"high\" decoding=\"async\" class=\" size-full wp-image-20976\" src=\"https:\/\/www.opinionpublica.tv\/portada\/wp-content\/uploads\/2019\/09\/0689c23f24f7ac329fc2cc0eacb4a93f.jpg\" alt=\"\" class=\"caption\" title=\"Los talleres de cine ser\u00e1n totalmente gratuitos.\" width=\"700\" height=\"458\" srcset=\"https:\/\/www.opinionpublica.tv\/portada\/wp-content\/uploads\/2019\/09\/0689c23f24f7ac329fc2cc0eacb4a93f.jpg 700w, https:\/\/www.opinionpublica.tv\/portada\/wp-content\/uploads\/2019\/09\/0689c23f24f7ac329fc2cc0eacb4a93f-300x196.jpg 300w\" sizes=\"(max-width: 700px) 100vw, 700px\" \/><br \/>\n<!--more--><\/p>\n<p style=\"text-align: justify;\"><em>Ciudad Ju\u00e1rez, Chih<\/em>.- El\u00a0Gobierno\u00a0del Estado de Chihuahua, a trav\u00e9s de la Subsecretar\u00eda de Cultura Zona Norte, y el Departamento de Cinematograf\u00eda y Comisi\u00f3n F\u00edlmica (Film Chihuahua) invitan a formar parte de los talleres de capacitaci\u00f3n cinematogr\u00e1fica en Ciudad Ju\u00e1rez.<\/p>\n<p style=\"text-align: justify;\">Los talleres ser\u00e1n impartidos por profesionales en su ramo, sin costo y abiertas a toda la comunidad interesada en la producci\u00f3n de cine, se ofertan las siguientes capacitaciones entre septiembre y diciembre en la Cineteca del Centro Cultural Paso del Norte (CCPN):<\/p>\n<p style=\"text-align: justify;\"><strong>&#8211; Taller de Casting por Antonia Yanes.<\/strong>\u00a0Del 25 al 27 de septiembre, 17:00 horas.\u00a0Registro:\u00a0<u>https:\/\/forms.gle\/vNh64996KHQ5D8rUA<\/u><\/p>\n<p style=\"text-align: justify;\"><strong>&#8211; Taller de escritura de gui\u00f3n por Michael Roewe.<\/strong>\u00a0Del 3 al 5 de octubre, 17:00. Registro:\u00a0<u>https:\/\/forms.gle\/essvceHSpqcYCc4N7<\/u><\/p>\n<p style=\"text-align: justify;\"><strong>&#8211; Taller de actuaci\u00f3n por Michael Roewe.<\/strong>\u00a0Del 7 al 9 de octubre. 17:00 horas.\u00a0Registro:\u00a0<u>https:\/\/forms.gle\/rBG2KgHdtePjFCH6A<\/u><\/p>\n<p style=\"text-align: justify;\"><strong>&#8211; Taller de direcci\u00f3n de actores por Samantha Castillo.<\/strong>\u00a0Del 7 al 9 de noviembre, 17:00 horas.\u00a0Registro:\u00a0<u>https:\/\/forms.gle\/sE5jRgaWifVf6aJe9<\/u><\/p>\n<p style=\"text-align: justify;\"><strong>&#8211; Taller de producci\u00f3n documental por Alana Simoes.\u00a0<\/strong>Del 10 al 14 de diciembre, 17:00 horas.\u00a0Registro: pendiente.<\/p>\n<p style=\"text-align: justify;\">Para m\u00e1s informaci\u00f3n sobre los talleres y sus mentores\u00a0\u00a0se invita a seguir la p\u00e1gina de Film Chihuahua en\u00a0<u>www.facebook.com\/filmachihuahua<\/u>.<\/p>\n","protected":false},"excerpt":{"rendered":"","protected":false},"author":6,"featured_media":20976,"comment_status":"open","ping_status":"open","sticky":false,"template":"","format":"standard","meta":{"_acf_changed":false,"_monsterinsights_skip_tracking":false,"slim_seo":{"title":"Ofertan talleres de cine sin costo en Cineteca del CCPN - Opini\u00f3n P\u00fablica","description":"Ciudad Ju\u00e1rez, Chih .- El\u00a0Gobierno\u00a0del Estado de Chihuahua, a trav\u00e9s de la Subsecretar\u00eda de Cultura Zona Norte, y el Departamento de Cinematograf\u00eda y Comisi\u00f3n F"},"footnotes":""},"categories":[5],"tags":[],"class_list":["post-20977","post","type-post","status-publish","format-standard","has-post-thumbnail","hentry","category-frontera"],"acf":[],"_links":{"self":[{"href":"https:\/\/www.opinionpublica.tv\/portada\/wp-json\/wp\/v2\/posts\/20977","targetHints":{"allow":["GET"]}}],"collection":[{"href":"https:\/\/www.opinionpublica.tv\/portada\/wp-json\/wp\/v2\/posts"}],"about":[{"href":"https:\/\/www.opinionpublica.tv\/portada\/wp-json\/wp\/v2\/types\/post"}],"author":[{"embeddable":true,"href":"https:\/\/www.opinionpublica.tv\/portada\/wp-json\/wp\/v2\/users\/6"}],"replies":[{"embeddable":true,"href":"https:\/\/www.opinionpublica.tv\/portada\/wp-json\/wp\/v2\/comments?post=20977"}],"version-history":[{"count":0,"href":"https:\/\/www.opinionpublica.tv\/portada\/wp-json\/wp\/v2\/posts\/20977\/revisions"}],"wp:featuredmedia":[{"embeddable":true,"href":"https:\/\/www.opinionpublica.tv\/portada\/wp-json\/wp\/v2\/media\/20976"}],"wp:attachment":[{"href":"https:\/\/www.opinionpublica.tv\/portada\/wp-json\/wp\/v2\/media?parent=20977"}],"wp:term":[{"taxonomy":"category","embeddable":true,"href":"https:\/\/www.opinionpublica.tv\/portada\/wp-json\/wp\/v2\/categories?post=20977"},{"taxonomy":"post_tag","embeddable":true,"href":"https:\/\/www.opinionpublica.tv\/portada\/wp-json\/wp\/v2\/tags?post=20977"}],"curies":[{"name":"wp","href":"https:\/\/api.w.org\/{rel}","templated":true}]}}