{"id":20971,"date":"2019-09-19T06:00:00","date_gmt":"2019-09-19T04:00:00","guid":{"rendered":"https:\/\/www.opinionpublica.tv\/portada\/2019\/09\/19\/constructoras-desesperadas-por-lenta-inversion-publica-cmic\/"},"modified":"2019-09-19T06:00:00","modified_gmt":"2019-09-19T04:00:00","slug":"constructoras-desesperadas-por-lenta-inversion-publica-cmic","status":"publish","type":"post","link":"https:\/\/www.opinionpublica.tv\/portada\/constructoras-desesperadas-por-lenta-inversion-publica-cmic\/","title":{"rendered":"Constructoras, desesperadas por lenta inversi\u00f3n p\u00fablica: CMIC"},"content":{"rendered":"<p><img fetchpriority=\"high\" decoding=\"async\" class=\" size-full wp-image-20970\" src=\"https:\/\/www.opinionpublica.tv\/portada\/wp-content\/uploads\/2019\/09\/8425f5f14d8a4471a568f783b87e1888.jpg\" alt=\"\" class=\"caption\" title=\"La C\u00e1mara Mexicana de la Construcci\u00f3n ve lentitud en la obra p\u00fablica de AMLO.\" width=\"800\" height=\"561\" srcset=\"https:\/\/www.opinionpublica.tv\/portada\/wp-content\/uploads\/2019\/09\/8425f5f14d8a4471a568f783b87e1888.jpg 800w, https:\/\/www.opinionpublica.tv\/portada\/wp-content\/uploads\/2019\/09\/8425f5f14d8a4471a568f783b87e1888-300x210.jpg 300w, https:\/\/www.opinionpublica.tv\/portada\/wp-content\/uploads\/2019\/09\/8425f5f14d8a4471a568f783b87e1888-768x539.jpg 768w\" sizes=\"(max-width: 800px) 100vw, 800px\" \/><br \/>\n<!--more--><\/p>\n<p style=\"text-align: justify;\"><em>Ciudad de M\u00e9xico<\/em>.- La escasa inversi\u00f3n p\u00fablica en el a\u00f1o (con una ejecuci\u00f3n de apenas 24% de los recursos asignados hasta julio) y el recorte previsto de 6% para el desarrollo de inversi\u00f3n f\u00edsica durante el 2020 han ocasionado ya una \u201cgran desesperaci\u00f3n\u201d entre los constructores, por lo que el cierre de empresas por la poca actividad sigue latente y se debe evitar, afirm\u00f3 el presidente de la C\u00e1mara Mexicana de la Industria de la Construcci\u00f3n (CMIC), Eduardo Ram\u00edrez.<\/p>\n<p style=\"text-align: justify;\">Luego de seis meses de ca\u00eddas consecutivas en la industria de la construcci\u00f3n (la mayor en julio pasado, 9.1%, de acuerdo con datos del Inegi), la expectativa de un repunte en el segundo semestre se desvanece y es inminente el cierre del 2019 con signo negativo, luego de un 2018 positivo.<\/p>\n<p style=\"text-align: justify;\">Adem\u00e1s, del anunciado programa de licitaciones adelantadas para acelerar la econom\u00eda del pa\u00eds a\u00fan no se ha difundido ninguna informaci\u00f3n (tipo de obras, montos o proyectos ejecutivos realizados, por ejemplo).<\/p>\n<p style=\"text-align: justify;\">\u201cEn el sector ya hay gran desesperaci\u00f3n porque, a pesar de la importancia que representa la construcci\u00f3n, no se le ha dado su lugar. No vamos a confrontarnos con nadie, pero s\u00ed buscamos la oportunidad de decirle directamente al presidente Andr\u00e9s Manuel L\u00f3pez Obrador que somos sus aliados para reactivar la econom\u00eda. Confiamos en que pronto nos reciba\u201d, afirm\u00f3.<\/p>\n<p style=\"text-align: justify;\">En entrevista, el representante de los constructores reiter\u00f3 que se han reunido con pr\u00e1cticamente todos los secretarios de Estado y directivos encargados de desarrollar infraestructura, quienes los escuchan y coinciden con la necesidad de impulsar la inversi\u00f3n; sin embargo, no ha sido suficiente y los focos rojos se mantienen.<\/p>\n<p style=\"text-align: justify;\">Incluso, en m\u00e1s de una ocasi\u00f3n han tenido oportunidad de intercambiar puntos de vista sobre dicho tema con el jefe de la Oficina de la Presidencia, Alfonso Romo, de quien son cercanos por el v\u00ednculo empresarial.<\/p>\n<p style=\"text-align: justify;\">\u201cHemos insistido en tener un encuentro con el presidente para plantear la situaci\u00f3n que vive el sector. Queremos que vea la fuerza, y el activo tan importante que tiene en los constructores mexicanos para cumplir sus metas de desarrollo regional y generaci\u00f3n de empleo\u201d, coment\u00f3 Ram\u00edrez.<\/p>\n<p style=\"text-align: justify;\">Entre las sugerencias que ha llegado a escuchar el titular de la CMIC de sus afiliados para que se escuche su voz est\u00e1 la de realizar una manifestaci\u00f3n porque \u201cpareciera que no existen los operadores de m\u00e1quinas, los alba\u00f1iles, los carpinteros, los electricistas, los soldadores, que generan una gran cantidad empleos formales\u201d.<\/p>\n<p style=\"text-align: justify;\"><strong>Mantenimiento, la opci\u00f3n<\/strong><\/p>\n<p style=\"text-align: justify;\">En un hecho inusual, diversas delegaciones de la CMIC publicaron esta semana en medios de comunicaci\u00f3n y sus redes sociales un cuadro informativo en donde mostraron el poco avance en la inversi\u00f3n de obra p\u00fablica al s\u00e9ptimo mes del 2019 (24% de 383,715.1 millones pesos) y la reducci\u00f3n de 6% planteada en el proyecto de presupuesto para el siguiente a\u00f1o, que llegar\u00eda a 360,988.2 millones de pesos.<\/p>\n<p style=\"text-align: justify;\">Ah\u00ed, se observa que la Secretar\u00eda de Comunicaciones y Transportes lleva un avance de 55% en la ejecuci\u00f3n de recursos, pero Pemex (con el mayor presupuesto, 271,656.4 millones de pesos), apenas ha logrado un avance de 21 por ciento. \u201cEste a\u00f1o se habl\u00f3 de apostar por los trabajos de mantenimiento y a ello se asign\u00f3 dinero, el cual no fluye. Es claro que hay mucho trabajo de conservaci\u00f3n en todo tipo de infraestructura\u201d, agreg\u00f3 el l\u00edder constructor.<\/p>\n<p style=\"text-align: justify;\"><strong>Santa Luc\u00eda, demorado por amparos<\/strong><\/p>\n<p style=\"text-align: justify;\">El presidente Andr\u00e9s Manuel L\u00f3pez Obrador admiti\u00f3 una demora en el inicio de las obras del aeropuerto civil de Santa Lucia, debido a los amparos que han interpuesto organizaciones y personas. Llam\u00f3 a los jueces a resolver esos recursos de manera pronta, pues consider\u00f3 que no hay motivo ni raz\u00f3n para frenar el proyecto. Afirm\u00f3 que quienes se oponen a la construcci\u00f3n del nuevo aer\u00f3dromo act\u00faan como \u201crebeldes sin causa\u201d.<\/p>\n<p style=\"text-align: justify;\">\u201cEn el caso de Santa Lucia, ya est\u00e1 resolviendo el Poder Judicial, declarando improcedentes los amparos, porque legalmente no hay sustento. Son mecanismos para detener la obra con prop\u00f3sitos pol\u00edticos\u201d, sostuvo. Desde Palacio Nacional, el mandatario federal asever\u00f3 que su gobierno ha respetado la autonom\u00eda del Poder Judicial, aunque requiri\u00f3 a los jueces una resoluci\u00f3n pronta de los amparos, promovidos principalmente por el colectivo denominado #NoM\u00e1sDerroches.<\/p>\n<p style=\"text-align: justify;\">\u201cEstamos esperando que el Poder Judicial concluya. Ha habido una demora por estos amparos, pero estamos haciendo todo de acuerdo con el marco legal. Lo \u00fanico que estamos pidi\u00e9ndoles es que lo hagan de manera pronta y expedita\u201d, expres\u00f3.<\/p>\n<p style=\"text-align: justify;\">Agreg\u00f3 que en el caso del proyecto del Tren Maya no hay ning\u00fan recurso legal que impida su construcci\u00f3n.<\/p>\n<p style=\"text-align: justify;\">\u201cEn el caso del Tren Maya no hay problemas. Toco madera, no vaya a ser que ahora se vayan a presentar amparos en serie, pero no ha habido ning\u00fan problema\u201d, refiri\u00f3. (El Economista)<\/p>\n","protected":false},"excerpt":{"rendered":"","protected":false},"author":6,"featured_media":20970,"comment_status":"open","ping_status":"open","sticky":false,"template":"","format":"standard","meta":{"_acf_changed":false,"_monsterinsights_skip_tracking":false,"slim_seo":{"title":"Constructoras, desesperadas por lenta inversi\u00f3n p\u00fablica: CMIC - Opini\u00f3n P\u00fablica","description":"Ciudad de M\u00e9xico .- La escasa inversi\u00f3n p\u00fablica en el a\u00f1o (con una ejecuci\u00f3n de apenas 24% de los recursos asignados hasta julio) y el recorte previsto de 6% pa"},"footnotes":""},"categories":[9],"tags":[],"class_list":["post-20971","post","type-post","status-publish","format-standard","has-post-thumbnail","hentry","category-nacional"],"acf":[],"_links":{"self":[{"href":"https:\/\/www.opinionpublica.tv\/portada\/wp-json\/wp\/v2\/posts\/20971","targetHints":{"allow":["GET"]}}],"collection":[{"href":"https:\/\/www.opinionpublica.tv\/portada\/wp-json\/wp\/v2\/posts"}],"about":[{"href":"https:\/\/www.opinionpublica.tv\/portada\/wp-json\/wp\/v2\/types\/post"}],"author":[{"embeddable":true,"href":"https:\/\/www.opinionpublica.tv\/portada\/wp-json\/wp\/v2\/users\/6"}],"replies":[{"embeddable":true,"href":"https:\/\/www.opinionpublica.tv\/portada\/wp-json\/wp\/v2\/comments?post=20971"}],"version-history":[{"count":0,"href":"https:\/\/www.opinionpublica.tv\/portada\/wp-json\/wp\/v2\/posts\/20971\/revisions"}],"wp:featuredmedia":[{"embeddable":true,"href":"https:\/\/www.opinionpublica.tv\/portada\/wp-json\/wp\/v2\/media\/20970"}],"wp:attachment":[{"href":"https:\/\/www.opinionpublica.tv\/portada\/wp-json\/wp\/v2\/media?parent=20971"}],"wp:term":[{"taxonomy":"category","embeddable":true,"href":"https:\/\/www.opinionpublica.tv\/portada\/wp-json\/wp\/v2\/categories?post=20971"},{"taxonomy":"post_tag","embeddable":true,"href":"https:\/\/www.opinionpublica.tv\/portada\/wp-json\/wp\/v2\/tags?post=20971"}],"curies":[{"name":"wp","href":"https:\/\/api.w.org\/{rel}","templated":true}]}}