{"id":20963,"date":"2019-09-19T06:00:00","date_gmt":"2019-09-19T04:00:00","guid":{"rendered":"https:\/\/www.opinionpublica.tv\/portada\/2019\/09\/19\/los-pescozones\/"},"modified":"2019-09-19T06:00:00","modified_gmt":"2019-09-19T04:00:00","slug":"los-pescozones","status":"publish","type":"post","link":"https:\/\/www.opinionpublica.tv\/portada\/los-pescozones\/","title":{"rendered":"Los pescozones"},"content":{"rendered":"<img fetchpriority=\"high\" decoding=\"async\" class=\" size-full wp-image-20962\" src=\"https:\/\/www.opinionpublica.tv\/portada\/wp-content\/uploads\/2019\/09\/6b8ba135afdd2126b943e308152ca62c.jpg\" alt=\"\" class=\"caption\" title=\"Ra\u00fal Ruiz G\u00f3mez.\" width=\"245\" height=\"262\" \/>\n<p style=\"text-align: justify;\">\u201c\u00a1No jueguen a los pescozones, muchachos del demonio! Nos dec\u00eda mi abuelita, cuando jug\u00e1bamos a las luchas, all\u00e1 por los a\u00f1os sesenta del siglo pasado.<\/p>\n<p><!--more--><\/p>\n<p style=\"text-align: justify;\">El pescoz\u00f3n, es un golpe que se tira al cuello o sea, al pescuezo.<\/p>\n<p style=\"text-align: justify;\">Esta expresi\u00f3n es pre revolucionaria.<\/p>\n<p style=\"text-align: justify;\">Hoy me sirve para ilustrar un poco los golpes que se propinan los aspirantes a las candidaturas, sean por la gubernatura, las alcald\u00edas o las diputaciones.<\/p>\n<p style=\"text-align: justify;\">En trat\u00e1ndose de ganar simpat\u00edas, los aspirantes, trabajan con ideas que ellos suponen lograr\u00e1n atrapar la voluntad electoral de los chihuahuenses.<\/p>\n<p style=\"text-align: justify;\">Esta semana se cuela al frente de las simpat\u00edas, el Caballo Lozoya. Le dio un giro diametral a la presentaci\u00f3n de su informe y tiene mucho m\u00e1s comunicaci\u00f3n en toda la entidad. Principalmente, Parral, Chihuahua capital, Ciudad Ju\u00e1rez, Jim\u00e9nez, Camargo y Delicias.<\/p>\n<p style=\"text-align: justify;\">Colocaci\u00f3n estrat\u00e9gica de imagen en las principales cabeceras municipales.<\/p>\n<p style=\"text-align: justify;\">Buscando una marca que lo patrocine. \u00bfSer\u00e1 Movimiento Ciudadano? \u00bfSer\u00e1 el PT? \u00bfSer\u00e1 el Verde? \u00bfSe ir\u00e1 por la libre? Al final del a\u00f1o habr\u00e1 m\u00e1s claridad sobre este tema.<\/p>\n<p style=\"text-align: justify;\">Enseguida Cruz P\u00e9rez Cuellar. Se mueve dentro de la entidad como anguila. Plantando cruces, en su \u201ccruzada\u201d.<\/p>\n<p style=\"text-align: justify;\">En tercero, Juan Carlos Loera, ahora m\u00e1s mesurado. Colocando sus piezas en lugares estrat\u00e9gicos. Funcionarios que reparten el \u201cbienestar\u201d de los pobres en el proyecto presidencial y que luego servir\u00e1n para conectar electoralmente.<\/p>\n<p style=\"text-align: justify;\">Una actividad que se lleva de calle cualquier otra campa\u00f1a. El uso pol\u00edtico del recurso oficial es un invento priyista que deja resultados y los morenos lo aprendieron bien. Ojo con el sprint de JC. Es ciclista, y sabe c\u00f3mo subir una cuesta, bajar la ladera sin pedalear, y luego aplicar el sprint.<\/p>\n<p style=\"text-align: justify;\">En cuarto\u2026 Empatados Maru Campos y Cabada. Decidieron ir juntos en una locura monotem\u00e1tica, un proyecto de alumbrado p\u00fablico, mal planteado, caro y evidentemente codicioso.<\/p>\n<p style=\"text-align: justify;\">La panista, nadando contra la corriente, como los salmones, con la sombra de un gobernador que le mete zancadilla a cada paso que da, y un electorado defraudado por la mala actuaci\u00f3n del gobernador que eligieron.<\/p>\n<p style=\"text-align: justify;\">Cabada, con una imagen de malandro que no ha podido quitarse de encima. Y con un trabajo p\u00fablico detestable. Calles maltrechas, baches mal tapados, ciudad a oscuras y sangre, mucha sangre en la frontera.<\/p>\n<p style=\"text-align: justify;\">Mientras tanto, en la municipalid\u00e1, los pescozones son m\u00e1s rudos.<\/p>\n<p style=\"text-align: justify;\">Por la libre: V\u00edctor Valencia y el werito Rodolfo Mart\u00ednez se est\u00e1n dando con todo, aqu\u00ed la cosa es ver qui\u00e9n invierte mejor su dinero. Lana hay.<\/p>\n<p style=\"text-align: justify;\">El werito es rico de alcurnia. Muchos millones, pero en imagen, muy sarro. Su ambici\u00f3n por ganarse unos milloncitos m\u00e1s le hacen quedar muy mal ante la sociedad. El caso del estacionamiento de Las Misiones, ser\u00e1 una losa sobre su espalda desde el momento en que comience su pre, pre, campa\u00f1a.<\/p>\n<p style=\"text-align: justify;\">Tiene primero que fajarse contra el mism\u00edsimo alcalde Cabada, que ya tom\u00f3 partido a favor de V\u00edctor Valencia. Con qui\u00e9n tendr\u00e1 una pelea muy ruda, donde los pescozones ser\u00e1n solo golpes de calentamiento.<\/p>\n<p style=\"text-align: justify;\">Por su parte, V\u00edctor Valencia, con el colmillo retorcido cual mamut, se enfrascar\u00e1 en \u201cuna lucha cara a cara, cuerpo a cuerpo\u201d, con el werito Mart\u00ednez, a quien considera muy verde todav\u00eda, y sin el peso suficiente para enfrentarlo.<\/p>\n<p style=\"text-align: justify;\">Dinero hay, el problema con el suyo son las suposiciones de que han sido el c\u00famulo de malabares en un negro tema denominado LA ESTAFA MAESTRA lo que lo matan.<\/p>\n<p style=\"text-align: justify;\">Pero es fajador, de barrio, su problema ahora, es que con la edad se volvi\u00f3 refunfu\u00f1\u00f3n, y se encoleriza por cualquier cosa. Su adversario tiene en esa debilidad, la oportunidad de vencerlo.<\/p>\n<p style=\"text-align: justify;\">Supermocken por su parte, lleva una ventaja que puede colocarlo a la cabeza. Entra al juego con un capital de 177 mil votos ganados en la elecci\u00f3n pasada; que igual se transforman en 200 o le bajan a 90. No tiene que entrarle por lo pronto al jaloneo ni a los pescozones.<\/p>\n<p style=\"text-align: justify;\">Su problema es, que en esta justa, fuerzas adversas, est\u00e9n metiendo zancadilla para evitar la posibilidad de hacerlo representante de MORENA para la alcald\u00eda.<\/p>\n<p style=\"text-align: justify;\">Por el verde, si el partido juega solo, la figura de Mar\u00eda \u00c1vila se perfila a defender sus colores para la alcald\u00eda. O To\u00f1o Andreu, que ya es pieza fundamental en el partido de su comadre.<\/p>\n<p style=\"text-align: justify;\">\u00bfO usted c\u00f3mo la ve? Sigamos disfrutando de los pescozones locales.<\/p>\n","protected":false},"excerpt":{"rendered":"<p>\u201c\u00a1No jueguen a los pescozones, muchachos del demonio! Nos dec\u00eda mi abuelita, cuando jug\u00e1bamos a las luchas, all\u00e1 por los a\u00f1os sesenta del siglo pasado.<\/p>\n","protected":false},"author":6,"featured_media":20962,"comment_status":"open","ping_status":"open","sticky":false,"template":"","format":"standard","meta":{"_acf_changed":false,"_monsterinsights_skip_tracking":false,"slim_seo":{"title":"Los pescozones - Opini\u00f3n P\u00fablica","description":"\u201c\u00a1No jueguen a los pescozones, muchachos del demonio! Nos dec\u00eda mi abuelita, cuando jug\u00e1bamos a las luchas, all\u00e1 por los a\u00f1os sesenta del siglo pasado. El pesco"},"footnotes":""},"categories":[21],"tags":[],"class_list":["post-20963","post","type-post","status-publish","format-standard","has-post-thumbnail","hentry","category-cartapacio"],"acf":[],"_links":{"self":[{"href":"https:\/\/www.opinionpublica.tv\/portada\/wp-json\/wp\/v2\/posts\/20963","targetHints":{"allow":["GET"]}}],"collection":[{"href":"https:\/\/www.opinionpublica.tv\/portada\/wp-json\/wp\/v2\/posts"}],"about":[{"href":"https:\/\/www.opinionpublica.tv\/portada\/wp-json\/wp\/v2\/types\/post"}],"author":[{"embeddable":true,"href":"https:\/\/www.opinionpublica.tv\/portada\/wp-json\/wp\/v2\/users\/6"}],"replies":[{"embeddable":true,"href":"https:\/\/www.opinionpublica.tv\/portada\/wp-json\/wp\/v2\/comments?post=20963"}],"version-history":[{"count":0,"href":"https:\/\/www.opinionpublica.tv\/portada\/wp-json\/wp\/v2\/posts\/20963\/revisions"}],"wp:featuredmedia":[{"embeddable":true,"href":"https:\/\/www.opinionpublica.tv\/portada\/wp-json\/wp\/v2\/media\/20962"}],"wp:attachment":[{"href":"https:\/\/www.opinionpublica.tv\/portada\/wp-json\/wp\/v2\/media?parent=20963"}],"wp:term":[{"taxonomy":"category","embeddable":true,"href":"https:\/\/www.opinionpublica.tv\/portada\/wp-json\/wp\/v2\/categories?post=20963"},{"taxonomy":"post_tag","embeddable":true,"href":"https:\/\/www.opinionpublica.tv\/portada\/wp-json\/wp\/v2\/tags?post=20963"}],"curies":[{"name":"wp","href":"https:\/\/api.w.org\/{rel}","templated":true}]}}