{"id":20945,"date":"2019-09-16T06:00:00","date_gmt":"2019-09-16T04:00:00","guid":{"rendered":"https:\/\/www.opinionpublica.tv\/portada\/2019\/09\/16\/exige-corral-correccion-de-presupuesto-federal-que-recorta-recursos-a-estados-y-municipios\/"},"modified":"2019-09-16T06:00:00","modified_gmt":"2019-09-16T04:00:00","slug":"exige-corral-correccion-de-presupuesto-federal-que-recorta-recursos-a-estados-y-municipios","status":"publish","type":"post","link":"https:\/\/www.opinionpublica.tv\/portada\/exige-corral-correccion-de-presupuesto-federal-que-recorta-recursos-a-estados-y-municipios\/","title":{"rendered":"Exige Corral correcci\u00f3n de presupuesto 2020; recorta recursos a estados y municipios"},"content":{"rendered":"<p><img fetchpriority=\"high\" decoding=\"async\" class=\" size-full wp-image-20944\" src=\"https:\/\/www.opinionpublica.tv\/portada\/wp-content\/uploads\/2019\/09\/557cc581473ee2a9823afc1a5b614940.jpg\" alt=\"\" class=\"caption\" title=\"Javier Corral Jurado, gobernador de Chihuahua.\" width=\"1280\" height=\"856\" srcset=\"https:\/\/www.opinionpublica.tv\/portada\/wp-content\/uploads\/2019\/09\/557cc581473ee2a9823afc1a5b614940.jpg 1280w, https:\/\/www.opinionpublica.tv\/portada\/wp-content\/uploads\/2019\/09\/557cc581473ee2a9823afc1a5b614940-300x201.jpg 300w, https:\/\/www.opinionpublica.tv\/portada\/wp-content\/uploads\/2019\/09\/557cc581473ee2a9823afc1a5b614940-1024x685.jpg 1024w, https:\/\/www.opinionpublica.tv\/portada\/wp-content\/uploads\/2019\/09\/557cc581473ee2a9823afc1a5b614940-768x514.jpg 768w\" sizes=\"(max-width: 1280px) 100vw, 1280px\" \/><br \/>\n<!--more--><\/p>\n<p style=\"text-align: justify;\"><em>Chihuahua, Chih<\/em>.- El gobernador Javier Corral dijo que ante los recortes que plantea el Presupuesto de Egresos de la Federaci\u00f3n \u201cya es muy complicado no decir nada o no actuar\u201d y consider\u00f3 que es hora de convocar a una nueva Convenci\u00f3n Nacional Hacendaria o nuevo Pacto Federal.<\/p>\n<p style=\"text-align: justify;\">El mandatario hizo un llamado a los dem\u00e1s gobernadores a no quedarse callados ante las reducciones a diversos rubros que plantea el Presupuesto de Egresos de la Federaci\u00f3n (PEF) 2020 del Gobierno de la Rep\u00fablica, que compromete severamente el impulso a la innovaci\u00f3n, la tecnolog\u00eda y castiga a las entidades federativas.<\/p>\n<p style=\"text-align: justify;\">Corral enfatiz\u00f3 que el paquete econ\u00f3mico 2020 debilita a las entidades federativas, porque lejos de\u00a0 ayudar\u00a0 a m\u00e1s empresas, se restringe la obra p\u00fablica y se limita el ahorro, por lo cual la contribuci\u00f3n local de los estados al desarrollo del pa\u00eds se ver\u00e1 muy comprometida.<\/p>\n<p style=\"text-align: justify;\">Por eso, advirti\u00f3 que \u201ctodo ello nos est\u00e1 alejando del Pacto Federal. Ya el primer a\u00f1o enfrentamos el primer recorte, h\u00edjole, pero este segundo a\u00f1o ya es muy complicado no decir nada o no actuar\u201d.<\/p>\n<p style=\"text-align: justify;\">\u201cDescoordinarnos de la Federaci\u00f3n los estados que podamos hacerlo en funci\u00f3n de nuestro propio Producto Interno Bruto (PIB) y nuestras propias capacidades econ\u00f3micas y productivas. No veo de otra y no veo signos de que esto vaya a cambiar\u201d, se\u00f1al\u00f3.<\/p>\n<p style=\"text-align: justify;\">Es indispensable, indic\u00f3 Javier Corral, que los tres niveles de Gobierno: los municipios, los estados y el Gobierno de la Rep\u00fablica, junto con el Poder Legislativo, hagamos una revisi\u00f3n de esto que est\u00e1 sucediendo y por supuesto que se busquen las correcciones necesarias al planteamiento del Presupuesto de Egresos de la Federaci\u00f3n 2020.<\/p>\n<p style=\"text-align: justify;\">\u201cClaro que es relevante el crecimiento econ\u00f3mico, es muy importante crecer econ\u00f3micamente, solo un pa\u00eds que crece puede tener desarrollo econ\u00f3mico y una mejor distribuci\u00f3n de la riqueza y precisamente esta es la f\u00f3rmula: apoyar a las empresas, mantener el valor de que la iniciativa privada es la m\u00e1s viva fuente de crecimiento social\u201d, agreg\u00f3.<\/p>\n<p style=\"text-align: justify;\">A\u00f1adi\u00f3 que tambi\u00e9n est\u00e1 preocupado por la reducci\u00f3n, en t\u00e9rminos reales, de la participaci\u00f3n y las aportaciones en general a los estados y en particular a Chihuahua, donde descontando la inflaci\u00f3n, hay un decrecimiento del Fondo General Participable a las entidades federativas con relaci\u00f3n al a\u00f1o pasado.<\/p>\n<p style=\"text-align: justify;\">\u201cEsto es muy preocupante porque en las entidades federativas es donde est\u00e1, hoy por hoy, el impulso al desarrollo econ\u00f3mico, al desarrollo tecnol\u00f3gico al crecimiento econ\u00f3mico; el pa\u00eds no va a crecer si no se potencia a sus entidades, a sus regiones con la variedad de sus vocaciones productivas\u201d, se\u00f1al\u00f3 Corral Jurado.<\/p>\n<p style=\"text-align: justify;\">El gobernador asegur\u00f3 que por eso, los gobernadores emergidos del PAN, suscribieron un documento en relaci\u00f3n al Presupuesto de Egresos de la Federaci\u00f3n y han subrayado que el Paquete Econ\u00f3mico debilita a las entidades federativas.<\/p>\n","protected":false},"excerpt":{"rendered":"","protected":false},"author":6,"featured_media":20944,"comment_status":"open","ping_status":"open","sticky":false,"template":"","format":"standard","meta":{"_acf_changed":false,"_monsterinsights_skip_tracking":false,"slim_seo":{"title":"Exige Corral correcci\u00f3n de presupuesto 2020; recorta recursos a estados y municipios - Opini\u00f3n P\u00fablica","description":"Chihuahua, Chih .- El gobernador Javier Corral dijo que ante los recortes que plantea el Presupuesto de Egresos de la Federaci\u00f3n \u201cya es muy complicado no decir"},"footnotes":""},"categories":[3],"tags":[],"class_list":["post-20945","post","type-post","status-publish","format-standard","has-post-thumbnail","hentry","category-principal"],"acf":[],"_links":{"self":[{"href":"https:\/\/www.opinionpublica.tv\/portada\/wp-json\/wp\/v2\/posts\/20945","targetHints":{"allow":["GET"]}}],"collection":[{"href":"https:\/\/www.opinionpublica.tv\/portada\/wp-json\/wp\/v2\/posts"}],"about":[{"href":"https:\/\/www.opinionpublica.tv\/portada\/wp-json\/wp\/v2\/types\/post"}],"author":[{"embeddable":true,"href":"https:\/\/www.opinionpublica.tv\/portada\/wp-json\/wp\/v2\/users\/6"}],"replies":[{"embeddable":true,"href":"https:\/\/www.opinionpublica.tv\/portada\/wp-json\/wp\/v2\/comments?post=20945"}],"version-history":[{"count":0,"href":"https:\/\/www.opinionpublica.tv\/portada\/wp-json\/wp\/v2\/posts\/20945\/revisions"}],"wp:featuredmedia":[{"embeddable":true,"href":"https:\/\/www.opinionpublica.tv\/portada\/wp-json\/wp\/v2\/media\/20944"}],"wp:attachment":[{"href":"https:\/\/www.opinionpublica.tv\/portada\/wp-json\/wp\/v2\/media?parent=20945"}],"wp:term":[{"taxonomy":"category","embeddable":true,"href":"https:\/\/www.opinionpublica.tv\/portada\/wp-json\/wp\/v2\/categories?post=20945"},{"taxonomy":"post_tag","embeddable":true,"href":"https:\/\/www.opinionpublica.tv\/portada\/wp-json\/wp\/v2\/tags?post=20945"}],"curies":[{"name":"wp","href":"https:\/\/api.w.org\/{rel}","templated":true}]}}