{"id":20941,"date":"2019-09-16T06:00:00","date_gmt":"2019-09-16T04:00:00","guid":{"rendered":"https:\/\/www.opinionpublica.tv\/portada\/2019\/09\/16\/deshuesando-el-tema-ecologico\/"},"modified":"2019-09-16T06:00:00","modified_gmt":"2019-09-16T04:00:00","slug":"deshuesando-el-tema-ecologico","status":"publish","type":"post","link":"https:\/\/www.opinionpublica.tv\/portada\/deshuesando-el-tema-ecologico\/","title":{"rendered":"Deshuesando el tema ecol\u00f3gico"},"content":{"rendered":"<img fetchpriority=\"high\" decoding=\"async\" class=\" size-full wp-image-20940\" src=\"https:\/\/www.opinionpublica.tv\/portada\/wp-content\/uploads\/2019\/09\/ead1e65d2dc2556e37f31f408c8cc1df.jpg\" alt=\"\" class=\"caption\" title=\"Ra\u00fal Ruiz G\u00f3mez.\" width=\"245\" height=\"262\" \/>\n<p>Ya investigu\u00e9 el caso de las m\u00e1quinas obsoletas para verificaci\u00f3n vehicular.\u00a0En efecto, son obsoletas.<\/p>\n<p><!--more--><\/p>\n<p style=\"text-align: justify;\">No de hoy. Desde 2014 la SEMARNAT emiti\u00f3 nueva normatividad para medir los \u00edndices de contaminaci\u00f3n vehicular. Y de ah\u00ed, a\u00f1o tras a\u00f1o ha ido generando obligaciones al punto en el que este a\u00f1o se vence el plazo para estar a plomo.<\/p>\n<p style=\"text-align: justify;\">Ah\u00ed les va por si quieren consultar.<\/p>\n<p style=\"text-align: justify;\">NOM-047-SEMARNAT-2014.<\/p>\n<p style=\"text-align: justify;\">NOM-041-SEMARNAT-2015<\/p>\n<p style=\"text-align: justify;\">NOM-045-SEMARNAT-2017<\/p>\n<p style=\"text-align: justify;\">NOM-050-SEMARNAT-2018<\/p>\n<p style=\"text-align: justify;\">Desde ese a\u00f1o, SEMARNAT, conmin\u00f3 a los centros de verificaci\u00f3n a comprar m\u00e1quinas actualizadas.<\/p>\n<p style=\"text-align: justify;\">El problema es que la norma es tan exigente que las nuevas m\u00e1quinas son caras. Andan arriba del mill\u00f3n de pesos.<\/p>\n<p style=\"text-align: justify;\">Al entrevistar a varios concesionarios coinciden en:<\/p>\n<ol style=\"text-align: justify;\">\n<li>Que s\u00ed. Las m\u00e1quinas son obsoletas.<\/li>\n<li>El costo original supera el mill\u00f3n de pesos por m\u00e1quina.<\/li>\n<li>Por gesti\u00f3n de la directora de ecolog\u00eda, se consiguieron piezas nuevas en 190 mil. Y a plazos.<\/li>\n<\/ol>\n<p style=\"text-align: justify;\">Luego entrevist\u00e9 a la mism\u00edsima directora de ecolog\u00eda, doctora Margarita Pe\u00f1a y me ampli\u00f3 el tema.<\/p>\n<p style=\"text-align: justify;\">A ver qu\u00e9 les parece:<\/p>\n<p style=\"text-align: justify;\">Ya no habr\u00e1 engomado.<\/p>\n<p style=\"text-align: justify;\">Ahora cada veh\u00edculo tendr\u00e1 un chip con los datos actualizados anualmente. Las m\u00e1quinas obsoletas no tienen esta tecnolog\u00eda.<\/p>\n<p style=\"text-align: justify;\">Esto terminar\u00e1 con el negocio chueco de los concesionarios que venden el engomado sin hacer las mediciones correctamente.<\/p>\n<p style=\"text-align: justify;\">Hay otros cambios, que por su exigencia van a tener que acreditarse con m\u00e1s tiempo.<\/p>\n<p style=\"text-align: justify;\">Pero esa&#8230; Como dir\u00eda la Nana Goya&#8230; Es otra historia.<\/p>\n","protected":false},"excerpt":{"rendered":"<p>Ya investigu\u00e9 el caso de las m\u00e1quinas obsoletas para verificaci\u00f3n vehicular.\u00a0En efecto, son obsoletas.<\/p>\n","protected":false},"author":6,"featured_media":20940,"comment_status":"open","ping_status":"open","sticky":false,"template":"","format":"standard","meta":{"_acf_changed":false,"_monsterinsights_skip_tracking":false,"slim_seo":{"title":"Deshuesando el tema ecol\u00f3gico - Opini\u00f3n P\u00fablica","description":"Ya investigu\u00e9 el caso de las m\u00e1quinas obsoletas para verificaci\u00f3n vehicular.\u00a0En efecto, son obsoletas. No de hoy. Desde 2014 la SEMARNAT emiti\u00f3 nueva normativid"},"footnotes":""},"categories":[21],"tags":[],"class_list":["post-20941","post","type-post","status-publish","format-standard","has-post-thumbnail","hentry","category-cartapacio"],"acf":[],"_links":{"self":[{"href":"https:\/\/www.opinionpublica.tv\/portada\/wp-json\/wp\/v2\/posts\/20941","targetHints":{"allow":["GET"]}}],"collection":[{"href":"https:\/\/www.opinionpublica.tv\/portada\/wp-json\/wp\/v2\/posts"}],"about":[{"href":"https:\/\/www.opinionpublica.tv\/portada\/wp-json\/wp\/v2\/types\/post"}],"author":[{"embeddable":true,"href":"https:\/\/www.opinionpublica.tv\/portada\/wp-json\/wp\/v2\/users\/6"}],"replies":[{"embeddable":true,"href":"https:\/\/www.opinionpublica.tv\/portada\/wp-json\/wp\/v2\/comments?post=20941"}],"version-history":[{"count":0,"href":"https:\/\/www.opinionpublica.tv\/portada\/wp-json\/wp\/v2\/posts\/20941\/revisions"}],"wp:featuredmedia":[{"embeddable":true,"href":"https:\/\/www.opinionpublica.tv\/portada\/wp-json\/wp\/v2\/media\/20940"}],"wp:attachment":[{"href":"https:\/\/www.opinionpublica.tv\/portada\/wp-json\/wp\/v2\/media?parent=20941"}],"wp:term":[{"taxonomy":"category","embeddable":true,"href":"https:\/\/www.opinionpublica.tv\/portada\/wp-json\/wp\/v2\/categories?post=20941"},{"taxonomy":"post_tag","embeddable":true,"href":"https:\/\/www.opinionpublica.tv\/portada\/wp-json\/wp\/v2\/tags?post=20941"}],"curies":[{"name":"wp","href":"https:\/\/api.w.org\/{rel}","templated":true}]}}