{"id":20924,"date":"2019-09-12T06:00:00","date_gmt":"2019-09-12T04:00:00","guid":{"rendered":"https:\/\/www.opinionpublica.tv\/portada\/2019\/09\/12\/informe-juarez\/"},"modified":"2019-09-12T06:00:00","modified_gmt":"2019-09-12T04:00:00","slug":"informe-juarez","status":"publish","type":"post","link":"https:\/\/www.opinionpublica.tv\/portada\/informe-juarez\/","title":{"rendered":"Informe Ju\u00e1rez"},"content":{"rendered":"<img fetchpriority=\"high\" decoding=\"async\" class=\" size-full wp-image-20923\" src=\"https:\/\/www.opinionpublica.tv\/portada\/wp-content\/uploads\/2019\/09\/f43d3bd6fbb41bd47fd9dae95686bce8.jpg\" alt=\"\" class=\"caption\" title=\"Ra\u00fal Ruiz G\u00f3mez.\" width=\"245\" height=\"262\" \/>\n<p style=\"text-align: justify;\">En esta contienda por descubrir qui\u00e9n resulta m\u00e1s interesante en la presentaci\u00f3n de sus informes, Armando Cabada, trat\u00f3 de encontrar algo que pudiera competir con el Caballo Lozoya y al no encontrar algo de atracci\u00f3n, opt\u00f3 por hacer lucir a la esposa.<\/p>\n<p><!--more--><\/p>\n<p style=\"text-align: justify;\">Hay lecturas encontradas sobre esta jugada medi\u00e1tica.<\/p>\n<p style=\"text-align: justify;\">Los cabadistas dir\u00e1n&#8230; S\u00f3lo le da su lugar a la primera dama. Es un reconocimiento a la equidad de g\u00e9nero, que obviamente es un argumento muy burdo, pues el cargo de presidente no se comparte.<\/p>\n<p style=\"text-align: justify;\">Los esc\u00e9pticos dir\u00e1n&#8230; El proyecto cabadista es dejar como sucesora a la esposa, quien proteger\u00eda los abusos y rater\u00edas de su marido.<\/p>\n<p style=\"text-align: justify;\">Argumento m\u00e1s l\u00f3gico.<\/p>\n<p style=\"text-align: justify;\">Pero, especulaciones aparte; \u00bfC\u00f3mo se percibi\u00f3 el informe de Armando Cabada?, largo, tedioso e irrelevante.<\/p>\n<p style=\"text-align: justify;\">La novedad fue, la interacci\u00f3n con el sector empresarial, quienes en un formato diferente, en el que, los titulares de Coparmex, Canaco y Mesa de Seguridad hicieron preguntas. Muy light, muy \u00aba modo\u00bb para que bateara de hit.<\/p>\n<p style=\"text-align: justify;\">Rogelio Gonz\u00e1lez, de Canaco, fue el m\u00e1s directo y cuestion\u00f3: \u201c\u00bfpor qu\u00e9 el capricho de Ju\u00e1rez Iluminado\u201d? Y Cabada, sali\u00f3 por la tangente como de costumbre.<\/p>\n<p style=\"text-align: justify;\">Invitados relevantes: dos presidentes en la carrera por la gubernatura, Maru Campos y el Caballo Lozoya, de Parral.<\/p>\n<p style=\"text-align: justify;\">\u00c9ste \u00faltimo, l\u00edder en la exposici\u00f3n marketing, con su novedoso modelo de INFORME.<\/p>\n<p style=\"text-align: justify;\">Obvio, tambi\u00e9n la presencia del gobernador Corral.<\/p>\n<p style=\"text-align: justify;\">En su \u00abInforme\u00bb, Cabada, confirm\u00f3 cambio en Desarrollo Social, sale Marisela Vega y entra Laura Dom\u00ednguez, o sea, Duarte en persona.<\/p>\n<p style=\"text-align: justify;\">Y en el formato de lanzamiento de su pre candidatura, se le cedi\u00f3 la palabra a la esposa de Armando Cabada, Alejandra Carrillo, quien fue presentada con video de campa\u00f1a con 18 minutos de duraci\u00f3n.<\/p>\n<p style=\"text-align: justify;\">Muchos errores en los videos que presentaron.<\/p>\n<p style=\"text-align: justify;\">El oso del d\u00eda lo cometi\u00f3 la locutora\u2026 al terminar Cabada, la gente se empez\u00f3 a salir y la morra dio las gracias\u2026 pero el alcalde tuvo que subir al micr\u00f3fono y pedir a la gente que regresara a escuchar al gobernador Corral, quien hizo mensaje r\u00e1pido con medio sal\u00f3n vac\u00edo y, tan tan.<\/p>\n<p style=\"text-align: justify;\">Mientras tanto en las redes sociales.<\/p>\n<p style=\"text-align: justify;\">\u00bfQu\u00e9 inform\u00f3? \u00bfqui\u00e9n le aplaude tanto? Las calles siguen a obscuras, la JMAS nunca volvi\u00f3; \u00bfser\u00e1 posible que vean mas all\u00e1 de la Gomez Mor\u00edn?<\/p>\n<p style=\"text-align: justify;\">La violencia al alza, impunidad y cobros en estacionamientos \u00abque s\u00f3lo fueron causa de enriquecimiento para dos tres\u00bb; los baches y el progreso en infraestructura %0; la basura y m\u00e1s basura #YONOTECREO.\u00bb<\/p>\n<p style=\"text-align: justify;\">As\u00ed las cosas.<\/p>\n","protected":false},"excerpt":{"rendered":"<p>En esta contienda por descubrir qui\u00e9n resulta m\u00e1s interesante en la presentaci\u00f3n de sus informes, Armando Cabada, trat\u00f3 de encontrar algo que pudiera competir con el Caballo Lozoya y al no encontrar algo de atracci\u00f3n, opt\u00f3 por hacer lucir a la esposa.<\/p>\n","protected":false},"author":6,"featured_media":20923,"comment_status":"open","ping_status":"open","sticky":false,"template":"","format":"standard","meta":{"_acf_changed":false,"_monsterinsights_skip_tracking":false,"slim_seo":{"title":"Informe Ju\u00e1rez - Opini\u00f3n P\u00fablica","description":"En esta contienda por descubrir qui\u00e9n resulta m\u00e1s interesante en la presentaci\u00f3n de sus informes, Armando Cabada, trat\u00f3 de encontrar algo que pudiera competir c"},"footnotes":""},"categories":[21],"tags":[],"class_list":["post-20924","post","type-post","status-publish","format-standard","has-post-thumbnail","hentry","category-cartapacio"],"acf":[],"_links":{"self":[{"href":"https:\/\/www.opinionpublica.tv\/portada\/wp-json\/wp\/v2\/posts\/20924","targetHints":{"allow":["GET"]}}],"collection":[{"href":"https:\/\/www.opinionpublica.tv\/portada\/wp-json\/wp\/v2\/posts"}],"about":[{"href":"https:\/\/www.opinionpublica.tv\/portada\/wp-json\/wp\/v2\/types\/post"}],"author":[{"embeddable":true,"href":"https:\/\/www.opinionpublica.tv\/portada\/wp-json\/wp\/v2\/users\/6"}],"replies":[{"embeddable":true,"href":"https:\/\/www.opinionpublica.tv\/portada\/wp-json\/wp\/v2\/comments?post=20924"}],"version-history":[{"count":0,"href":"https:\/\/www.opinionpublica.tv\/portada\/wp-json\/wp\/v2\/posts\/20924\/revisions"}],"wp:featuredmedia":[{"embeddable":true,"href":"https:\/\/www.opinionpublica.tv\/portada\/wp-json\/wp\/v2\/media\/20923"}],"wp:attachment":[{"href":"https:\/\/www.opinionpublica.tv\/portada\/wp-json\/wp\/v2\/media?parent=20924"}],"wp:term":[{"taxonomy":"category","embeddable":true,"href":"https:\/\/www.opinionpublica.tv\/portada\/wp-json\/wp\/v2\/categories?post=20924"},{"taxonomy":"post_tag","embeddable":true,"href":"https:\/\/www.opinionpublica.tv\/portada\/wp-json\/wp\/v2\/tags?post=20924"}],"curies":[{"name":"wp","href":"https:\/\/api.w.org\/{rel}","templated":true}]}}