{"id":20922,"date":"2019-09-12T06:00:00","date_gmt":"2019-09-12T04:00:00","guid":{"rendered":"https:\/\/www.opinionpublica.tv\/portada\/2019\/09\/12\/efemerides-12-de-septiembre\/"},"modified":"2019-09-12T06:00:00","modified_gmt":"2019-09-12T04:00:00","slug":"efemerides-12-de-septiembre","status":"publish","type":"post","link":"https:\/\/www.opinionpublica.tv\/portada\/efemerides-12-de-septiembre\/","title":{"rendered":"Efem\u00e9rides 12 de septiembre"},"content":{"rendered":"<img fetchpriority=\"high\" decoding=\"async\" class=\" size-full wp-image-20921\" src=\"https:\/\/www.opinionpublica.tv\/portada\/wp-content\/uploads\/2019\/09\/0cc2f0255ffd2f3bd3d1ada4cb5cabb4.jpg\" alt=\"\" class=\"caption\" title=\"El transbordador espacial \"Endeavour\".\" width=\"1600\" height=\"950\" srcset=\"https:\/\/www.opinionpublica.tv\/portada\/wp-content\/uploads\/2019\/09\/0cc2f0255ffd2f3bd3d1ada4cb5cabb4.jpg 1600w, https:\/\/www.opinionpublica.tv\/portada\/wp-content\/uploads\/2019\/09\/0cc2f0255ffd2f3bd3d1ada4cb5cabb4-300x178.jpg 300w, https:\/\/www.opinionpublica.tv\/portada\/wp-content\/uploads\/2019\/09\/0cc2f0255ffd2f3bd3d1ada4cb5cabb4-1024x608.jpg 1024w, https:\/\/www.opinionpublica.tv\/portada\/wp-content\/uploads\/2019\/09\/0cc2f0255ffd2f3bd3d1ada4cb5cabb4-768x456.jpg 768w, https:\/\/www.opinionpublica.tv\/portada\/wp-content\/uploads\/2019\/09\/0cc2f0255ffd2f3bd3d1ada4cb5cabb4-1536x912.jpg 1536w\" sizes=\"(max-width: 1600px) 100vw, 1600px\" \/>\n<p style=\"text-align: justify;\">Un d\u00eda 12 de septiembre como hoy, pero de 1992 se registra el lanzamiento del transbordador \u00abEndeavour\u00bb, que lleva al espacio al primer matrimonio de astronautas, Mark Lee y Jan Davis, la primera astronauta negra, Mae Jemison y el primer japon\u00e9s Mamoru Mor\u00ed.<\/p>\n<p><!--more--><\/p>\n<p style=\"text-align: justify;\"><strong>Otras efem\u00e9rides<\/strong><\/p>\n<p style=\"text-align: justify;\">1502.- Crist\u00f3bal Col\u00f3n, en su cuarto y \u00faltimo viaje, llega a las costas de la actual Nicaragua.<\/p>\n<p style=\"text-align: justify;\">1537.- Carlos V autoriza que en R\u00edo de la Plata cuando fallezca la primera autoridad real, sus habitantes elijan libremente a su sucesor.<\/p>\n<p style=\"text-align: justify;\">1631.- La escuadra espa\u00f1ola, mandada por Oquendo, derrota a la holandesa, capitaneada por Hauspater, en combate naval cerca de Pernambuco (Brasil).<\/p>\n<p style=\"text-align: justify;\">1764.- Muere Jean Philippe Rameau, music\u00f3logo y compositor franc\u00e9s.<\/p>\n<p style=\"text-align: justify;\">1821.- El Gobierno de Buenos Aires suprime \u00abLa Gaceta\u00bb, fundada en 1810 para sostener la Revoluci\u00f3n de Mayo.<\/p>\n<p style=\"text-align: justify;\">1827.- Se funda en la ciudad chilena de Valpara\u00edso \u00abEl Mercurio\u00bb, el m\u00e1s antiguo de los diarios de Chile, que a\u00fan se edita.<\/p>\n<p style=\"text-align: justify;\">1847.- Comienza la heroica defensa del castillo de Chapultepec, durante la invasi\u00f3n de M\u00e9xico por Estados Unidos.<\/p>\n<p style=\"text-align: justify;\">1888.- Nace Maurice Chevalier, cantante y actor franc\u00e9s.<\/p>\n<p style=\"text-align: justify;\">1902.- Nace Juscelino Kubitschek, expresidente brasile\u00f1o.<\/p>\n<p style=\"text-align: justify;\">1911.- El Gobierno de Espa\u00f1a reconoce a la Rep\u00fablica de Portugal.<\/p>\n<p style=\"text-align: justify;\">1929.- Estado de sitio en Paraguay por un movimiento comunista.<\/p>\n<p style=\"text-align: justify;\">1923.- Rhodesia del Sur se adhiere a la corona brit\u00e1nica.<\/p>\n<p style=\"text-align: justify;\">1931.- Un cicl\u00f3n causa la muerte de m\u00e1s de 700 personas y centenares de heridos en la Honduras brit\u00e1nica (actual Belice).<\/p>\n<p style=\"text-align: justify;\">1943.- Un comando de las SS al mando del capit\u00e1n Skorzeny libera a Benito Mussolini de su prisi\u00f3n en el Gran Sasso (en los Apeninos).<\/p>\n<p style=\"text-align: justify;\">1944.- La Comisi\u00f3n Consultiva Europea (Gran Breta\u00f1a, la URSS y EEUU) firma el Protocolo de Londres, que estipula la divisi\u00f3n de Alemania en zonas de ocupaci\u00f3n y en el \u00abterritorio de Berl\u00edn\u00bb.<\/p>\n<p style=\"text-align: justify;\">1946.- El cad\u00e1ver del dictador italiano Benito Mussolini, robado cuatro meses antes, es encontrado en Pav\u00eda (norte del pa\u00eds).<\/p>\n<p style=\"text-align: justify;\">1949.- Se proclama en Bonn la Rep\u00fablica Federal Alemana. Theodor Heuss es elegido presidente y Konrad Adenauer, canciller federal.<\/p>\n<p style=\"text-align: justify;\">1953.- La guerrilla liberal colombiana acepta la amnist\u00eda del gobierno del general Rojas Pinilla, tras cuatro a\u00f1os de lucha.<\/p>\n<p style=\"text-align: justify;\">1959.- La URSS lanza el Lunik II, segundo cohete sovi\u00e9tico a la Luna.<\/p>\n<p style=\"text-align: justify;\">1967.- Tres d\u00edas despu\u00e9s de ser lanzada al espacio, la nave estadounidense \u00abGeminis XI\u00bb consigue acoplarse al cohete \u00abAgena\u00bb.<\/p>\n<p style=\"text-align: justify;\">1968.- Albania abandona el Pacto de Varsovia.<\/p>\n<p style=\"text-align: justify;\">1970.- El Frente Popular de Liberaci\u00f3n de Palestina (FPLP) hace estallar en un aer\u00f3dromo del desierto jordano los tres aviones que secuestraron d\u00edas antes, tras desalojar a los 40 rehenes.<\/p>\n<p style=\"text-align: justify;\">1971.- El ministro de Defensa chino, Lin Piao, muere en un accidente de aviaci\u00f3n en Mongolia, seg\u00fan fuentes oficiales.<\/p>\n<p style=\"text-align: justify;\">1974.- Haile Selasie, emperador de Etiop\u00eda, es derrocado por un golpe militar y encarcelado en Addis Abeba.<\/p>\n<p style=\"text-align: justify;\">1977.- Muere Steve Biko, activista antiapartheid surafricano.<\/p>\n<p style=\"text-align: justify;\">1980.- Golpe de Estado en Turqu\u00eda dirigido por el general Kenan Evren, designado presidente del Consejo Nacional de Seguridad.<\/p>\n<p style=\"text-align: justify;\">1989.- El Parlamento polaco otorga su confianza al Gabinete propuesto por Tadeusz Mazowiecki, el primer Gobierno no comunista de Polonia desde la Segunda Guerra Mundial.<\/p>\n<p style=\"text-align: justify;\">1992.- Capturado en Lima (Per\u00fa) Abimael Guzm\u00e1n, fundador y l\u00edder de Sendero Luminoso.<\/p>\n<p style=\"text-align: justify;\">1992.- Muere Anthony Perkins, actor estadounidense.<\/p>\n<p style=\"text-align: justify;\">1998.- El Ej\u00e9rcito brit\u00e1nico abandona Belfast y regresa a sus acuartelamientos, tras 29 a\u00f1os patrullando.<\/p>\n<p style=\"text-align: justify;\">2002.- Un juez argentino dicta la prisi\u00f3n preventiva del expresidente Leopoldo Galtieri por la desaparici\u00f3n de guerrilleros durante la dictadura.<\/p>\n<p style=\"text-align: justify;\">2003.- El Consejo de Seguridad de la ONU levanta las sanciones contra Libia.<\/p>\n<p style=\"text-align: justify;\">2007.- El depuesto presidente de Filipinas Joseph Estrada es condenado a cadena perpetua por corrupci\u00f3n, tras seis a\u00f1os de juicio.<\/p>\n<p style=\"text-align: justify;\">2008.- El Papa Benedicto XVI visita el santuario de Lourdes (Francia), en el 150 aniversario de las apariciones de la Virgen.<\/p>\n<p style=\"text-align: justify;\">2008.- Muere David Foster Wallace, escritor estadounidense.<\/p>\n<p style=\"text-align: justify;\">2010.- Los turcos aprueban en refer\u00e9ndum las enmiendas a la Constituci\u00f3n propuestas por el partido del Gobierno.<\/p>\n<p style=\"text-align: justify;\">2010.- Los jefes de los bancos centrales y las autoridades reguladoras de los 27 pa\u00edses de la Uni\u00f3n Europea acuerdan endurecer las normas de solvencia bancaria para mejorar la solidez del sistema financiero.<\/p>\n<p style=\"text-align: justify;\">2010.- Muere Claude Chabrol, cineasta franc\u00e9s.<\/p>\n<p style=\"text-align: justify;\">2011.- Muamar al Gadafi insta a sus seguidores a \u00abluchar hasta la muerte\u00bb para no entregar Libia.<\/p>\n<p style=\"text-align: justify;\">2013.- Siria anuncia que pondr\u00e1 las armas qu\u00edmicas bajo control internacional.<\/p>\n<p style=\"text-align: justify;\">2013.- Muere Ray Dolby, ingeniero estadounidense, inventor de una tecnolog\u00eda de reducci\u00f3n del ruido que increment\u00f3 la calidad de las grabaciones en todos los formatos.<\/p>\n","protected":false},"excerpt":{"rendered":"<p>Un d\u00eda 12 de septiembre como hoy, pero de 1992 se registra el lanzamiento del transbordador \u00abEndeavour\u00bb, que lleva al espacio al primer matrimonio de astronautas, Mark Lee y Jan Davis, la primera astronauta negra, Mae Jemison y el primer japon\u00e9s Mamoru Mor\u00ed.<\/p>\n","protected":false},"author":6,"featured_media":20921,"comment_status":"open","ping_status":"open","sticky":false,"template":"","format":"standard","meta":{"_acf_changed":false,"_monsterinsights_skip_tracking":false,"slim_seo":{"title":"Efem\u00e9rides 12 de septiembre - Opini\u00f3n P\u00fablica","description":"Un d\u00eda 12 de septiembre como hoy, pero de 1992 se registra el lanzamiento del transbordador \"Endeavour\", que lleva al espacio al primer matrimonio de astronauta"},"footnotes":""},"categories":[27],"tags":[],"class_list":["post-20922","post","type-post","status-publish","format-standard","has-post-thumbnail","hentry","category-un-dia-como-hoy"],"acf":[],"_links":{"self":[{"href":"https:\/\/www.opinionpublica.tv\/portada\/wp-json\/wp\/v2\/posts\/20922","targetHints":{"allow":["GET"]}}],"collection":[{"href":"https:\/\/www.opinionpublica.tv\/portada\/wp-json\/wp\/v2\/posts"}],"about":[{"href":"https:\/\/www.opinionpublica.tv\/portada\/wp-json\/wp\/v2\/types\/post"}],"author":[{"embeddable":true,"href":"https:\/\/www.opinionpublica.tv\/portada\/wp-json\/wp\/v2\/users\/6"}],"replies":[{"embeddable":true,"href":"https:\/\/www.opinionpublica.tv\/portada\/wp-json\/wp\/v2\/comments?post=20922"}],"version-history":[{"count":0,"href":"https:\/\/www.opinionpublica.tv\/portada\/wp-json\/wp\/v2\/posts\/20922\/revisions"}],"wp:featuredmedia":[{"embeddable":true,"href":"https:\/\/www.opinionpublica.tv\/portada\/wp-json\/wp\/v2\/media\/20921"}],"wp:attachment":[{"href":"https:\/\/www.opinionpublica.tv\/portada\/wp-json\/wp\/v2\/media?parent=20922"}],"wp:term":[{"taxonomy":"category","embeddable":true,"href":"https:\/\/www.opinionpublica.tv\/portada\/wp-json\/wp\/v2\/categories?post=20922"},{"taxonomy":"post_tag","embeddable":true,"href":"https:\/\/www.opinionpublica.tv\/portada\/wp-json\/wp\/v2\/tags?post=20922"}],"curies":[{"name":"wp","href":"https:\/\/api.w.org\/{rel}","templated":true}]}}