{"id":20916,"date":"2019-09-10T06:00:00","date_gmt":"2019-09-10T04:00:00","guid":{"rendered":"https:\/\/www.opinionpublica.tv\/portada\/2019\/09\/10\/de-la-celda-a-una-jaula-la-nueva-rutina-de-el-chapo-guzman-en-la-alcatraz-de-las-rocosas\/"},"modified":"2019-09-10T06:00:00","modified_gmt":"2019-09-10T04:00:00","slug":"de-la-celda-a-una-jaula-la-nueva-rutina-de-el-chapo-guzman-en-la-alcatraz-de-las-rocosas","status":"publish","type":"post","link":"https:\/\/www.opinionpublica.tv\/portada\/de-la-celda-a-una-jaula-la-nueva-rutina-de-el-chapo-guzman-en-la-alcatraz-de-las-rocosas\/","title":{"rendered":"De la celda a una jaula: la nueva rutina de &#8216;El Chapo&#8217; Guzm\u00e1n en &#8216;La Alcatraz de las Rocosas&#8217;"},"content":{"rendered":"<p><img fetchpriority=\"high\" decoding=\"async\" class=\" size-full wp-image-20914\" src=\"https:\/\/www.opinionpublica.tv\/portada\/wp-content\/uploads\/2019\/09\/5fc8847f8b80175487dce72bdc7122a5.jpg\" alt=\"\" class=\"caption\" title=\"El Chapo Guzm\u00e1n solamente puede salir de su celda de m\u00e1xima seguridad durante una hora al d\u00eda.\" width=\"624\" height=\"351\" srcset=\"https:\/\/www.opinionpublica.tv\/portada\/wp-content\/uploads\/2019\/09\/5fc8847f8b80175487dce72bdc7122a5.jpg 624w, https:\/\/www.opinionpublica.tv\/portada\/wp-content\/uploads\/2019\/09\/5fc8847f8b80175487dce72bdc7122a5-300x169.jpg 300w\" sizes=\"(max-width: 624px) 100vw, 624px\" \/><br \/>\n<!--more--><\/p>\n<p style=\"text-align: justify;\"><em>Colorado, EU<\/em>.- El narcotraficante\u00a0Joaqu\u00edn Guzm\u00e1n Loera,\u00a0quien se fug\u00f3 dos veces de c\u00e1rceles de m\u00e1xima seguridad en M\u00e9xico, purga\u00a0su condena a cadena perpetua\u00a0en una celda aislada y vigilada las 24 horas del d\u00eda, en la cual colocan a los peores reos en la prisi\u00f3n federal\u00a0Florence ADMAX de Colorado,\u00a0conocida como \u2018La Alcatraz de las Rocosas\u2019.<\/p>\n<p style=\"text-align: justify;\">En un reducido espacio el ex l\u00edder del cartel de Sinaloa\u00a0pasa 23 horas del d\u00eda,\u00a0no habla siquiera con los guardias y al salir al patio de la penitenciar\u00eda\u00a0lo colocan dentro de una jaula.\u00a0El mafioso lleg\u00f3 a la c\u00e1rcel m\u00e1s segura de EEUU el 19 de julio, dos d\u00edas despu\u00e9s de que un juez\u00a0lo sentenci\u00f3 a pasar el resto de su vida tras las rejas\u00a0por dirigir una de las empresas criminales m\u00e1s grandes del mundo.<\/p>\n<p style=\"text-align: justify;\">\u201cSe ve mucho m\u00e1s flaco, un poco m\u00e1s apagado. Bien no la est\u00e1 pasando.\u00a0Es la vez que lo he visto m\u00e1s triste\u201d,\u00a0describi\u00f3 este jueves la abogada Mariel Col\u00f3n, quien por primera vez visit\u00f3 al capo mexicano hace dos semanas, en una entrevista con Univision Noticias.<\/p>\n<p style=\"text-align: justify;\">La acompa\u00f1\u00f3 Marc Fernich, encargado del proceso de apelaci\u00f3n. Adem\u00e1s de ellos, nadie m\u00e1s ha estado con el mafioso all\u00ed, ni siquiera\u00a0sus hijas gemelas de 7 a\u00f1os,\u00a0las \u00fanicas que tienen permiso para verle.<\/p>\n<p style=\"text-align: justify;\">\u201cSe pasa todo el tiempo en aislamiento,\u00a0nadie habla espa\u00f1ol, los guardias no hablan espa\u00f1ol, as\u00ed que se le dificultan muchas cosas\u201d, se\u00f1al\u00f3 Col\u00f3n, quien afirm\u00f3 que las normas que le impusieron a su cliente en Florence ADMAX son\u00a0\u201cmucho m\u00e1s duras\u201d\u00a0a las que ten\u00eda en la prisi\u00f3n de Manhattan, a la cual lleg\u00f3 despu\u00e9s de su extradici\u00f3n en enero de 2017. All\u00e1 se quejaba del agua, del ruido que no lo dejaba dormir, de un dolor de o\u00eddo y por impedirle la visita conyugal.<\/p>\n<p style=\"text-align: justify;\">Pero en \u00b4La Alcatraz de las Rocosas\u2019 ha perdido varios privilegios, como recibir visitas legales todos los d\u00edas. Ahora solo le permiten estar con sus abogados hasta cinco veces al mes. Aunque estos tardaron varios d\u00edas para recibir autorizaci\u00f3n del penal para ingresar a verlo.<\/p>\n<p style=\"text-align: justify;\">Cuando los defensores legales estuvieron con \u2018El Chapo\u2019 Guzm\u00e1n el mes pasado notaron que\u00a0su vista disminuy\u00f3 a tal grado que ya no puede leer sin anteojos,\u00a0uno de los pocos pasatiempos a los que tiene acceso. Col\u00f3n afirm\u00f3 que su cliente trat\u00f3 de pedir lentes, pero nadie le entendi\u00f3.<\/p>\n<p style=\"text-align: justify;\">\u201cEn un mes y medio empeor\u00f3 bastante su vista,\u00a0no es que est\u00e9 ciego, pero ve borroso. No puede leer. Necesita lentes (\u2026) No hab\u00eda podido atenderse porque no habla ingl\u00e9s y no pudo pedir un oculista hasta que yo fui\u201d, cont\u00f3 la abogada, quien cree que este problema se debe a su condena y la nueva prisi\u00f3n.<\/p>\n<p style=\"text-align: justify;\"><img decoding=\"async\" class=\" size-full wp-image-20915\" src=\"https:\/\/www.opinionpublica.tv\/portada\/wp-content\/uploads\/2019\/09\/chapo_2.jpg\" width=\"600\" height=\"400\" srcset=\"https:\/\/www.opinionpublica.tv\/portada\/wp-content\/uploads\/2019\/09\/chapo_2.jpg 600w, https:\/\/www.opinionpublica.tv\/portada\/wp-content\/uploads\/2019\/09\/chapo_2-300x200.jpg 300w\" sizes=\"(max-width: 600px) 100vw, 600px\" \/><\/p>\n<p style=\"text-align: justify;\">\u201cAsumo que fue por las presiones, las tensiones. Puede estar quiz\u00e1s relacionado con el impacto que tiene el aislamiento cotidiano en los presos. El estar en una celda 23 horas al d\u00eda, sin ver la luz del sol, eso te afecta much\u00edsimo la vista. Porque los presos que est\u00e1n as\u00ed no pueden usar la vista de larga distancia pues siempre est\u00e1n en un \u2018cubo\u2019 y eso les afecta\u201d, advirti\u00f3.<\/p>\n<p style=\"text-align: justify;\">No hablar el idioma del personal en Florence ADMAX tambi\u00e9n le ha impedido a Guzm\u00e1n pedir productos en la comisar\u00eda y hasta caus\u00f3 que\u00a0le raparan el cabello porque no supo explicarlo,\u00a0cont\u00f3 la abogada. \u201cEl pidi\u00f3 que le hicieran un recorte, pero como no habla ingl\u00e9s solo pudo decir algo como \u2018cut\u2019 (cortar) y la persona entendi\u00f3 que le rapara la cabeza, pero no era lo que \u00e9l quer\u00eda\u201d.<\/p>\n<p style=\"text-align: justify;\">La defensa del fundador del cartel de Sinaloa ha pedido que le asignen guardias que hablen espa\u00f1ol y que lo pongan en un sector menos estricto en Florence ADMAX.<\/p>\n<p style=\"text-align: justify;\">En una celda vigilada las 24 horas del d\u00eda<\/p>\n<p style=\"text-align: justify;\">Las condiciones que describe Col\u00f3n son similares a las de la unidad\u00a0\u2018Range 13\u2019,\u00a0que impone restricciones especiales a los reos de mayor peligrosidad en el sistema judicial de EEUU. En la \u2018Unidad Z\u2019, como tambi\u00e9n le dicen, solo hay cuatro celdas individuales, las cuales est\u00e1n hechas de hormig\u00f3n y tienen puertas dobles.<\/p>\n<p style=\"text-align: justify;\">Estos espacios, que miden 2.1 por 3.6 metros, cuentan con una cama hecha de losa de acero y un colch\u00f3n delgado, un taburete y un escritorio de metal, un inodoro y lavado del mismo material, as\u00ed como un peque\u00f1o televisor.\u00a0Solo pueden ver programas educativos y religiosos.<\/p>\n<p style=\"text-align: justify;\">Las comidas y las duchas se toman dentro de las celdas.\u00a0Las consultas m\u00e9dicas, incluidas las revisiones de salud mental, a menudo se realizan de forma remota a trav\u00e9s de teleconferencias.<\/p>\n<p style=\"text-align: justify;\">Una c\u00e1mara\u00a0montada en el techo\u00a0registra cada uno de los movimientos del preso las 24 horas del d\u00eda.\u00a0Jam\u00e1s se apaga la luz para facilitar la vigilancia. As\u00ed garantizan que Guzm\u00e1n no volver\u00e1 a fugarse.<\/p>\n<p style=\"text-align: justify;\">La reducida celda en la cual se encuentra \u2018El Chapo\u2019 tiene una puerta con una ventana diminuta desde la cual solo puede ver hacia el pasillo de la unidad, describi\u00f3 Col\u00f3n.\u00a0Por una peque\u00f1a rendija le pasan los alimentos\u00a0y debe beber el agua del grifo, por regla de la penitenciar\u00eda, algo que a \u00e9l le desagrada.<\/p>\n<p style=\"text-align: justify;\">\u201cMe he visto forzado a beber agua no higi\u00e9nica todos los d\u00edas, se me ha negado acceso a la luz solar, aire fresco del exterior\u00bb, reclam\u00f3 sobre el trato que le dieron en la c\u00e1rcel de Nueva York,\u00a0<a href=\"https:\/\/www.univision.com\/noticias\/narcotrafico\/la-carta-que-leyo-el-chapo-sobre-su-prision-y-sin-mostrar-arrepentimiento-es-lo-mas-inhumano-que-he-pasado-en-mi-vida\">en una carta que ley\u00f3 en la corte federal de Brooklyn<\/a>\u00a0poco antes de su sentencia.<\/p>\n<p style=\"text-align: justify;\">A quienes est\u00e1n catalogados como de menor peligrosidad les permiten conversar entre ellos en el patio, pero dentro de jaulas. Guzm\u00e1n ni siquiera puede hacer eso. Cada ma\u00f1ana lo sacan con grilletes en pies y manos y escoltado por guardias, para ver el cielo. Las enormes paredes cubren incluso las monta\u00f1as que rodean esta c\u00e1rcel.<\/p>\n<p style=\"text-align: justify;\">\u201cSolamente puede salir de su celda una hora al d\u00eda para hacer ejercicio afuera\u201d, detall\u00f3 su defensora legal. \u201cEst\u00e1 completamente solo,\u00a0no habla con nadie\u201d.<\/p>\n<p style=\"text-align: justify;\">La nueva rutina del mafioso en la c\u00e1rcel llamada\u00a0\u00abel infierno en la tierra\u00bb\u00a0es pasar la mayor parte del d\u00eda sin hacer nada, \u201caburrido\u201d, si acaso viendo los programas educativos que pasan en su televisor.<\/p>\n<p style=\"text-align: justify;\">\u201cMe dijo que lo \u00fanico que hace es mirar la pared, el techo, tratar de ver un poco la televisi\u00f3n, pero no puede bien por el problema en sus ojos. No puede leer por lo mismo. Y usa su tiempo para ir al patio a estirarse un poco\u201d, dijo Col\u00f3n. \u201cEl resto del d\u00eda est\u00e1 completamente solo, haciendo nada\u201d, agreg\u00f3.<\/p>\n<p style=\"text-align: justify;\">Las llamadas telef\u00f3nicas ahora son un lujo para \u2018El Chapo\u2019.\u00a0Por ahora solo puede hacer una cada mes y el tiempo m\u00e1ximo es de 15 minutos. A finales de agosto us\u00f3 ese privilegio\u00a0para conversar con su madre\u00a0Mar\u00eda Consuelo Loera P\u00e9rez y su hermana Bernarda Guzm\u00e1n, quienes trataron de obtener visas para venir a verlo, pero el gobierno estadounidense se las neg\u00f3.<\/p>\n<p style=\"text-align: justify;\">A Col\u00f3n le extra\u00f1\u00f3 enterarse que los abogados de Guzm\u00e1n en M\u00e9xico aseguraron esta semana que su cliente ha pedido que su fortuna incautada\u00a0sea repartida a las comunidades ind\u00edgenas de su pa\u00eds.\u00a0La suma en cuesti\u00f3n es de\u00a014,000 millones de d\u00f3lares,\u00a0pero nadie sabe d\u00f3nde est\u00e1.<\/p>\n<p style=\"text-align: justify;\">Seg\u00fan ella, eso representar\u00eda una violaci\u00f3n a las normas de la prisi\u00f3n, que\u00a0impide a los reos enviar mensajes.\u00a0Para verificarlo las charlas son monitoreadas mientras se desarrollan. Al detectar algo fuera de lo normal, la llamada se cancela y jam\u00e1s lo dejar\u00edan hablar por tel\u00e9fono para castigarlo, explic\u00f3 Col\u00f3n.<\/p>\n<p style=\"text-align: justify;\">\u201cNo puede pasar mensajes y ese (pedir que entreguen su dinero a los pobres) ser\u00eda un mensaje.\u00a0No creo que el se\u00f1or Guzm\u00e1n haya violado esa regla\u201d,\u00a0dijo la abogada. \u201cAdem\u00e1s, la postura del se\u00f1or Guzm\u00e1n siempre ha sido que \u00e9l no tiene bienes, ni esa cantidad de dinero. Me parece muy raro que \u00e9l haya podido decirle a su mam\u00e1 algo sobre eso\u201d, se\u00f1al\u00f3.<\/p>\n<p style=\"text-align: justify;\">Amnist\u00eda Internacional (AI) tach\u00f3 de una pr\u00e1ctica \u201ccruel y deshumanizada\u201d del gobierno EEUU el aislamiento que se imponen en la prisi\u00f3n Florence ADMAX.\u00a0En un informe\u00a0publicado en 2014 explor\u00f3 el impacto f\u00edsico y psicol\u00f3gico de confinar a los reclusos a celdas solitarias por entre 22 y 24 horas al d\u00eda.<\/p>\n<p style=\"text-align: justify;\">La organizaci\u00f3n advirti\u00f3 que las condiciones severas en ADMAX han llevado a algunos prisioneros a practicar autolesiones extremas o incluso suicidarse. El programa\u00a0<em>60 Minutes\u00a0<\/em>se\u00f1alaba en 2007 que\u00a0al menos cuatro reos se hab\u00edan quitado la vida\u00a0en esa penitenciar\u00eda.<\/p>\n<p style=\"text-align: justify;\">El reporte de AI se\u00f1ala que los s\u00edntomas que resultan de estar aislados durante per\u00edodos prolongados son\u00a0ansiedad, depresi\u00f3n, insomnio,\u00a0hipertensi\u00f3n, paranoia extrema, distorsiones perceptivas y psicosis.<\/p>\n<p style=\"text-align: justify;\">La visita de Col\u00f3n y su colega Fernich dur\u00f3 alrededor de cuatro horas y media. \u2018El Chapo\u2019, quien vest\u00eda un uniforme color beige, los recibi\u00f3 con una enorme sonrisa, describi\u00f3 su defensora legal.<\/p>\n<p style=\"text-align: justify;\">\u201cAl vernos se puso contento porque vio una cara familiar y\u00a0por el simple hecho de que iba a poder hablar con alguien\u201d,\u00a0dijo la abogada. \u201cTodav\u00eda tiene lucidez, el se\u00f1or Guzm\u00e1n es una persona que tiene una mente fuerte y no se ha dado por vencido en su proceso legal\u201d, mencion\u00f3.<\/p>\n<p style=\"text-align: justify;\">Sin dar detalles sobre la conversaci\u00f3n que tuvieron, Col\u00f3n dijo que hablaron sobre la apelaci\u00f3n, que tuvo su primer rev\u00e9s cuando no pudo impedir el traslado de Guzm\u00e1n a Florence ADMAX. La abogada asegur\u00f3 que buscar eliminar la condena de cadena perpetua mantiene a \u2018El Chapo\u2019 con esperanzas.\u00a0\u201c\u00c9l est\u00e1 muy motivado y enfocado en su proceso de apelaci\u00f3n\u201d.<\/p>\n<p style=\"text-align: justify;\">Por el momento no hay una fecha precisa para que lo visiten sus hijas gemelas de 7 a\u00f1os. A su esposa\u00a0Emma Coronel, acusada de ayudarle a fugarse\u00a0en 2015, tambi\u00e9n le han prohibido verle en esa prisi\u00f3n. (Univision)<\/p>\n","protected":false},"excerpt":{"rendered":"","protected":false},"author":6,"featured_media":20914,"comment_status":"open","ping_status":"open","sticky":false,"template":"","format":"standard","meta":{"_acf_changed":false,"_monsterinsights_skip_tracking":false,"slim_seo":{"title":"De la celda a una jaula: la nueva rutina de 'El Chapo' Guzm\u00e1n en 'La Alcatraz de las Rocosas' - Opini\u00f3n P\u00fablica","description":"Colorado, EU .- El narcotraficante\u00a0Joaqu\u00edn Guzm\u00e1n Loera,\u00a0quien se fug\u00f3 dos veces de c\u00e1rceles de m\u00e1xima seguridad en M\u00e9xico, purga\u00a0su condena a cadena perpetua\u00a0e"},"footnotes":""},"categories":[11],"tags":[],"class_list":["post-20916","post","type-post","status-publish","format-standard","has-post-thumbnail","hentry","category-tendencias"],"acf":[],"_links":{"self":[{"href":"https:\/\/www.opinionpublica.tv\/portada\/wp-json\/wp\/v2\/posts\/20916","targetHints":{"allow":["GET"]}}],"collection":[{"href":"https:\/\/www.opinionpublica.tv\/portada\/wp-json\/wp\/v2\/posts"}],"about":[{"href":"https:\/\/www.opinionpublica.tv\/portada\/wp-json\/wp\/v2\/types\/post"}],"author":[{"embeddable":true,"href":"https:\/\/www.opinionpublica.tv\/portada\/wp-json\/wp\/v2\/users\/6"}],"replies":[{"embeddable":true,"href":"https:\/\/www.opinionpublica.tv\/portada\/wp-json\/wp\/v2\/comments?post=20916"}],"version-history":[{"count":0,"href":"https:\/\/www.opinionpublica.tv\/portada\/wp-json\/wp\/v2\/posts\/20916\/revisions"}],"wp:featuredmedia":[{"embeddable":true,"href":"https:\/\/www.opinionpublica.tv\/portada\/wp-json\/wp\/v2\/media\/20914"}],"wp:attachment":[{"href":"https:\/\/www.opinionpublica.tv\/portada\/wp-json\/wp\/v2\/media?parent=20916"}],"wp:term":[{"taxonomy":"category","embeddable":true,"href":"https:\/\/www.opinionpublica.tv\/portada\/wp-json\/wp\/v2\/categories?post=20916"},{"taxonomy":"post_tag","embeddable":true,"href":"https:\/\/www.opinionpublica.tv\/portada\/wp-json\/wp\/v2\/tags?post=20916"}],"curies":[{"name":"wp","href":"https:\/\/api.w.org\/{rel}","templated":true}]}}