{"id":20909,"date":"2019-09-10T06:00:00","date_gmt":"2019-09-10T04:00:00","guid":{"rendered":"https:\/\/www.opinionpublica.tv\/portada\/2019\/09\/10\/alemania-pasara-de-trabajar-35-a-28-horas-semanales-sigue-siendo-el-pais-mas-productivo-del-mundo\/"},"modified":"2019-09-10T06:00:00","modified_gmt":"2019-09-10T04:00:00","slug":"alemania-pasara-de-trabajar-35-a-28-horas-semanales-sigue-siendo-el-pais-mas-productivo-del-mundo","status":"publish","type":"post","link":"https:\/\/www.opinionpublica.tv\/portada\/alemania-pasara-de-trabajar-35-a-28-horas-semanales-sigue-siendo-el-pais-mas-productivo-del-mundo\/","title":{"rendered":"Alemania pasar\u00e1 de trabajar 35 a 28 horas semanales; sigue siendo el pa\u00eds m\u00e1s productivo del mundo"},"content":{"rendered":"<p><img fetchpriority=\"high\" decoding=\"async\" class=\" size-full wp-image-20908\" src=\"https:\/\/www.opinionpublica.tv\/portada\/wp-content\/uploads\/2019\/09\/d26259114776ab2f022f2fb482d956fe.jpg\" alt=\"\" class=\"caption\" title=\"Los trabajadores alemanes son los m\u00e1s productivos del mundo.\" width=\"728\" height=\"485\" srcset=\"https:\/\/www.opinionpublica.tv\/portada\/wp-content\/uploads\/2019\/09\/d26259114776ab2f022f2fb482d956fe.jpg 728w, https:\/\/www.opinionpublica.tv\/portada\/wp-content\/uploads\/2019\/09\/d26259114776ab2f022f2fb482d956fe-300x200.jpg 300w\" sizes=\"(max-width: 728px) 100vw, 728px\" \/><br \/>\n<!--more--><\/p>\n<p style=\"text-align: justify;\">El trabajo dignifica al hombre, dicen. Nos imaginamos que a los pa\u00edses tambi\u00e9n.\u00a0Mientras m\u00e1s productivos, mucho mejor. All\u00ed aparecen una serie de variantes que ayudan a la productividad. Una vida plena, sin estr\u00e9s, pasando tiempo en familia, etc. De hecho, las famosas jornadas laborales est\u00e1n siendo discutidas en varios pa\u00edses.<\/p>\n<p style=\"text-align: justify;\">A\u00fan as\u00ed, Alemania ha logrado algo hist\u00f3rico en ese tema.\u00a0Tras una larga huelga de sus trabajadores, pasar\u00e1n de trabajar 35 horas semanales a s\u00f3lo 28. Son el pa\u00eds m\u00e1s productivo del mundo.<\/p>\n<p style=\"text-align: justify;\">Durante la d\u00e9cada de los 80 introdujeron la jornada laboral de 35 horas por semana. Todo un hito para la \u00e9poca, sobre todo pensando que algunos pa\u00edses a\u00fan tienen jornadas de 45 hora, como en Chile donde se discute la reducci\u00f3n a 40.<\/p>\n<p style=\"text-align: justify;\">Y es que durante los \u00faltimos a\u00f1os se ha cambiado el paradigma de \u00abmientras m\u00e1s horas, m\u00e1s produzco\u00bb y el mejor ejemplo es Alemania. Seg\u00fan indica\u00a0<a href=\"https:\/\/magnet.xataka.com\/en-diez-minutos\/trabajar-28-horas-a-la-semana-y-un-aumento-salarial-el-increible-logro-de-los-sindicatos-en-alemania\"><em>Magnet.<\/em><\/a><\/p>\n<p style=\"text-align: justify;\">Pa\u00edses como Grecia y Venezuela tienen jornadas que alcanzan las 40 horas por semana, siendo muy poco productivos y adem\u00e1s con econom\u00edas muy lejanas a la de Alemania. Seg\u00fan datos de la\u00a0OCDE.<\/p>\n<p style=\"text-align: justify;\">\u00abMade in Germany\u00bb se ha transformado casi en un lema mundial, sello de calidad para los productos.<\/p>\n<p style=\"text-align: justify;\">Gran responsabilidad en dicho logro han tenido los sindicatos de trabajadores, puntualmente los del rubro metal\u00fargico.<\/p>\n<p style=\"text-align: justify;\">Cuentan con millones de afiliados y se estima que dan trabajo a unas 4 millones de personas.\u00a0Grandes empresas como\u00a0<em>Mercedes-Benz y BMW<\/em>, por ejemplo, se agrupan bajo el gran sindicato alem\u00e1n\u00a0<em>IG Metall<\/em>, el m\u00e1s grande del mundo, propulsores de la nueva jornada de trabajo.\u00a0<\/p>\n<p style=\"text-align: justify;\">De ahora en m\u00e1s, las industrias germanas podr\u00e1n implementar el acuerdo en un plazo flexible. No s\u00f3lo la cantidad de horas se modific\u00f3, sino que tambi\u00e9n una serie de puntos, siempre velando por el bienestar del trabajador.\u00a0<\/p>\n<p style=\"text-align: justify;\">Tal como indica\u00a0<a href=\"https:\/\/magnet.xataka.com\/en-diez-minutos\/trabajar-28-horas-a-la-semana-y-un-aumento-salarial-el-increible-logro-de-los-sindicatos-en-alemania\"><em>Magnet<\/em><\/a>, los laborantes alemanes podr\u00e1n optar a la reducci\u00f3n de sus jornadas, ya que no es obligatoria, percibiendo un menor sueldo, acorde a las horas trabajadas y sin disminuirlo considerablemente. Esto ser\u00e1 posible para quienes tengan una antig\u00fcedad de m\u00e1s de dos a\u00f1os.\u00a0La flexibilidad tambi\u00e9n es importante, pues si el empleador lo necesita y el trabajador lo quiere, puede extenderse la jornada incluso a 40 horas por semana.\u00a0<\/p>\n<p style=\"text-align: justify;\">Consiguieron tambi\u00e9n un aumento en su salario del 4.3%, con bonificaciones e incentivos que pueden variar si el empleador tiene problemas econ\u00f3micos. El obrero tambi\u00e9n podr\u00e1 sustituir un porcentaje de su sueldo por d\u00edas de vacaciones. Y aunque ya cuenten con m\u00e1s de 20 d\u00edas libres, ahora podr\u00e1n intercambiarlos por dinero.<\/p>\n<p style=\"text-align: justify;\">Cada vez toman m\u00e1s fuerza las pol\u00edticas laborales que beneficien al obrero. El camino apunta hacia all\u00e1, con muchos ejemplos claros.<\/p>\n<p style=\"text-align: justify;\">Los beneficios de una buena jornada laboral son evidentes: aumenta la productividad del trabajador, la motivaci\u00f3n y buenas relaciones personales. Mejoras en el clima y satisfacci\u00f3n laboral, adem\u00e1s reducir el presentismo (estar presente pero s\u00f3lo f\u00edsicamente). Tambi\u00e9n aumenta el tiempo en familia y la felicidad.<\/p>\n","protected":false},"excerpt":{"rendered":"","protected":false},"author":6,"featured_media":20908,"comment_status":"open","ping_status":"open","sticky":false,"template":"","format":"standard","meta":{"_acf_changed":false,"_monsterinsights_skip_tracking":false,"slim_seo":{"title":"Alemania pasar\u00e1 de trabajar 35 a 28 horas semanales; sigue siendo el pa\u00eds m\u00e1s productivo del mundo - Opini\u00f3n P\u00fablica","description":"El trabajo dignifica al hombre, dicen. Nos imaginamos que a los pa\u00edses tambi\u00e9n.\u00a0Mientras m\u00e1s productivos, mucho mejor. All\u00ed aparecen una serie de variantes que"},"footnotes":""},"categories":[11],"tags":[],"class_list":["post-20909","post","type-post","status-publish","format-standard","has-post-thumbnail","hentry","category-tendencias"],"acf":[],"_links":{"self":[{"href":"https:\/\/www.opinionpublica.tv\/portada\/wp-json\/wp\/v2\/posts\/20909","targetHints":{"allow":["GET"]}}],"collection":[{"href":"https:\/\/www.opinionpublica.tv\/portada\/wp-json\/wp\/v2\/posts"}],"about":[{"href":"https:\/\/www.opinionpublica.tv\/portada\/wp-json\/wp\/v2\/types\/post"}],"author":[{"embeddable":true,"href":"https:\/\/www.opinionpublica.tv\/portada\/wp-json\/wp\/v2\/users\/6"}],"replies":[{"embeddable":true,"href":"https:\/\/www.opinionpublica.tv\/portada\/wp-json\/wp\/v2\/comments?post=20909"}],"version-history":[{"count":0,"href":"https:\/\/www.opinionpublica.tv\/portada\/wp-json\/wp\/v2\/posts\/20909\/revisions"}],"wp:featuredmedia":[{"embeddable":true,"href":"https:\/\/www.opinionpublica.tv\/portada\/wp-json\/wp\/v2\/media\/20908"}],"wp:attachment":[{"href":"https:\/\/www.opinionpublica.tv\/portada\/wp-json\/wp\/v2\/media?parent=20909"}],"wp:term":[{"taxonomy":"category","embeddable":true,"href":"https:\/\/www.opinionpublica.tv\/portada\/wp-json\/wp\/v2\/categories?post=20909"},{"taxonomy":"post_tag","embeddable":true,"href":"https:\/\/www.opinionpublica.tv\/portada\/wp-json\/wp\/v2\/tags?post=20909"}],"curies":[{"name":"wp","href":"https:\/\/api.w.org\/{rel}","templated":true}]}}