{"id":20895,"date":"2019-09-09T06:00:00","date_gmt":"2019-09-09T04:00:00","guid":{"rendered":"https:\/\/www.opinionpublica.tv\/portada\/2019\/09\/09\/informe-parral\/"},"modified":"2019-09-09T06:00:00","modified_gmt":"2019-09-09T04:00:00","slug":"informe-parral","status":"publish","type":"post","link":"https:\/\/www.opinionpublica.tv\/portada\/informe-parral\/","title":{"rendered":"Informe Parral"},"content":{"rendered":"<img fetchpriority=\"high\" decoding=\"async\" class=\" size-full wp-image-20894\" src=\"https:\/\/www.opinionpublica.tv\/portada\/wp-content\/uploads\/2019\/09\/244c5b82a59f7b903ce807b2c802efc9.jpg\" alt=\"\" class=\"caption\" title=\"Ra\u00fal Ruiz G\u00f3mez.\" width=\"245\" height=\"262\" \/>\n<p style=\"text-align: justify;\">\u00abLa arena llena, de bote en bote&#8230;\u201d Dir\u00eda una popular canci\u00f3n, en la que se notifica al mundo, que el pueblo se junt\u00f3 para ver el gran espect\u00e1culo local.<\/p>\n<p><!--more--><\/p>\n<p style=\"text-align: justify;\">La multitud espera un informe tradicional, los invitados especiales, igual.<\/p>\n<p style=\"text-align: justify;\">\u00abVamos a ver qu\u00e9 dice el caballo\u201d, dicen los m\u00e1s allegados, pero nunca se imaginan que el esquema ha cambiado por completo.<\/p>\n<p style=\"text-align: justify;\">Adi\u00f3s al p\u00f3dium rigorista y acartonado. Adi\u00f3s a las presentaciones gr\u00e1ficas del power point, y los v\u00eddeos malproducidos.<\/p>\n<p style=\"text-align: justify;\">Hoy tenemos con ustedeees al presideeeente municipaaaaal de Parral, Chihuahua&#8230; Alfredo, el caballo, Lozoooooya.<\/p>\n<p style=\"text-align: justify;\">Y el respetable, aplaude a rabiar.<\/p>\n<p style=\"text-align: justify;\">El caballo entra a paso firme, como rockstar, o como ministro religioso de esos que compran su programa en la tele.<\/p>\n<p style=\"text-align: justify;\">El aplauso es aut\u00e9ntico, y se da fe, que no han sido acarreados los casi seis mil aplaudidores de la tarde-noche en la capital del mundo.<\/p>\n<p style=\"text-align: justify;\">En primera fila sus parientes e invitados.<\/p>\n<p style=\"text-align: justify;\">El gobernador Corral con la boca abierta. El senador Samuel Garc\u00eda, Dante Delgado, algunos diputados federales, locales. Todo el cuerpo de regidores, y sentadillo por ah\u00ed con los cachetes muy chapeados, el g\u00fcerito Rodolfo Mart\u00ednez.<\/p>\n<p style=\"text-align: justify;\">\u201cHoy puedo decir con absoluta convicci\u00f3n que Parral es una mejor ciudad, con una infraestructura urbana de calidad, con un centro hist\u00f3rico reivindicado, con obra p\u00fablica en decidida por los ciudadanos, en todos los rincones del municipio\u201d. Dijo al iniciar su gran espect\u00e1culo.<\/p>\n<p style=\"text-align: justify;\">Y a\u00f1adi\u00f3: \u00aben Parral se trabaja con los ciudadanos y para los ciudadanos, lo cual se traduce en que la gente, est\u00e1 contenta\u00bb. Y la gente se desborda en algarab\u00eda.<\/p>\n<p style=\"text-align: justify;\">Entre los invitados especiales al evento, estuvieron: el rector de la UACH; la Titular de Servicios Educativos en la zona sur, Magdalena Orquiz Ch\u00e1vez; El Coronel de Infanter\u00eda D.E.M. Jos\u00e9 Luis Fern\u00e1ndez Morales, comandante del 76 Batall\u00f3n de Infanter\u00eda; el Diputado por el Distrito 21, Lorenzo Parga Amado; y obviamente, la Presidente del DIF, Sol S\u00e1nchez de Lozoya.<\/p>\n<p style=\"text-align: justify;\">Y dio inicio el espect\u00e1culo.<\/p>\n<p style=\"text-align: justify;\">\u201cParral est\u00e1 contento porque aqu\u00ed, gobiernan los ciudadanos:\u00bb comenz\u00f3.<\/p>\n<p style=\"text-align: justify;\">Y luego el cambio del modelo.<\/p>\n<p style=\"text-align: justify;\">&#8211; \u201cEste informe lo presenta la gente, no el Alcalde, porque en Parral, los ciudadanos son los que gobiernan. Este informe no lo voy a dar yo, porque en Parral la gente gobierna y ser\u00e1n ellos los que hablen de las acciones que ha impulsado su Gobierno durante este a\u00f1o\u00bb.<\/p>\n<p style=\"text-align: justify;\">Y cada uno de los 130 ciudadanos dieron cuenta de los principales logros del Gobierno de Parral.<\/p>\n<p style=\"text-align: justify;\">Y como gran finale&#8230; Tlaloc les regal\u00f3 la lluvia.<\/p>\n<p style=\"text-align: justify;\">Mientras tanto en Ciudad Ju\u00e1rez, \u00a1una bomba! Destituyen al jefe de la polic\u00eda, Realiv\u00e1zquez, y en su lugar, queda Ra\u00fal \u00c1vila Ibarra, quien extra\u00f1amente deja la comandancia nacional de todititos los federales, para hacerse cargo de la plaza&#8230; Digo, de la comandancia local. \u00bfRaro, no? En fin&#8230;<\/p>\n<p style=\"text-align: justify;\">Mientras en Parral todo es felicidad y la gente besuquea a su alcalde, en Ju\u00e1rez lo aborrecen.<\/p>\n<p style=\"text-align: justify;\">Mientras en la capital del mundo, Tlaloc se une al festejo, en Ju\u00e1rez, nubarrones que presagian el retorno de la violencia, los secuestros, la extorsi\u00f3n, la angustia, el dolor&#8230; La muerte.<\/p>\n<p style=\"text-align: justify;\">Estos son los escenarios del momento.<\/p>\n","protected":false},"excerpt":{"rendered":"<p>\u00abLa arena llena, de bote en bote&#8230;\u201d Dir\u00eda una popular canci\u00f3n, en la que se notifica al mundo, que el pueblo se junt\u00f3 para ver el gran espect\u00e1culo local.<\/p>\n","protected":false},"author":6,"featured_media":20894,"comment_status":"open","ping_status":"open","sticky":false,"template":"","format":"standard","meta":{"_acf_changed":false,"_monsterinsights_skip_tracking":false,"slim_seo":{"title":"Informe Parral - Opini\u00f3n P\u00fablica","description":"\"La arena llena, de bote en bote...\u201d Dir\u00eda una popular canci\u00f3n, en la que se notifica al mundo, que el pueblo se junt\u00f3 para ver el gran espect\u00e1culo local. La mu"},"footnotes":""},"categories":[21],"tags":[],"class_list":["post-20895","post","type-post","status-publish","format-standard","has-post-thumbnail","hentry","category-cartapacio"],"acf":[],"_links":{"self":[{"href":"https:\/\/www.opinionpublica.tv\/portada\/wp-json\/wp\/v2\/posts\/20895","targetHints":{"allow":["GET"]}}],"collection":[{"href":"https:\/\/www.opinionpublica.tv\/portada\/wp-json\/wp\/v2\/posts"}],"about":[{"href":"https:\/\/www.opinionpublica.tv\/portada\/wp-json\/wp\/v2\/types\/post"}],"author":[{"embeddable":true,"href":"https:\/\/www.opinionpublica.tv\/portada\/wp-json\/wp\/v2\/users\/6"}],"replies":[{"embeddable":true,"href":"https:\/\/www.opinionpublica.tv\/portada\/wp-json\/wp\/v2\/comments?post=20895"}],"version-history":[{"count":0,"href":"https:\/\/www.opinionpublica.tv\/portada\/wp-json\/wp\/v2\/posts\/20895\/revisions"}],"wp:featuredmedia":[{"embeddable":true,"href":"https:\/\/www.opinionpublica.tv\/portada\/wp-json\/wp\/v2\/media\/20894"}],"wp:attachment":[{"href":"https:\/\/www.opinionpublica.tv\/portada\/wp-json\/wp\/v2\/media?parent=20895"}],"wp:term":[{"taxonomy":"category","embeddable":true,"href":"https:\/\/www.opinionpublica.tv\/portada\/wp-json\/wp\/v2\/categories?post=20895"},{"taxonomy":"post_tag","embeddable":true,"href":"https:\/\/www.opinionpublica.tv\/portada\/wp-json\/wp\/v2\/tags?post=20895"}],"curies":[{"name":"wp","href":"https:\/\/api.w.org\/{rel}","templated":true}]}}