{"id":20890,"date":"2019-09-05T06:00:00","date_gmt":"2019-09-05T04:00:00","guid":{"rendered":"https:\/\/www.opinionpublica.tv\/portada\/2019\/09\/05\/arranca-en-arizona-la-construccion-del-muro-de-donald-trump-con-fondos-militares\/"},"modified":"2019-09-05T06:00:00","modified_gmt":"2019-09-05T04:00:00","slug":"arranca-en-arizona-la-construccion-del-muro-de-donald-trump-con-fondos-militares","status":"publish","type":"post","link":"https:\/\/www.opinionpublica.tv\/portada\/arranca-en-arizona-la-construccion-del-muro-de-donald-trump-con-fondos-militares\/","title":{"rendered":"Arranca en Arizona la construcci\u00f3n del muro de Donald Trump con fondos militares"},"content":{"rendered":"<p><img fetchpriority=\"high\" decoding=\"async\" class=\" size-full wp-image-20889\" src=\"https:\/\/www.opinionpublica.tv\/portada\/wp-content\/uploads\/2019\/09\/fad06d3c993dd44c62079efd25296a53.jpg\" alt=\"\" class=\"caption\" title=\"El Pent\u00e1gono de EU aportar\u00e1 3 mil 600 millones de d\u00f3lares para el muro de Trump.\" width=\"1050\" height=\"677\" srcset=\"https:\/\/www.opinionpublica.tv\/portada\/wp-content\/uploads\/2019\/09\/fad06d3c993dd44c62079efd25296a53.jpg 1050w, https:\/\/www.opinionpublica.tv\/portada\/wp-content\/uploads\/2019\/09\/fad06d3c993dd44c62079efd25296a53-300x193.jpg 300w, https:\/\/www.opinionpublica.tv\/portada\/wp-content\/uploads\/2019\/09\/fad06d3c993dd44c62079efd25296a53-1024x660.jpg 1024w, https:\/\/www.opinionpublica.tv\/portada\/wp-content\/uploads\/2019\/09\/fad06d3c993dd44c62079efd25296a53-768x495.jpg 768w\" sizes=\"(max-width: 1050px) 100vw, 1050px\" \/><br \/>\n<!--more--><\/p>\n<p style=\"text-align: justify;\"><em>Phoenix, Arizona, EU.<\/em>\u00a0La construcci\u00f3n de una parte del muro fronterizo financiada por el Pent\u00e1gono comenz\u00f3 esta semana cerca de Yuma, Arizona, justo cuando las autoridades federales publicaron una lista de los proyectos del Departamento de Defensa que se eliminar\u00e1n para poder pagar ese proyecto emblem\u00e1tico del presidente Donald Trump.<\/p>\n<p style=\"text-align: justify;\">Los detalles exactos del proyecto en Yuma no est\u00e1n claros, pero al parecer consistir\u00e1 de unos 8 kil\u00f3metros de vallas a lo largo del r\u00edo Colorado, en una secci\u00f3n de la frontera con M\u00e9xico que ha visto un gran aumento de familias migrantes en el \u00faltimo a\u00f1o.<\/p>\n<p style=\"text-align: justify;\">Las detenciones se han reducido mucho en los \u00faltimos dos meses debido al fuerte calor veraniego y las medidas severas que adopt\u00f3 el gobierno mexicano contra los migrantes.<\/p>\n<p style=\"text-align: justify;\">Los residentes y los defensores del medio ambiente se oponen al muro fronterizo ya que, argumentan, da\u00f1ar\u00e1 el h\u00e1bitat de la vida silvestre y los recursos h\u00eddricos. (La Jornada)<\/p>\n","protected":false},"excerpt":{"rendered":"","protected":false},"author":6,"featured_media":20889,"comment_status":"open","ping_status":"open","sticky":false,"template":"","format":"standard","meta":{"_acf_changed":false,"_monsterinsights_skip_tracking":false,"slim_seo":{"title":"Arranca en Arizona la construcci\u00f3n del muro de Donald Trump con fondos militares - Opini\u00f3n P\u00fablica","description":"Phoenix, Arizona, EU. \u00a0La construcci\u00f3n de una parte del muro fronterizo financiada por el Pent\u00e1gono comenz\u00f3 esta semana cerca de Yuma, Arizona, justo cuando las"},"footnotes":""},"categories":[3],"tags":[],"class_list":["post-20890","post","type-post","status-publish","format-standard","has-post-thumbnail","hentry","category-principal"],"acf":[],"_links":{"self":[{"href":"https:\/\/www.opinionpublica.tv\/portada\/wp-json\/wp\/v2\/posts\/20890","targetHints":{"allow":["GET"]}}],"collection":[{"href":"https:\/\/www.opinionpublica.tv\/portada\/wp-json\/wp\/v2\/posts"}],"about":[{"href":"https:\/\/www.opinionpublica.tv\/portada\/wp-json\/wp\/v2\/types\/post"}],"author":[{"embeddable":true,"href":"https:\/\/www.opinionpublica.tv\/portada\/wp-json\/wp\/v2\/users\/6"}],"replies":[{"embeddable":true,"href":"https:\/\/www.opinionpublica.tv\/portada\/wp-json\/wp\/v2\/comments?post=20890"}],"version-history":[{"count":0,"href":"https:\/\/www.opinionpublica.tv\/portada\/wp-json\/wp\/v2\/posts\/20890\/revisions"}],"wp:featuredmedia":[{"embeddable":true,"href":"https:\/\/www.opinionpublica.tv\/portada\/wp-json\/wp\/v2\/media\/20889"}],"wp:attachment":[{"href":"https:\/\/www.opinionpublica.tv\/portada\/wp-json\/wp\/v2\/media?parent=20890"}],"wp:term":[{"taxonomy":"category","embeddable":true,"href":"https:\/\/www.opinionpublica.tv\/portada\/wp-json\/wp\/v2\/categories?post=20890"},{"taxonomy":"post_tag","embeddable":true,"href":"https:\/\/www.opinionpublica.tv\/portada\/wp-json\/wp\/v2\/tags?post=20890"}],"curies":[{"name":"wp","href":"https:\/\/api.w.org\/{rel}","templated":true}]}}