{"id":20886,"date":"2019-09-05T06:00:00","date_gmt":"2019-09-05T04:00:00","guid":{"rendered":"https:\/\/www.opinionpublica.tv\/portada\/2019\/09\/05\/efemerides-5-de-septiembre-3\/"},"modified":"2019-09-05T06:00:00","modified_gmt":"2019-09-05T04:00:00","slug":"efemerides-5-de-septiembre-3","status":"publish","type":"post","link":"https:\/\/www.opinionpublica.tv\/portada\/efemerides-5-de-septiembre-3\/","title":{"rendered":"Efem\u00e9rides 5 de septiembre"},"content":{"rendered":"<img fetchpriority=\"high\" decoding=\"async\" class=\" size-full wp-image-20885\" src=\"https:\/\/www.opinionpublica.tv\/portada\/wp-content\/uploads\/2019\/09\/fddec944cbc44825ecaf177de786cb86.jpg\" alt=\"\" class=\"caption\" title=\"Este atentado contra Israel ha sido documentado en diversas pel\u00edculas y documentales.\" width=\"477\" height=\"322\" srcset=\"https:\/\/www.opinionpublica.tv\/portada\/wp-content\/uploads\/2019\/09\/fddec944cbc44825ecaf177de786cb86.jpg 477w, https:\/\/www.opinionpublica.tv\/portada\/wp-content\/uploads\/2019\/09\/fddec944cbc44825ecaf177de786cb86-300x203.jpg 300w\" sizes=\"(max-width: 477px) 100vw, 477px\" \/>\n<p style=\"text-align: justify;\">Un d\u00eda 5 de septiembre como hoy, pero de 1972, mueren en las Olimpiadas de M\u00fanich 11 atletas israel\u00edes y cinco guerrilleros del grupo antisemita denominado \u00abSeptiembre Negro\u00bb en el asalto de un comando palestino a su alojamiento.<\/p>\n<p><!--more--><\/p>\n<p style=\"text-align: justify;\"><strong>Otras efem\u00e9rides<\/strong><\/p>\n<p style=\"text-align: justify;\">1638.- Nace Luis XIV de Francia, &#8216;Rey Sol&#8217;.<\/p>\n<p style=\"text-align: justify;\">1800.- Conquista de Malta por el almirante ingl\u00e9s Horacio Nelson.<\/p>\n<p style=\"text-align: justify;\">1839.- Comienza la primera &#8216;guerra del opio&#8217; para contener la corrupci\u00f3n f\u00edsica y moral de China.<\/p>\n<p style=\"text-align: justify;\">1857.- Muere Auguste Comte, fil\u00f3sofo franc\u00e9s.<\/p>\n<p style=\"text-align: justify;\">1905.- Nace Arthur Koestler, escritor austroh\u00fangaro.<\/p>\n<p style=\"text-align: justify;\">1910.- Marie Curie y Andr\u00e9-Louis Debierne informan a la Academia de Ciencias sobre su preparado de radio en estado met\u00e1lico.<\/p>\n<p style=\"text-align: justify;\">1914.- Nace Nicanor Parra, poeta chileno.<\/p>\n<p style=\"text-align: justify;\">1920.- Alvaro Obreg\u00f3n es elegido presidente de M\u00e9xico.<\/p>\n<p style=\"text-align: justify;\">1921.- Inauguraci\u00f3n en Buenos Aires del Teatro Cervantes.<\/p>\n<p style=\"text-align: justify;\">1936.- La estadounidense Beryl Markham primera mujer que sobrevuela en solitario el Atl\u00e1ntico en direcci\u00f3n este-oeste.<\/p>\n<p style=\"text-align: justify;\">1940.- Nace Raquel Welch, actriz estadounidense.<\/p>\n<p style=\"text-align: justify;\">1942.- II Guerra Mundial: Los aliados bombardean El Havre y Bremen.<\/p>\n<p style=\"text-align: justify;\">1942.- Nace Werner Herzog, cineasta alem\u00e1n.<\/p>\n<p style=\"text-align: justify;\">1944.- Firma del tratado de constituci\u00f3n del Benelux (B\u00e9lgica, Holanda y Luxemburgo).<\/p>\n<p style=\"text-align: justify;\">1945.- El emperador Hiro Hito inaugura el Parlamento del Jap\u00f3n.<\/p>\n<p style=\"text-align: justify;\">1951.- M\u00e9xico termina el proceso de nacionalizaci\u00f3n del petr\u00f3leo con la compra de la compa\u00f1\u00eda \u00abCharro\u00bb (EEUU).<\/p>\n<p style=\"text-align: justify;\">1951.- El emir Talal ibn Abdulah es proclamado rey de Jordania.<\/p>\n<p style=\"text-align: justify;\">1957.- Sublevaci\u00f3n en Cienfuegos (Cuba) contra Fulgencio Batista por 200 marinos y un grupo de simpatizantes del Movimiento 26 de Julio: 600 ejecuciones.<\/p>\n<p style=\"text-align: justify;\">1960.- El poeta Leopoldo Sedar Senghor es elegido presidente de Senegal.<\/p>\n<p style=\"text-align: justify;\">1961.- Representantes de 24 pa\u00edses celebran en Belgrado la primera Conferencia de Pa\u00edses No Alineados.<\/p>\n<p style=\"text-align: justify;\">1965.- Nace C\u00e9sar Rinc\u00f3n, torero colombiano.<\/p>\n<p style=\"text-align: justify;\">1977.- EEUU lanza la sonda espacial \u00abVoyager I\u00bb para observar J\u00fapiter y Saturno.<\/p>\n<p style=\"text-align: justify;\">1981.- Inaugurado el I Congreso del sindicato polaco Solidaridad: Lech Walesa es confirmado presidente.<\/p>\n<p style=\"text-align: justify;\">1983.- Muere Antonio Mairena, cantaor espa\u00f1ol de flamenco.<\/p>\n<p style=\"text-align: justify;\">1986.- Asalto del Ej\u00e9rcito paquistan\u00ed a un avi\u00f3n de la Pan American secuestrado en Karachi por un comando armado: 17 muertos y cien heridos.<\/p>\n<p style=\"text-align: justify;\">1986.- Se declara un incendio en el Parque Nacional de las Tablas de Daimiel (Ciudad Real, Espa\u00f1a) que destruye un tercio del Parque.<\/p>\n<p style=\"text-align: justify;\">1989.- La Federaci\u00f3n Internacional de Atletismo desposee al atleta canadiense Ben Johnson por \u00abdoping\u00bb de su plusmarca mundial (1987) y convierte a Carl Lewis en \u00abrecordman\u00bb mundial.<\/p>\n<p style=\"text-align: justify;\">1991.- Aprobaci\u00f3n de la primera declaraci\u00f3n de derechos humanos y libertades en la URSS.<\/p>\n<p style=\"text-align: justify;\">1997.- Muere Teresa de Calcuta, religiosa indio-albanesa, Nobel de la Paz 1979.<\/p>\n<p style=\"text-align: justify;\">1998.- El presidente de EEUU, Bill Clinton, concluye su visita a Irlanda y reitera su apoyo al proceso de paz.<\/p>\n<p style=\"text-align: justify;\">1999.- Un atentado de la guerrilla isl\u00e1mica a un edificio militar ruso causa 30 muertos en Daguest\u00e1n.<\/p>\n<p style=\"text-align: justify;\">2002.- El FMI evita la suspensi\u00f3n de pagos de Argentina al prorrogar un a\u00f1o m\u00e1s el vencimiento de su deuda.<\/p>\n<p style=\"text-align: justify;\">2002.- El presidente de Afganist\u00e1n, Hamid Karzai, sale ileso de un atentado en Kandahar.<\/p>\n<p style=\"text-align: justify;\">2004.- El ex presidente costarricense Rafael \u00c1ngel Calder\u00f3n abandona el oficialista Partido Unidad Social Cristiana y se investiga su participaci\u00f3n en un esc\u00e1ndalo por corrupci\u00f3n.<\/p>\n<p style=\"text-align: justify;\">2005.- 150 muertos al estrellarse un avi\u00f3n en Medan, Sumatra (Indonesia).<\/p>\n<p style=\"text-align: justify;\">2005.- El venezolano Carlos Coste bate el r\u00e9cord del mundo de apnea en la modalidad de \u00abpeso constante\u00bb, al mejorar con 105 metros la marca anterior.<\/p>\n<p style=\"text-align: justify;\">2006.- El Tribunal Electoral proclama a Felipe Calder\u00f3n presidente electo de M\u00e9xico. L\u00f3pez Obrador rechaza el fallo por supuesto fraude electoral.<\/p>\n<p style=\"text-align: justify;\">2007.-El gobierno nicarag\u00fcense decreta \u00abel estado de desastre\u00bb, tras la cat\u00e1strofe humanitaria surgida tras el paso del devastador hurac\u00e1n \u00abF\u00e9lix\u00bb.<\/p>\n<p style=\"text-align: justify;\">2008.- Muere Eduardo Bergara Leumann, actor argentino.<\/p>\n<p style=\"text-align: justify;\">2010.- La cadena brit\u00e1nica BBC difunde un v\u00eddeo en el que la organizaci\u00f3n terrorista espa\u00f1ola ETA anuncia un \u00abalto el fuego\u00bb.<\/p>\n<p style=\"text-align: justify;\">2014.- Entra en vigor el alto el fuego entre Ucrania y los rebeldes con mediaci\u00f3n rusa y europea.<\/p>\n<p style=\"text-align: justify;\">2014.- El ex presidente salvadore\u00f1o Francisco Flores, pr\u00f3fugo de la justicia desde hac\u00eda cuatro meses por enriquecimiento il\u00edcito, se entrega ante la Justicia.<\/p>\n","protected":false},"excerpt":{"rendered":"<p>Un d\u00eda 5 de septiembre como hoy, pero de 1972, mueren en las Olimpiadas de M\u00fanich 11 atletas israel\u00edes y cinco guerrilleros del grupo antisemita denominado \u00abSeptiembre Negro\u00bb en el asalto de un comando palestino a su alojamiento.<\/p>\n","protected":false},"author":6,"featured_media":20885,"comment_status":"open","ping_status":"open","sticky":false,"template":"","format":"standard","meta":{"_acf_changed":false,"_monsterinsights_skip_tracking":false,"slim_seo":{"title":"Efem\u00e9rides 5 de septiembre - Opini\u00f3n P\u00fablica","description":"Un d\u00eda 5 de septiembre como hoy, pero de 1972, mueren en las Olimpiadas de M\u00fanich 11 atletas israel\u00edes y cinco guerrilleros del grupo antisemita denominado \"Sep"},"footnotes":""},"categories":[27],"tags":[],"class_list":["post-20886","post","type-post","status-publish","format-standard","has-post-thumbnail","hentry","category-un-dia-como-hoy"],"acf":[],"_links":{"self":[{"href":"https:\/\/www.opinionpublica.tv\/portada\/wp-json\/wp\/v2\/posts\/20886","targetHints":{"allow":["GET"]}}],"collection":[{"href":"https:\/\/www.opinionpublica.tv\/portada\/wp-json\/wp\/v2\/posts"}],"about":[{"href":"https:\/\/www.opinionpublica.tv\/portada\/wp-json\/wp\/v2\/types\/post"}],"author":[{"embeddable":true,"href":"https:\/\/www.opinionpublica.tv\/portada\/wp-json\/wp\/v2\/users\/6"}],"replies":[{"embeddable":true,"href":"https:\/\/www.opinionpublica.tv\/portada\/wp-json\/wp\/v2\/comments?post=20886"}],"version-history":[{"count":0,"href":"https:\/\/www.opinionpublica.tv\/portada\/wp-json\/wp\/v2\/posts\/20886\/revisions"}],"wp:featuredmedia":[{"embeddable":true,"href":"https:\/\/www.opinionpublica.tv\/portada\/wp-json\/wp\/v2\/media\/20885"}],"wp:attachment":[{"href":"https:\/\/www.opinionpublica.tv\/portada\/wp-json\/wp\/v2\/media?parent=20886"}],"wp:term":[{"taxonomy":"category","embeddable":true,"href":"https:\/\/www.opinionpublica.tv\/portada\/wp-json\/wp\/v2\/categories?post=20886"},{"taxonomy":"post_tag","embeddable":true,"href":"https:\/\/www.opinionpublica.tv\/portada\/wp-json\/wp\/v2\/tags?post=20886"}],"curies":[{"name":"wp","href":"https:\/\/api.w.org\/{rel}","templated":true}]}}