{"id":20878,"date":"2019-09-04T06:00:00","date_gmt":"2019-09-04T04:00:00","guid":{"rendered":"https:\/\/www.opinionpublica.tv\/portada\/2019\/09\/04\/vergonzoso-intentar-retener-presidencia-en-diputados-amlo\/"},"modified":"2019-09-04T06:00:00","modified_gmt":"2019-09-04T04:00:00","slug":"vergonzoso-intentar-retener-presidencia-en-diputados-amlo","status":"publish","type":"post","link":"https:\/\/www.opinionpublica.tv\/portada\/vergonzoso-intentar-retener-presidencia-en-diputados-amlo\/","title":{"rendered":"\u2018Vergonzoso intentar retener Presidencia en Diputados\u2019: AMLO"},"content":{"rendered":"<img fetchpriority=\"high\" decoding=\"async\" class=\" size-full wp-image-20877\" src=\"https:\/\/www.opinionpublica.tv\/portada\/wp-content\/uploads\/2019\/09\/0c93095fffd1b6b054368cda92071007.jpg\" alt=\"\" class=\"caption\" title=\"Andr\u00e9s Manuel L\u00f3pez Obrador, presidente de M\u00e9xico.\" width=\"664\" height=\"498\" srcset=\"https:\/\/www.opinionpublica.tv\/portada\/wp-content\/uploads\/2019\/09\/0c93095fffd1b6b054368cda92071007.jpg 664w, https:\/\/www.opinionpublica.tv\/portada\/wp-content\/uploads\/2019\/09\/0c93095fffd1b6b054368cda92071007-300x225.jpg 300w\" sizes=\"(max-width: 664px) 100vw, 664px\" \/>\n<p style=\"text-align: justify;\"><em>Ciudad de M\u00e9xico<\/em>.- El presidente de la Rep\u00fablica,\u00a0Andr\u00e9s Manuel L\u00f3pez Obrador, calific\u00f3 de vergonzosa la pretensi\u00f3n del\u00a0Movimiento de Regeneraci\u00f3n Nacional (Morena)\u00a0de retener por segundo a\u00f1o consecutivo la presidencia de la mesa directiva de la c\u00e1mara de diputados.<\/p>\n<p style=\"text-align: justify;\">Al celebrar la renuncia de\u00a0Porfirio Mu\u00f1oz Ledo\u00a0al frente del organismo camaral, el jefe del ejecutivo federal asever\u00f3 que la cuarta transformaci\u00f3n de M\u00e9xico no es una simulaci\u00f3n y por ello debe acabarse con las componendas y cumplir con la ley.<\/p>\n<p style=\"text-align: justify;\">\u201cQue se acabe con la simulaci\u00f3n, esa m\u00e1xima de que la ley se respeta en la forma para violarse en el fondo; nadie puede estar por encima de la ley, al margen de la ley nada y por encima de la ley nadie; yo celebro aunque corresponde a otro poder el que se haya resuelto respetar la ley en el caso del poder legislativo ; es decir que no se haya modificado la ley org\u00e1nica en el poder legislativo porque eso no debe de permitirse\u00bb.<\/p>\n<p style=\"text-align: justify;\">El presidente subray\u00f3 que su movimiento no lleg\u00f3 al poder para hacer lo mismo que hac\u00edan sus antecesores, sino para imponer un verdadero estado de derecho.<\/p>\n<p style=\"text-align: justify;\">Imag\u00ednense si nosotros, que estamos planteando una transformaci\u00f3n, permitimos eso, o un partido que porque tiene mayor\u00eda puede aprovechar para modificar una ley en beneficio personal, en beneficio de grupo, en beneficio de una facci\u00f3n, pues eso es retroceso.<\/p>\n<p style=\"text-align: justify;\">\u201cYo celebro que esto se haya resuelto bien. Yo no pod\u00eda meterme, pero era una verg\u00fcenza\u00bb expres\u00f3.<\/p>\n<p style=\"text-align: justify;\">L\u00f3pez Obrador estableci\u00f3 que esta postura debe aplicar en todos los casos, incluido el de\u00a0Baja California\u00a0donde hay una controversia por ampliar de 2 a 5 a\u00f1os el mandato del gobernador electo, Jaime Bonilla.<\/p>\n<p style=\"text-align: justify;\">Debe reducirse el n\u00famero de legisladores<\/p>\n<p style=\"text-align: justify;\">Luego de fijar postura por la renuncia voluntaria de Mu\u00f1oz Ledo, el presidente se mostr\u00f3 a favor de la iniciativa de\u00a0reducir el n\u00famero de legisladores\u00a0en el Congreso de la Uni\u00f3n.<\/p>\n<p style=\"text-align: justify;\">Dijo que se deben revisar todos los excesos que existen en el pa\u00eds, como por ejemplo lo oneroso que resulta mantener a los\u00a0organismos electorales\u00a0y el mismo caso es para los poderes.<\/p>\n<p style=\"text-align: justify;\">Se tiene que aplicar una pol\u00edtica de austeridad republicana de estado y reducir los gastos manteniendo principios y llevando a la pr\u00e1ctica la democracia\u00bb indic\u00f3 el presidente al aclarar que deben respetarse a todas las minor\u00edas. (Exc\u00e9lsior)<\/p>\n","protected":false},"excerpt":{"rendered":"<p>Ciudad de M\u00e9xico.- El presidente de la Rep\u00fablica,\u00a0Andr\u00e9s Manuel L\u00f3pez Obrador, calific\u00f3 de vergonzosa la pretensi\u00f3n del\u00a0Movimiento de Regeneraci\u00f3n Nacional (Morena)\u00a0de retener por segundo a\u00f1o consecutivo la presidencia de la mesa directiva de la c\u00e1mara de diputados. Al celebrar la renuncia de\u00a0Porfirio Mu\u00f1oz Ledo\u00a0al frente del organismo camaral, el jefe del ejecutivo federal asever\u00f3 que [&hellip;]<\/p>\n","protected":false},"author":6,"featured_media":20877,"comment_status":"open","ping_status":"open","sticky":false,"template":"","format":"standard","meta":{"_acf_changed":false,"_monsterinsights_skip_tracking":false,"slim_seo":{"title":"\u2018Vergonzoso intentar retener Presidencia en Diputados\u2019: AMLO - Opini\u00f3n P\u00fablica","description":"Ciudad de M\u00e9xico .- El presidente de la Rep\u00fablica,\u00a0Andr\u00e9s Manuel L\u00f3pez Obrador, calific\u00f3 de vergonzosa la pretensi\u00f3n del\u00a0Movimiento de Regeneraci\u00f3n Nacional (Mo"},"footnotes":""},"categories":[9],"tags":[],"class_list":["post-20878","post","type-post","status-publish","format-standard","has-post-thumbnail","hentry","category-nacional"],"acf":[],"_links":{"self":[{"href":"https:\/\/www.opinionpublica.tv\/portada\/wp-json\/wp\/v2\/posts\/20878","targetHints":{"allow":["GET"]}}],"collection":[{"href":"https:\/\/www.opinionpublica.tv\/portada\/wp-json\/wp\/v2\/posts"}],"about":[{"href":"https:\/\/www.opinionpublica.tv\/portada\/wp-json\/wp\/v2\/types\/post"}],"author":[{"embeddable":true,"href":"https:\/\/www.opinionpublica.tv\/portada\/wp-json\/wp\/v2\/users\/6"}],"replies":[{"embeddable":true,"href":"https:\/\/www.opinionpublica.tv\/portada\/wp-json\/wp\/v2\/comments?post=20878"}],"version-history":[{"count":0,"href":"https:\/\/www.opinionpublica.tv\/portada\/wp-json\/wp\/v2\/posts\/20878\/revisions"}],"wp:featuredmedia":[{"embeddable":true,"href":"https:\/\/www.opinionpublica.tv\/portada\/wp-json\/wp\/v2\/media\/20877"}],"wp:attachment":[{"href":"https:\/\/www.opinionpublica.tv\/portada\/wp-json\/wp\/v2\/media?parent=20878"}],"wp:term":[{"taxonomy":"category","embeddable":true,"href":"https:\/\/www.opinionpublica.tv\/portada\/wp-json\/wp\/v2\/categories?post=20878"},{"taxonomy":"post_tag","embeddable":true,"href":"https:\/\/www.opinionpublica.tv\/portada\/wp-json\/wp\/v2\/tags?post=20878"}],"curies":[{"name":"wp","href":"https:\/\/api.w.org\/{rel}","templated":true}]}}