{"id":20845,"date":"2019-09-01T06:00:00","date_gmt":"2019-09-01T04:00:00","guid":{"rendered":"https:\/\/www.opinionpublica.tv\/portada\/2019\/09\/01\/primer-informe-reconoce-lopez-obrador-que-recuperar-la-seguridad-es-su-principal-desafio\/"},"modified":"2019-09-01T06:00:00","modified_gmt":"2019-09-01T04:00:00","slug":"primer-informe-reconoce-lopez-obrador-que-recuperar-la-seguridad-es-su-principal-desafio","status":"publish","type":"post","link":"https:\/\/www.opinionpublica.tv\/portada\/primer-informe-reconoce-lopez-obrador-que-recuperar-la-seguridad-es-su-principal-desafio\/","title":{"rendered":"Primer Informe; reconoce L\u00f3pez Obrador que recuperar la seguridad es su principal desaf\u00edo"},"content":{"rendered":"<p><img fetchpriority=\"high\" decoding=\"async\" class=\" size-full wp-image-20844\" src=\"https:\/\/www.opinionpublica.tv\/portada\/wp-content\/uploads\/2019\/09\/96a6834879d0e478bfc912e898a3919b.jpg\" alt=\"\" class=\"caption\" title=\"Andr\u00e9s Manuel L\u00f3pez Obrador, presidente de M\u00e9xico en su Primer Informe de Gobierno.\" width=\"580\" height=\"391\" srcset=\"https:\/\/www.opinionpublica.tv\/portada\/wp-content\/uploads\/2019\/09\/96a6834879d0e478bfc912e898a3919b.jpg 580w, https:\/\/www.opinionpublica.tv\/portada\/wp-content\/uploads\/2019\/09\/96a6834879d0e478bfc912e898a3919b-300x202.jpg 300w\" sizes=\"(max-width: 580px) 100vw, 580px\" \/><br \/>\n<!--more--><\/p>\n<p style=\"text-align: justify;\"><em>Ciudad de M\u00e9xico<\/em>.- Durante el mensaje la Naci\u00f3n por su Primer Informe de Gobierno, el presidente de M\u00e9xico, Andr\u00e9s Manuel L\u00f3pez Obrador, reconoci\u00f3 este domingo que los resultados en materia de seguridad p\u00fablica no han sido favorables, pero asegur\u00f3 que afrontar\u00e1 esa problem\u00e1tica, a la que denomin\u00f3 como su \u2018principal desaf\u00edo\u2019.<\/p>\n<p style=\"text-align: justify;\">El mandatario nacional reconoci\u00f3 que garantizar la seguridad en el pa\u00eds es el principal desaf\u00edo de su Gobierno, a nueve meses de iniciado.<\/p>\n<p style=\"text-align: justify;\">\u201cTodav\u00eda tenemos que trabajar mucho porque no son buenos los resultados en cuanto a la disminuci\u00f3n de la incidencia delictiva en el Pa\u00eds y que est\u00e1 atendi\u00e9ndose el problema, pero constituye nuestro principal desaf\u00edo, yo soy un hombre de desaf\u00edos, de retos y soy perseverante y por eso puedo decir que estoy seguro de que vamos a lograr serenar al Pa\u00eds, se va a pacificar a M\u00e9xico, eso es un compromiso\u00bb, dijo previo al cierre de su mensaje por su Informe de Gobierno.<\/p>\n<p style=\"text-align: justify;\">Ante unos 500 invitados en el Patio de Honor de Palacio Nacional, el mandatario destac\u00f3 que este compromiso se lograr\u00e1 con el trabajo coordinado de todo el Gobierno, cerrando filas, todos juntos, sin permitir el contubernio de la delincuencia con la autoridad.<\/p>\n<p style=\"text-align: justify;\">\u201cCero impunidad, separando muy bien, marcando la l\u00ednea, la frontera, (&#8230;) nada de mezclar, eso se termina\u201d, dijo, lo que de nuevo fue aplaudido por los presentes.<\/p>\n<p style=\"text-align: justify;\">El que proteja a la delincuentes, advirti\u00f3, ir\u00e1 a la c\u00e1rcel sin derecho a fianza, ya que no hay influyentismo.<\/p>\n<p style=\"text-align: justify;\">\u201cVamos a conseguir que haya tranquilidad y paz\u201d, asever\u00f3.<\/p>\n<p style=\"text-align: justify;\">En otros tema, L\u00f3pez Obrador se\u00f1al\u00f3 que en los primeros nueve meses de su administraci\u00f3n\u00a0se consiguieron ahorros por 145 mil millones de pesos.<\/p>\n<p style=\"text-align: justify;\">Expuso que los lujos, los dispendios y la opulencia que caracterizaban el ejercicio del Poder Presidencial llegaron a su fin, pues el gobierno actual elimin\u00f3 los privilegios y prebendas que disfrutaban los funcionarios de alto nivel.<\/p>\n<p style=\"text-align: justify;\">\u201cHab\u00eda en el Ejecutivo federal funcionarios que ganaban hasta 700 mil pesos mensuales\u00bb, mencion\u00f3.<\/p>\n<p style=\"text-align: justify;\">En el marco del Primer Informe de Gobierno, el mandatario se\u00f1al\u00f3 que tambi\u00e9n se puso fin a la contrataci\u00f3n generalizada e indiscriminada de personal de confianza, a la asignaci\u00f3n abusiva de oficinas, mobiliario, veh\u00edculos, equipos de comunicaci\u00f3n y vi\u00e1ticos.<\/p>\n<p style=\"text-align: justify;\">Por ejemplo, dijo se cerraron 51 representaciones que existan en las principales ciudades del mundo llamadas ProM\u00e9xico, dedicadas supuestamente a la promoci\u00f3n del pa\u00eds, algo que en ninguna parte del pa\u00eds existe. \u201cNo existe ese tipo de oficinas\u201d.<\/p>\n<p style=\"text-align: justify;\">Asimismo,\u00a0se cancelaron las pensiones millonarias a los expresidentes, se elimin\u00f3 el pago de seguros para gastos m\u00e9dicos para los altos funcionarios que significa una erogaci\u00f3n de seis mil millones de pesos anuales.<\/p>\n<p style=\"text-align: justify;\">Luego de que hace unos d\u00edas se inform\u00f3 que la cancelaci\u00f3n del Nuevo Aeropuerto Internacional de la Ciudad de M\u00e9xico (NAIM) en Texcoco tuvo un costo de 71 mil millones de pesos, L\u00f3pez Obrador asegur\u00f3 que \u00e9sa fue la mejor decisi\u00f3n.<\/p>\n<p style=\"text-align: justify;\">\u00abYa terminamos de cumplir con el compromiso que no \u00edbamos a quedar a deber absolutamente nada con esta obra\u201d, dijo al destacar las acciones emprendidas en estos nueve meses de gobierno para frenar dicha obra, la cual, se\u00f1al\u00f3, ten\u00eda irregularidades.<\/p>\n<p style=\"text-align: justify;\">As\u00ed mismo, el presidente exhort\u00f3 al Congreso de la Uni\u00f3n a eliminar el fuero a los servidores p\u00fablicos, as\u00ed como a la figura del titular del Ejecutivo federal, as\u00ed como avalar la consulta popular y la revocaci\u00f3n de mandato, y reiter\u00f3 su llamado a los legisladores para que los servidores p\u00fablicos, incluyendo la figura del presidente, no cuenten con el fuero.<\/p>\n<p style=\"text-align: justify;\">Adem\u00e1s, llam\u00f3 a los legisladores a aprobar el m\u00e9todo para llevar a cabo en el pa\u00eds las consultas ciudadanas para que los mexicanos sean parte en las tomas de decisiones del pa\u00eds.<\/p>\n","protected":false},"excerpt":{"rendered":"","protected":false},"author":6,"featured_media":20844,"comment_status":"open","ping_status":"open","sticky":false,"template":"","format":"standard","meta":{"_acf_changed":false,"_monsterinsights_skip_tracking":false,"slim_seo":{"title":"Primer Informe; reconoce L\u00f3pez Obrador que recuperar la seguridad es su principal desaf\u00edo - Opini\u00f3n P\u00fablica","description":"Ciudad de M\u00e9xico .- Durante el mensaje la Naci\u00f3n por su Primer Informe de Gobierno, el presidente de M\u00e9xico, Andr\u00e9s Manuel L\u00f3pez Obrador, reconoci\u00f3 este domingo"},"footnotes":""},"categories":[3],"tags":[],"class_list":["post-20845","post","type-post","status-publish","format-standard","has-post-thumbnail","hentry","category-principal"],"acf":[],"_links":{"self":[{"href":"https:\/\/www.opinionpublica.tv\/portada\/wp-json\/wp\/v2\/posts\/20845","targetHints":{"allow":["GET"]}}],"collection":[{"href":"https:\/\/www.opinionpublica.tv\/portada\/wp-json\/wp\/v2\/posts"}],"about":[{"href":"https:\/\/www.opinionpublica.tv\/portada\/wp-json\/wp\/v2\/types\/post"}],"author":[{"embeddable":true,"href":"https:\/\/www.opinionpublica.tv\/portada\/wp-json\/wp\/v2\/users\/6"}],"replies":[{"embeddable":true,"href":"https:\/\/www.opinionpublica.tv\/portada\/wp-json\/wp\/v2\/comments?post=20845"}],"version-history":[{"count":0,"href":"https:\/\/www.opinionpublica.tv\/portada\/wp-json\/wp\/v2\/posts\/20845\/revisions"}],"wp:featuredmedia":[{"embeddable":true,"href":"https:\/\/www.opinionpublica.tv\/portada\/wp-json\/wp\/v2\/media\/20844"}],"wp:attachment":[{"href":"https:\/\/www.opinionpublica.tv\/portada\/wp-json\/wp\/v2\/media?parent=20845"}],"wp:term":[{"taxonomy":"category","embeddable":true,"href":"https:\/\/www.opinionpublica.tv\/portada\/wp-json\/wp\/v2\/categories?post=20845"},{"taxonomy":"post_tag","embeddable":true,"href":"https:\/\/www.opinionpublica.tv\/portada\/wp-json\/wp\/v2\/tags?post=20845"}],"curies":[{"name":"wp","href":"https:\/\/api.w.org\/{rel}","templated":true}]}}