{"id":20834,"date":"2019-09-01T06:00:00","date_gmt":"2019-09-01T04:00:00","guid":{"rendered":"https:\/\/www.opinionpublica.tv\/portada\/2019\/09\/01\/tres-propositos\/"},"modified":"2019-09-01T06:00:00","modified_gmt":"2019-09-01T04:00:00","slug":"tres-propositos","status":"publish","type":"post","link":"https:\/\/www.opinionpublica.tv\/portada\/tres-propositos\/","title":{"rendered":"Tres prop\u00f3sitos"},"content":{"rendered":"<img fetchpriority=\"high\" decoding=\"async\" class=\" size-full wp-image-20833\" src=\"https:\/\/www.opinionpublica.tv\/portada\/wp-content\/uploads\/2019\/09\/d9a30c76bc64f924c74402cd775fa9b5.jpg\" alt=\"\" class=\"caption\" title=\"Ra\u00fal Ruiz G\u00f3mez.\" width=\"245\" height=\"262\" \/>\n<p style=\"text-align: justify;\">Hace mucho que no toco un tema nacional.\u00a0Los acontecimientos locales han estado muy interesantes.<\/p>\n<p><!--more--><\/p>\n<p style=\"text-align: justify;\">Sobre todo en el preludio electoral y la composici\u00f3n de los organismos pol\u00edticos que se aprestan a la lucha por el poder en el 2021 para el Estado de Chihuahua.<\/p>\n<p style=\"text-align: justify;\">Me preguntan algunos amigos cercanos sobre la actuaci\u00f3n del presidente Andr\u00e9s Manuel L\u00f3pez Obrador y la confianza o desconfianza que debemos tener a su gobierno.<\/p>\n<p style=\"text-align: justify;\">Est\u00e1 muy claro que la andanada medi\u00e1tica contra su gobierno, es muy poderosa a base de hacer diaria denostaci\u00f3n de su trabajo; la metralla medi\u00e1tica, termina por hacer dudar a los que un d\u00eda confiaron en su mandato y ahora comienzan a pensar diferente.<\/p>\n<p style=\"text-align: justify;\">Al escuchar al presidente, creo en su voluntad de mejorar a nuestro pa\u00eds.<\/p>\n<p style=\"text-align: justify;\">Hay voces negativas que sistem\u00e1ticamente van en contra de cualquier movimiento que hace durante el d\u00eda.<\/p>\n<p style=\"text-align: justify;\">Y amanuenses que desde su espacio editorial, hacen lo propio para formar una opini\u00f3n negativa a su trabajo pol\u00edtico.<\/p>\n<p style=\"text-align: justify;\">Mi respuesta a los amigos cercanos \u00e1cido en el siguiente tenor:<\/p>\n<p style=\"text-align: justify;\">Luego de una serie de actividades que han removido ra\u00edces profundas de corrupci\u00f3n, Andr\u00e9s Manuel L\u00f3pez Obrador ha manifestado que hay tres bases fundamentales para avanzar en su gobierno.<\/p>\n<p style=\"text-align: justify;\">Tres prop\u00f3sitos por los cuales los mexicanos no podemos dudar.<\/p>\n<ol style=\"text-align: justify;\">\n<li>El crecimiento econ\u00f3mico. Los resultados inmediatos, indican que pr\u00e1cticamente no hubo crecimiento econ\u00f3mico en el primer trimestre de su mandato. Y fue suficiente para que sus adversarios hicieran mofa de tal situaci\u00f3n.<\/li>\n<\/ol>\n<p style=\"text-align: justify;\">Pero hacen un comparativo con los anteriores presidentes, s\u00f3lo lanzan sus dardos venenosos.<\/p>\n<p style=\"text-align: justify;\">Todos los presidentes, en el arranque, sufrieron el mismo problema. unos m\u00e1s y otros menos pero al fin y al cabo nuestro pa\u00eds no tuvo un crecimiento sustancial.<\/p>\n<p style=\"text-align: justify;\">AMLO, pide confianza, apenas son unos meses de su administraci\u00f3n y conf\u00eda en que el crecimiento ser\u00e1 amplio y m\u00e1s cercano de lo que nos imaginamos.<\/p>\n<p style=\"text-align: justify;\">No s\u00f3lo \u00e9l lo manifiesta, apenas unos d\u00edas atr\u00e1s los empresarios gordos del pa\u00eds, encabezados por Carlos Slim, y la plana mayor de los empresarios con el presidente del consejo coordinador empresarial, al frente, lo expresaron ante los medios nacionales e internacionales, d\u00e1ndole su apoyo para procurar el crecimiento que todos los mexicanos merecemos.<\/p>\n<ol style=\"text-align: justify;\" start=\"2\">\n<li>Bienestar para todos los mexicanos.<\/li>\n<\/ol>\n<p style=\"text-align: justify;\">es posible que mis lectores no tengan el reflejo inmediato de lo que para Andr\u00e9s Manuel significa el bienestar para los mexicanos.<\/p>\n<p style=\"text-align: justify;\">\u00bfPor qu\u00e9?<\/p>\n<p style=\"text-align: justify;\">Porque ha comenzado a beneficiar al sector m\u00e1s desprotegido. Si hacemos una encuesta en los lugares apartados del pa\u00eds, la poblaci\u00f3n se desborda en agradecimiento por las primeras acciones y beneficios recibidos por el presidente de M\u00e9xico.<\/p>\n<ol style=\"text-align: justify;\" start=\"3\">\n<li>Desterrar la corrupci\u00f3n.<\/li>\n<\/ol>\n<p style=\"text-align: justify;\">Este prop\u00f3sito Es quiz\u00e1s el m\u00e1s duro de realizar.<\/p>\n<p style=\"text-align: justify;\">Nuestra sociedad est\u00e1 enferma de corrupci\u00f3n en todos los niveles de gobierno y de la poblaci\u00f3n misma.<\/p>\n<p style=\"text-align: justify;\">Una lucha interminable que a mi juicio ser\u00e1 casi imposible de erradicar.<\/p>\n<p style=\"text-align: justify;\">Sin embargo, el prop\u00f3sito fundamental para su transformaci\u00f3n Nacional lo significa esta persistente lucha contra la corrupci\u00f3n; pienso que debemos apoyar para que seamos un pa\u00eds transparente y productivo.<\/p>\n<p style=\"text-align: justify;\">Este es uno de los escenarios que tenemos para el fin de semana.<\/p>\n","protected":false},"excerpt":{"rendered":"<p>Hace mucho que no toco un tema nacional.\u00a0Los acontecimientos locales han estado muy interesantes.<\/p>\n","protected":false},"author":6,"featured_media":20833,"comment_status":"open","ping_status":"open","sticky":false,"template":"","format":"standard","meta":{"_acf_changed":false,"_monsterinsights_skip_tracking":false,"slim_seo":{"title":"Tres prop\u00f3sitos - Opini\u00f3n P\u00fablica","description":"Hace mucho que no toco un tema nacional.\u00a0Los acontecimientos locales han estado muy interesantes. Sobre todo en el preludio electoral y la composici\u00f3n de los or"},"footnotes":""},"categories":[21],"tags":[],"class_list":["post-20834","post","type-post","status-publish","format-standard","has-post-thumbnail","hentry","category-cartapacio"],"acf":[],"_links":{"self":[{"href":"https:\/\/www.opinionpublica.tv\/portada\/wp-json\/wp\/v2\/posts\/20834","targetHints":{"allow":["GET"]}}],"collection":[{"href":"https:\/\/www.opinionpublica.tv\/portada\/wp-json\/wp\/v2\/posts"}],"about":[{"href":"https:\/\/www.opinionpublica.tv\/portada\/wp-json\/wp\/v2\/types\/post"}],"author":[{"embeddable":true,"href":"https:\/\/www.opinionpublica.tv\/portada\/wp-json\/wp\/v2\/users\/6"}],"replies":[{"embeddable":true,"href":"https:\/\/www.opinionpublica.tv\/portada\/wp-json\/wp\/v2\/comments?post=20834"}],"version-history":[{"count":0,"href":"https:\/\/www.opinionpublica.tv\/portada\/wp-json\/wp\/v2\/posts\/20834\/revisions"}],"wp:featuredmedia":[{"embeddable":true,"href":"https:\/\/www.opinionpublica.tv\/portada\/wp-json\/wp\/v2\/media\/20833"}],"wp:attachment":[{"href":"https:\/\/www.opinionpublica.tv\/portada\/wp-json\/wp\/v2\/media?parent=20834"}],"wp:term":[{"taxonomy":"category","embeddable":true,"href":"https:\/\/www.opinionpublica.tv\/portada\/wp-json\/wp\/v2\/categories?post=20834"},{"taxonomy":"post_tag","embeddable":true,"href":"https:\/\/www.opinionpublica.tv\/portada\/wp-json\/wp\/v2\/tags?post=20834"}],"curies":[{"name":"wp","href":"https:\/\/api.w.org\/{rel}","templated":true}]}}