{"id":20828,"date":"2019-09-01T06:00:00","date_gmt":"2019-09-01T04:00:00","guid":{"rendered":"https:\/\/www.opinionpublica.tv\/portada\/2019\/09\/01\/eliminar-del-cuerpo-el-apendice-podria-evitar-enfermedad-de-parkinson\/"},"modified":"2019-09-01T06:00:00","modified_gmt":"2019-09-01T04:00:00","slug":"eliminar-del-cuerpo-el-apendice-podria-evitar-enfermedad-de-parkinson","status":"publish","type":"post","link":"https:\/\/www.opinionpublica.tv\/portada\/eliminar-del-cuerpo-el-apendice-podria-evitar-enfermedad-de-parkinson\/","title":{"rendered":"Eliminar el ap\u00e9ndice podr\u00eda evitar la enfermedad de Parkinson"},"content":{"rendered":"<p><img fetchpriority=\"high\" decoding=\"async\" class=\" size-full wp-image-20827\" src=\"https:\/\/www.opinionpublica.tv\/portada\/wp-content\/uploads\/2019\/09\/8096cd76f7d077f9dd195e6c104e5a44.jpg\" alt=\"\" class=\"caption\" title=\"El ap\u00e9ndice resguarda elementos que propician la enfermedad de Parkinson.\" width=\"318\" height=\"184\" srcset=\"https:\/\/www.opinionpublica.tv\/portada\/wp-content\/uploads\/2019\/09\/8096cd76f7d077f9dd195e6c104e5a44.jpg 318w, https:\/\/www.opinionpublica.tv\/portada\/wp-content\/uploads\/2019\/09\/8096cd76f7d077f9dd195e6c104e5a44-300x174.jpg 300w\" sizes=\"(max-width: 318px) 100vw, 318px\" \/><br \/>\n<!--more--><\/p>\n<p style=\"text-align: justify;\">Despu\u00e9s de estudiar m\u00e1s de un mill\u00f3n de expedientes cl\u00ednicos de ciudadanos suecos, un equipo de cient\u00edficos ha determinado que en el ap\u00e9ndice se podr\u00eda estar originando\u00a0el mal de Parkinson, informa el peri\u00f3dico brit\u00e1nico\u00a0The Guardian.<\/p>\n<p style=\"text-align: justify;\">Se menciona tambi\u00e9n que quienes les extirpan ese \u00f3rgano durante su juventud les disminuye el riesgo de padecer la enfermedad de Parkinson en un 19%.<\/p>\n<p style=\"text-align: justify;\"><strong>\u00bfEs innecesario el ap\u00e9ndice?<\/strong><\/p>\n<p style=\"text-align: justify;\">La doctora Viviane Labrie, profesora asistente en el Instituto de Investigaci\u00f3n Van Andel en Michigan y autora principal del estudio, indic\u00f3 que a las personas que les fue extirpado este \u00f3rgano cuando eran j\u00f3venes\u00a0disminuyen un 19% el riesgo de desarrollar ese trastorno neurodegenerativo.<\/p>\n<p style=\"text-align: justify;\">La causa radicar\u00eda en que esa extensi\u00f3n del intestino ejerce una funci\u00f3n que le permite almacenar\u00a0prote\u00ednas\u00a0alfa-sinucle\u00ednas, asociadas con el origen y progreso del p\u00e1rkinson, y se estima que esa enfermedad se desarrolla cuando hay fugas y se depositan en el nervio vago o\u00a0nervio neumog\u00e1strico, que pone en contacto el est\u00f3mago y el tronco cerebral.<\/p>\n<p style=\"text-align: justify;\">\u201cPese a que su reputaci\u00f3n se\u00f1ala que en gran parte es innecesario, realmente el ap\u00e9ndice realiza un papel significativo en nuestro sistema inmunol\u00f3gico, siendo regulador de la composici\u00f3n de nuestras\u00a0bacterias intestinales\u00a0y ahora, como se observa en este estudio, en el mal de Parkinson\u201d, explic\u00f3 la doctora\u00a0Labrie.<\/p>\n<p style=\"text-align: justify;\">Sin embargo,\u00a0eliminar\u00a0el ap\u00e9ndice del cuerpo no supondr\u00eda una garant\u00eda total para evitar el p\u00e1rkinson, dado que la fuente de ese trastorno puede tambi\u00e9n encontrarse en otras partes del organismo humano. (Grandes Medios)<\/p>\n","protected":false},"excerpt":{"rendered":"","protected":false},"author":6,"featured_media":20827,"comment_status":"open","ping_status":"open","sticky":false,"template":"","format":"standard","meta":{"_acf_changed":false,"_monsterinsights_skip_tracking":false,"slim_seo":{"title":"Eliminar el ap\u00e9ndice podr\u00eda evitar la enfermedad de Parkinson - Opini\u00f3n P\u00fablica","description":"Despu\u00e9s de estudiar m\u00e1s de un mill\u00f3n de expedientes cl\u00ednicos de ciudadanos suecos, un equipo de cient\u00edficos ha determinado que en el ap\u00e9ndice se podr\u00eda estar or"},"footnotes":""},"categories":[28],"tags":[],"class_list":["post-20828","post","type-post","status-publish","format-standard","has-post-thumbnail","hentry","category-bienestar-salud"],"acf":[],"_links":{"self":[{"href":"https:\/\/www.opinionpublica.tv\/portada\/wp-json\/wp\/v2\/posts\/20828","targetHints":{"allow":["GET"]}}],"collection":[{"href":"https:\/\/www.opinionpublica.tv\/portada\/wp-json\/wp\/v2\/posts"}],"about":[{"href":"https:\/\/www.opinionpublica.tv\/portada\/wp-json\/wp\/v2\/types\/post"}],"author":[{"embeddable":true,"href":"https:\/\/www.opinionpublica.tv\/portada\/wp-json\/wp\/v2\/users\/6"}],"replies":[{"embeddable":true,"href":"https:\/\/www.opinionpublica.tv\/portada\/wp-json\/wp\/v2\/comments?post=20828"}],"version-history":[{"count":0,"href":"https:\/\/www.opinionpublica.tv\/portada\/wp-json\/wp\/v2\/posts\/20828\/revisions"}],"wp:featuredmedia":[{"embeddable":true,"href":"https:\/\/www.opinionpublica.tv\/portada\/wp-json\/wp\/v2\/media\/20827"}],"wp:attachment":[{"href":"https:\/\/www.opinionpublica.tv\/portada\/wp-json\/wp\/v2\/media?parent=20828"}],"wp:term":[{"taxonomy":"category","embeddable":true,"href":"https:\/\/www.opinionpublica.tv\/portada\/wp-json\/wp\/v2\/categories?post=20828"},{"taxonomy":"post_tag","embeddable":true,"href":"https:\/\/www.opinionpublica.tv\/portada\/wp-json\/wp\/v2\/tags?post=20828"}],"curies":[{"name":"wp","href":"https:\/\/api.w.org\/{rel}","templated":true}]}}